{"id":61300,"date":"2024-11-04T18:37:39","date_gmt":"2024-11-04T21:37:39","guid":{"rendered":"https:\/\/www.paranapraia.com.br\/?p=61300"},"modified":"2024-11-04T18:37:41","modified_gmt":"2024-11-04T21:37:41","slug":"bombeiros-militares-do-parana-disputam-mundial-de-salvamento-veicular-em-portugal","status":"publish","type":"post","link":"https:\/\/www.paranapraia.com.br\/index.php\/2024\/11\/04\/bombeiros-militares-do-parana-disputam-mundial-de-salvamento-veicular-em-portugal\/","title":{"rendered":"Bombeiros militares do Paran\u00e1 disputam mundial de salvamento veicular em Portugal"},"content":{"rendered":"\n<p>A Praia da Vit\u00f3ria, nos A\u00e7ores, arquip\u00e9lago pertencente a Portugal, ser\u00e1 palco do mais novo desafio da equipe de salvamento veicular do 4\u00ba Grupamento (4\u00ba GB) do Corpo de Bombeiros Militar do Paran\u00e1 (CBMPR). O grupo de Cascavel vai participar do World Rescue Challenge 2024, o mundial da modalidade, que consiste no salvamento de v\u00edtimas em simula\u00e7\u00f5es de acidentes automobil\u00edsticos. V\u00e3o disputar profissionais de 20 pa\u00edses.&nbsp;<\/p>\n\n\n\n<p>A competi\u00e7\u00e3o come\u00e7a nesta ter\u00e7a-feira (05) e segue at\u00e9 segunda-feira (09).&nbsp; Al\u00e9m dos seis bombeiros da equipe, que em outubro se tornou bicampe\u00e3 estadual de salvamento veicular, o Paran\u00e1 tamb\u00e9m ser\u00e1 representado na outra ponta do Oceano Atl\u00e2ntico pelo major \u00cdcaro Gabriel Greinert, primeiro brasileiro a participar da disputa como avaliador.<\/p>\n\n\n\n<p>O major Gabriel \u00e9 um dos pioneiros na presen\u00e7a do Paran\u00e1 e do Brasil entre os principais protagonistas do salvamento veicular mundial. Em 2014, ele integrou a primeira equipe do pa\u00eds a disputar a competi\u00e7\u00e3o, promovida pela World Rescue Organization \u2013 entidade que hoje agrega 40 na\u00e7\u00f5es. Cinco anos depois, recebeu sua certifica\u00e7\u00e3o como avaliador internacional, tendo sido escolhido agora para atuar na avalia\u00e7\u00e3o de comando.<\/p>\n\n\n\n<p>As equipes de salvamento veicular s\u00e3o compostas por tr\u00eas fun\u00e7\u00f5es, todas analisadas independentemente pelos observadores: comando, que \u00e9 quem lidera a a\u00e7\u00e3o de resgate; t\u00e9cnicos, respons\u00e1veis pela execu\u00e7\u00e3o das t\u00e9cnicas de resgate; e m\u00e9dicos, que realizam o primeiro atendimento \u00e0s v\u00edtimas retiradas dos ve\u00edculos.<\/p>\n\n\n\n<p>\u201cA import\u00e2ncia desse evento \u00e9 trazermos conhecimento para o Brasil. Isso tem acontecido de maneira bastante acelerada com os desafios internacionais, inclusive com a participa\u00e7\u00e3o da equipe paranaense\u201d, comenta o major Gabriel, que tamb\u00e9m \u00e9 o comandante do Grupo de Opera\u00e7\u00f5es de Socorro T\u00e1tico (GOST) do CBMPR.<\/p>\n\n\n\n<p>\u201cPara mim, que estou desde 2014 nesse processo, \u00e9 uma satisfa\u00e7\u00e3o pessoal ter sido escolhido entre profissionais do mundo inteiro. O Mundial vai colocar \u00e0 prova todo conhecimento que adquiri ao longo dos anos para fazer uma avalia\u00e7\u00e3o bastante consistente e justa\u201d, disse ele.\u201c\u00c9 uma honra enorme, mas eu vejo mais como uma grande responsabilidade\u201d, concluiu.<\/p>\n\n\n\n<p><strong>P\u00d3DIO &#8211;<\/strong>&nbsp;Quem tamb\u00e9m vem acumulando experi\u00eancia \u00e9 a equipe do 4\u00ba GB. Seus integrantes subiram ao topo do p\u00f3dio estadual nos \u00faltimos dois anos e seguem dando muito trabalho aos advers\u00e1rios no Desafio Nacional de Resgate Veicular, com um 2\u00ba lugar, em 2022, e um 3\u00ba lugar, em 2023.<\/p>\n\n\n\n<p>Esse bom desempenho nacional garantiu a vaga para o Mundial de 2023, na Espanha, e de 2024, em Portugal. O time, que treina de duas a tr\u00eas vezes por semana, estava ainda classificado para o Nacional deste ano, em Belo Horizonte, mas o evento acabou cancelado, devendo ficar para o in\u00edcio de 2025.<\/p>\n\n\n\n<p>&#8220;Para realizar um atendimento de alta qualidade, seja na competi\u00e7\u00e3o ou nos acidentes de tr\u00e2nsitos nas ruas, \u00e9 necess\u00e1rio que a equipe esteja plenamente treinada e capacitada. As competi\u00e7\u00f5es s\u00e3o importantes porque estimulam a treinar ainda mais, levando a uma evolu\u00e7\u00e3o constante\u201d, explicou o&nbsp; 1\u00ba tenente William Steffen Risardi, comandante da equipe de Cascavel. Ele lembrou, ainda, que esse mesmo grupo que disputa a competi\u00e7\u00e3o vai \u00e0s ruas no dia a dia para atender esse tipo de ocorr\u00eancia.<\/p>\n\n\n\n<p>Al\u00e9m disso, a equipe repassa o conhecimento t\u00e9cnico por meio de instru\u00e7\u00f5es a outros profissionais. A estimativa \u00e9 de que at\u00e9 600 profissionais, entre bombeiros militares do Paran\u00e1 e de outros estados, atendentes do SAMU e da Pol\u00edcia Rodovi\u00e1ria Federal, entre outros, j\u00e1 tenham sido orientados por eles desde 2021.<\/p>\n\n\n\n<p><strong>EQUIPE DE CASCAVEL &#8211;<\/strong>&nbsp;No evento nos A\u00e7ores, a equipe do CBMPR ser\u00e1 representada pelo 1\u00ba tenente William Steffen Risardi; pelos t\u00e9cnicos 1\u00ba tenente C\u00edcero Navega Vianna, 1\u00ba sargento Gl\u00e9ber Ant\u00f4nio Baranowski e 3\u00ba sargento Franciney Rodrigues, al\u00e9m do 3\u00ba sargento Edson Ribeiro dos Santos e do cabo Fernando Ita Ferres Gon\u00e7alves, como m\u00e9dicos.<\/p>\n\n\n\n<p>A competi\u00e7\u00e3o no arquip\u00e9lago portugu\u00eas ter\u00e1 36 concorrentes na modalidade desencarceramento, na qual est\u00e1 inclu\u00eddo o grupo do 4\u00baGB. Nessa disputa, cada equipe tem que superar tr\u00eas cen\u00e1rios com diferentes graus de complexidade e desafios, tanto em rela\u00e7\u00e3o \u00e0 posi\u00e7\u00e3o e riscos oferecidos pelos carros acidentados quanto em rela\u00e7\u00e3o \u00e0 situa\u00e7\u00e3o das v\u00edtimas.<\/p>\n\n\n\n<p>Avaliar o grau de urg\u00eancia de atendimento de cada v\u00edtima, devido \u00e0 gravidade dos ferimentos, e a dificuldade f\u00edsica para a remo\u00e7\u00e3o delas est\u00e3o entre os fatores decisivos no resultado final. Os componentes t\u00eam 25 minutos para completar cada miss\u00e3o.<\/p>\n\n\n\n<p>Outra modalidade em disputa no evento, sem presen\u00e7a paranaense, \u00e9 a de trauma, na qual dois socorristas realizam atendimentos emergenciais em dois cen\u00e1rios distintos. Eles t\u00eam 14 minutos para avalia\u00e7\u00e3o e tratamento, al\u00e9m de um minuto para a \u201centrega\u201d dos pacientes.<\/p>\n\n\n\n<p>Al\u00e9m do Paran\u00e1, Santa Catarina e Minas Gerais s\u00e3o os outros estados brasileiros que tamb\u00e9m enviaram representantes para a competi\u00e7\u00e3o, sendo um time de bombeiros militares de Chapec\u00f3 e um de Belo Horizonte, ambos para a disputa de desencarceramento, e outro de bombeiros volunt\u00e1rios de Ca\u00e7ador, na modalidade trauma.<\/p>\n\n\n\n<p>AEN<\/p>\n","protected":false},"excerpt":{"rendered":"<p>A Praia da Vit\u00f3ria, nos A\u00e7ores, arquip\u00e9lago pertencente a Portugal, ser\u00e1 palco do mais novo desafio da equipe de salvamento veicular do 4\u00ba Grupamento (4\u00ba GB) do Corpo de Bombeiros Militar do Paran\u00e1 (CBMPR). O grupo de Cascavel vai participar do World Rescue Challenge 2024, o mundial da modalidade, que consiste no salvamento de v\u00edtimas [&hellip;]<\/p>\n","protected":false},"author":2,"featured_media":61301,"comment_status":"open","ping_status":"open","sticky":false,"template":"","format":"standard","meta":{"advanced_seo_description":"","jetpack_seo_html_title":"","jetpack_seo_noindex":false,"_jetpack_memberships_contains_paid_content":false,"footnotes":""},"categories":[40],"tags":[],"class_list":{"0":"post-61300","1":"post","2":"type-post","3":"status-publish","4":"format-standard","5":"has-post-thumbnail","7":"category-destaques"},"jetpack_featured_media_url":"https:\/\/www.paranapraia.com.br\/wp-content\/uploads\/2024\/11\/veicular_2_cbmpr-scaled.jpg","jetpack_sharing_enabled":true,"_links":{"self":[{"href":"https:\/\/www.paranapraia.com.br\/index.php\/wp-json\/wp\/v2\/posts\/61300"}],"collection":[{"href":"https:\/\/www.paranapraia.com.br\/index.php\/wp-json\/wp\/v2\/posts"}],"about":[{"href":"https:\/\/www.paranapraia.com.br\/index.php\/wp-json\/wp\/v2\/types\/post"}],"author":[{"embeddable":true,"href":"https:\/\/www.paranapraia.com.br\/index.php\/wp-json\/wp\/v2\/users\/2"}],"replies":[{"embeddable":true,"href":"https:\/\/www.paranapraia.com.br\/index.php\/wp-json\/wp\/v2\/comments?post=61300"}],"version-history":[{"count":1,"href":"https:\/\/www.paranapraia.com.br\/index.php\/wp-json\/wp\/v2\/posts\/61300\/revisions"}],"predecessor-version":[{"id":61302,"href":"https:\/\/www.paranapraia.com.br\/index.php\/wp-json\/wp\/v2\/posts\/61300\/revisions\/61302"}],"wp:featuredmedia":[{"embeddable":true,"href":"https:\/\/www.paranapraia.com.br\/index.php\/wp-json\/wp\/v2\/media\/61301"}],"wp:attachment":[{"href":"https:\/\/www.paranapraia.com.br\/index.php\/wp-json\/wp\/v2\/media?parent=61300"}],"wp:term":[{"taxonomy":"category","embeddable":true,"href":"https:\/\/www.paranapraia.com.br\/index.php\/wp-json\/wp\/v2\/categories?post=61300"},{"taxonomy":"post_tag","embeddable":true,"href":"https:\/\/www.paranapraia.com.br\/index.php\/wp-json\/wp\/v2\/tags?post=61300"}],"curies":[{"name":"wp","href":"https:\/\/api.w.org\/{rel}","templated":true}]}}