{"id":61297,"date":"2024-11-04T17:29:01","date_gmt":"2024-11-04T20:29:01","guid":{"rendered":"https:\/\/www.paranapraia.com.br\/?p=61297"},"modified":"2024-11-04T17:29:03","modified_gmt":"2024-11-04T20:29:03","slug":"pcpr-inicia-segunda-fase-do-curso-de-padronizacao-para-policiais-civis-que-atuarao-no-verao-maior-parana","status":"publish","type":"post","link":"https:\/\/www.paranapraia.com.br\/index.php\/2024\/11\/04\/pcpr-inicia-segunda-fase-do-curso-de-padronizacao-para-policiais-civis-que-atuarao-no-verao-maior-parana\/","title":{"rendered":"PCPR inicia segunda fase do curso de padroniza\u00e7\u00e3o para policiais civis que atuar\u00e3o no Ver\u00e3o Maior Paran\u00e1"},"content":{"rendered":"\n<p>A Pol\u00edcia Civil do Paran\u00e1 (PCPR) deu in\u00edcio, nesta segunda-feira (4), \u00e0 segunda fase do curso de padroniza\u00e7\u00e3o dos procedimentos policiais para os servidores que atuar\u00e3o na opera\u00e7\u00e3o Ver\u00e3o Maior Paran\u00e1 2024\/2025, que ocorrer\u00e1 tanto no litoral quanto na regi\u00e3o noroeste do Estado. Dividida em quatro edi\u00e7\u00f5es, a capacita\u00e7\u00e3o \u00e9 obrigat\u00f3ria para todos os policiais que atuar\u00e3o na temporada.<\/p>\n\n\n\n<p>A padroniza\u00e7\u00e3o e atualiza\u00e7\u00e3o dos procedimentos de opera\u00e7\u00f5es policiais e das t\u00e9cnicas de tiro s\u00e3o essenciais para uniformizar o atendimento \u00e0 popula\u00e7\u00e3o e manter a seguran\u00e7a tanto dos servidores quanto dos cidad\u00e3os. A ado\u00e7\u00e3o de m\u00e9todos atualizados permite que os policiais atuem com maior precis\u00e3o e controle em situa\u00e7\u00f5es cr\u00edticas, fortalecendo a atua\u00e7\u00e3o da PCPR em opera\u00e7\u00f5es conjuntas, no atendimento de ocorr\u00eancias e no combate ao crime.<\/p>\n\n\n\n<p>A atualiza\u00e7\u00e3o nos Procedimentos Eletr\u00f4nicos de Pol\u00edcia Judici\u00e1ria \u00e9 outra etapa importante para a excel\u00eancia no trabalho policial. Esse processo permite que autos de pris\u00e3o em flagrante sejam realizados de forma mais \u00e1gil e segura, reduzindo o tempo na delegacia e liberando rapidamente os policiais para retornar ao patrulhamento e \u00e0 investiga\u00e7\u00e3o nas ruas. Esse aprimoramento garante mais efici\u00eancia nas opera\u00e7\u00f5es e um melhor atendimento \u00e0 popula\u00e7\u00e3o.<\/p>\n\n\n\n<p>\u201cO curso unifica m\u00e9todos e refor\u00e7a a atua\u00e7\u00e3o dos nossos servidores, refletindo diretamente na qualidade do atendimento que prestamos \u00e0 popula\u00e7\u00e3o,\u201d explica o delegado Get\u00falio de Moraes Vargas, coordenador da PCPR no Ver\u00e3o Maior Paran\u00e1.&nbsp;<\/p>\n\n\n\n<p>Ele destaca que agentes, papiloscopistas e delegados passar\u00e3o por treinamentos te\u00f3ricos e pr\u00e1ticos com o objetivo de uniformizar o atendimento ao p\u00fablico.<\/p>\n\n\n\n<p>O delegado Rodrigo Brown, coordenador operacional da PCPR no Ver\u00e3o Maior Paran\u00e1, ressalta as atualiza\u00e7\u00f5es do curso.<\/p>\n\n\n\n<p>\u201cOs temas abordados no curso, como o manuseio de armamento e os procedimentos eletr\u00f4nicos, s\u00e3o essenciais para uma atua\u00e7\u00e3o r\u00e1pida e eficiente, aumentando a seguran\u00e7a da comunidade\u201d, afirma.<\/p>\n\n\n\n<p>GRADE DE MAT\u00c9RIAS &#8211; Ao longo da capacita\u00e7\u00e3o, os policiais civis tiveram acesso a uma grade de mat\u00e9rias abrangente, fundamental para suas fun\u00e7\u00f5es no Ver\u00e3o Maior Paran\u00e1. Entre as disciplinas est\u00e3o relacionamento com a imprensa, atendimento ao p\u00fablico, cust\u00f3dia de presos, opera\u00e7\u00f5es policiais e elabora\u00e7\u00e3o de boletins de ocorr\u00eancia. As aulas sobre o sistema PPJE, procedimentos em centrais de flagrantes e t\u00e9cnicas de tiro visam garantir uma atua\u00e7\u00e3o coordenada e eficiente, com foco em promover a seguran\u00e7a e o atendimento adequado \u00e0s necessidades da popula\u00e7\u00e3o.<\/p>\n\n\n\n<p>Assessoria<\/p>\n","protected":false},"excerpt":{"rendered":"<p>A Pol\u00edcia Civil do Paran\u00e1 (PCPR) deu in\u00edcio, nesta segunda-feira (4), \u00e0 segunda fase do curso de padroniza\u00e7\u00e3o dos procedimentos policiais para os servidores que atuar\u00e3o na opera\u00e7\u00e3o Ver\u00e3o Maior Paran\u00e1 2024\/2025, que ocorrer\u00e1 tanto no litoral quanto na regi\u00e3o noroeste do Estado. Dividida em quatro edi\u00e7\u00f5es, a capacita\u00e7\u00e3o \u00e9 obrigat\u00f3ria para todos os policiais [&hellip;]<\/p>\n","protected":false},"author":2,"featured_media":61298,"comment_status":"open","ping_status":"open","sticky":false,"template":"","format":"standard","meta":{"advanced_seo_description":"","jetpack_seo_html_title":"","jetpack_seo_noindex":false,"_jetpack_memberships_contains_paid_content":false,"footnotes":""},"categories":[33],"tags":[],"class_list":{"0":"post-61297","1":"post","2":"type-post","3":"status-publish","4":"format-standard","5":"has-post-thumbnail","7":"category-policia"},"jetpack_featured_media_url":"https:\/\/www.paranapraia.com.br\/wp-content\/uploads\/2024\/11\/gs1_2-scaled.jpg","jetpack_sharing_enabled":true,"_links":{"self":[{"href":"https:\/\/www.paranapraia.com.br\/index.php\/wp-json\/wp\/v2\/posts\/61297"}],"collection":[{"href":"https:\/\/www.paranapraia.com.br\/index.php\/wp-json\/wp\/v2\/posts"}],"about":[{"href":"https:\/\/www.paranapraia.com.br\/index.php\/wp-json\/wp\/v2\/types\/post"}],"author":[{"embeddable":true,"href":"https:\/\/www.paranapraia.com.br\/index.php\/wp-json\/wp\/v2\/users\/2"}],"replies":[{"embeddable":true,"href":"https:\/\/www.paranapraia.com.br\/index.php\/wp-json\/wp\/v2\/comments?post=61297"}],"version-history":[{"count":1,"href":"https:\/\/www.paranapraia.com.br\/index.php\/wp-json\/wp\/v2\/posts\/61297\/revisions"}],"predecessor-version":[{"id":61299,"href":"https:\/\/www.paranapraia.com.br\/index.php\/wp-json\/wp\/v2\/posts\/61297\/revisions\/61299"}],"wp:featuredmedia":[{"embeddable":true,"href":"https:\/\/www.paranapraia.com.br\/index.php\/wp-json\/wp\/v2\/media\/61298"}],"wp:attachment":[{"href":"https:\/\/www.paranapraia.com.br\/index.php\/wp-json\/wp\/v2\/media?parent=61297"}],"wp:term":[{"taxonomy":"category","embeddable":true,"href":"https:\/\/www.paranapraia.com.br\/index.php\/wp-json\/wp\/v2\/categories?post=61297"},{"taxonomy":"post_tag","embeddable":true,"href":"https:\/\/www.paranapraia.com.br\/index.php\/wp-json\/wp\/v2\/tags?post=61297"}],"curies":[{"name":"wp","href":"https:\/\/api.w.org\/{rel}","templated":true}]}}