{"id":61294,"date":"2024-11-04T17:20:10","date_gmt":"2024-11-04T20:20:10","guid":{"rendered":"https:\/\/www.paranapraia.com.br\/?p=61294"},"modified":"2024-11-04T17:20:12","modified_gmt":"2024-11-04T20:20:12","slug":"sanepar-celebra-25-anos-de-certificacao-ambiental-nos-sistemas-de-foz-do-iguacu","status":"publish","type":"post","link":"https:\/\/www.paranapraia.com.br\/index.php\/2024\/11\/04\/sanepar-celebra-25-anos-de-certificacao-ambiental-nos-sistemas-de-foz-do-iguacu\/","title":{"rendered":"Sanepar celebra 25 anos de certifica\u00e7\u00e3o ambiental nos sistemas de Foz do Igua\u00e7u"},"content":{"rendered":"\n<p>A Sanepar comemora em novembro 25 anos da certifica\u00e7\u00e3o ISO 14.001 nos sistemas de \u00e1gua e de esgoto de Foz do Igua\u00e7u. Parte das celebra\u00e7\u00f5es ocorreu neste domingo (3) com a segunda edi\u00e7\u00e3o do Circuito Corridas de Rua Sanepar. As comemora\u00e7\u00f5es iniciaram na sexta (1\u00ba) com homenagens aos empregados que contribuem para manter a certifica\u00e7\u00e3o do sistema de gest\u00e3o ambiental na cidade.<\/p>\n\n\n\n<p>Com sucesso de p\u00fablico, a corrida contou com quase 1,5 mil atletas de mais de 20 estados brasileiros. Com percursos de 5 km e 10 km, tamb\u00e9m incluiu a modalidade Kids com a participa\u00e7\u00e3o de crian\u00e7as com mais de cinco anos. Todos os participantes receberam medalhas e os tr\u00eas primeiros colocados de cada categorias por faixa et\u00e1ria levaram para casa um trof\u00e9u.<\/p>\n\n\n\n<p>Os diretor-presidente da Sanepar, Wilson Bley, e o diretor de Meio Ambiente, Julio Gonchorosky fizeram os percursos de 5 km e 10 km, respectivamente. Al\u00e9m deles, v\u00e1rios empregados da Companhia de todo Estado participaram das provas.<\/p>\n\n\n\n<p>No ano passado, Foz do Igua\u00e7u inaugurou a fase regional do Circuito de Rua Sanepar e reuniu mais de mil atletas que fizeram os percursos de 5 km e 10 km, saindo da Roda Gigante, pr\u00f3ximo ao Marco das Tr\u00eas Fronteiras, seguindo pela Avenida General Meira at\u00e9 pr\u00f3ximo da Avenida das Cataratas.<\/p>\n\n\n\n<ul class=\"wp-block-list\">\n<li><strong><a href=\"https:\/\/www.aen.pr.gov.br\/Noticia\/Obras-de-saneamento-estimulam-indices-de-saude-e-educacao-do-Parana-mostra-estudo\" target=\"_blank\" rel=\"noreferrer noopener\">Obras de saneamento estimulam \u00edndices de sa\u00fade e educa\u00e7\u00e3o do Paran\u00e1, mostra estudo<\/a><\/strong><\/li>\n<\/ul>\n\n\n\n<p><strong>HOMENAGENS<\/strong>&nbsp;\u2013 As comemora\u00e7\u00f5es ocorreram tamb\u00e9m na sexta-feira. Durante as homenagens aos empregados de Foz do Igua\u00e7u e de&nbsp;<a href=\"https:\/\/www.aen.pr.gov.br\/Noticia\/Marco-nacional-Sanepar-comemora-20-anos-de-operacao-do-aterro-sanitario-em-Cianorte\" target=\"_blank\" rel=\"noreferrer noopener\">Cianorte, cujo aterro sanit\u00e1rio tamb\u00e9m celebra 11 anos de conquista da certifica\u00e7\u00e3o ambiental<\/a>, foi reconhecido o trabalho dos empregados que atuam, direta ou indiretamente, nas esta\u00e7\u00f5es de tratamento de esgoto do Paran\u00e1 com o melhor desempenho ambiental, apresentado no Diagn\u00f3stico Ambiental \u2013 levantamento feito pela Companhia referente aos controles operacionais das esta\u00e7\u00f5es de tratamento de esgoto, que devem estar em acordo com a legisla\u00e7\u00e3o.<\/p>\n\n\n\n<p>O diretor-presidente, Wilson Bley, disse que os 25 anos de certifica\u00e7\u00e3o mostram a const\u00e2ncia do trabalho, do esfor\u00e7o e o empenho de todos os empregados para transformar o que fazem no seu dia a dia. \u201cTer esta certifica\u00e7\u00e3o \u00e9 acreditar efetivamente no que fazemos todos os dias com excel\u00eancia, compet\u00eancia, com amor e dedica\u00e7\u00e3o, para transformar a realidade em boas realiza\u00e7\u00f5es\u201d, destacou.<\/p>\n\n\n\n<p><strong>HOMENAGENS<\/strong>&nbsp;\u2013 Em comemora\u00e7\u00e3o ao Jubileu de Prata da certifica\u00e7\u00e3o ISO 14.001, os empregados Edgard Faust Filho, Pedro Luis Prado Franco, Lutero L\u00facio, Celina Faune Safranski, Walderez Ribas, Kleber Ramirez, Roberto Zielinski Luiz Carlos Medeiros e M\u00e1rcio Benitz receberam placas em reconhecimento \u00e0 dedica\u00e7\u00e3o e contribui\u00e7\u00e3o para manter a certifica\u00e7\u00e3o ao longo dos 25 anos em Foz do Igua\u00e7u e nos \u00faltimos 11 anos no Aterro Sanit\u00e1rio de Cianorte.<\/p>\n\n\n\n<p>Representando todos os empregados, o engenheiro Edgard Faust Filho, um dos precursores da implanta\u00e7\u00e3o da certifica\u00e7\u00e3o ambiental em Foz do Igua\u00e7u, disse que a cidade tinha uma caracter\u00edstica de ambiente dif\u00edcil, mas que o esfor\u00e7o na implanta\u00e7\u00e3o e a sequ\u00eancia deste trabalho est\u00e3o refletidos nas comemora\u00e7\u00f5es destes 25 anos de certifica\u00e7\u00e3o ambiental. As diretorias e as ger\u00eancias Geral Noroeste, Geral Sudoeste, Regional Foz do Igua\u00e7u e Regional Umuarama receberam placas de homenagem.<\/p>\n\n\n\n<p>O diretor de Opera\u00e7\u00f5es, Sergio Wippel, tamb\u00e9m destacou que o resultado do esfor\u00e7o para manuten\u00e7\u00e3o da certifica\u00e7\u00e3o ISO 14.001 est\u00e1 presente em diversas unidades da empresa. \u201cO resultado \u00e9 replicado em todo o Paran\u00e1. As boas pr\u00e1ticas iniciadas em Foz do Igua\u00e7u e posteriormente no Aterro de Cianorte t\u00eam sido replicadas, independente de certifica\u00e7\u00e3o, em v\u00e1rias unidades operacionais da Sanepar em todo o Estado.<\/p>\n\n\n\n<p><strong>DIAGN\u00d3STICO AMBIENTAL<\/strong>&nbsp;\u2013 Cerca de 30 t\u00e9cnicos e operadores de esta\u00e7\u00f5es de tratamento de esgoto que atuam nas unidades que tiveram os melhores desempenhos ambientais no Indicador de Conformidade Ambiental (ICA), do Diagn\u00f3stico Ambiental, tamb\u00e9m foram homenageados durante as comemora\u00e7\u00f5es da certifica\u00e7\u00e3o em Foz do Igua\u00e7u.<\/p>\n\n\n\n<p>Estes empregados representaram todos os que diariamente trabalham no tratamento do esgoto para que estas unidades cumpram rigorosamente a legisla\u00e7\u00e3o ambiental.<\/p>\n\n\n\n<p>O diretor de Meio Ambiente e A\u00e7\u00e3o Social da Sanepar, Julio Gonchoroski, elogiou o trabalho de qualidade e compliance dos empregados. \u201cQuero agradecer a todos que se esfor\u00e7am para atender a parte ambiental. Cada projeto e trabalho de hoje s\u00e3o melhores que os de antigamente e os do futuro v\u00e3o ser ainda melhores. Tamb\u00e9m quero agradecer a todos que atuam no diagn\u00f3stico\u201d, disse.<\/p>\n\n\n\n<p>AEN<\/p>\n","protected":false},"excerpt":{"rendered":"<p>A Sanepar comemora em novembro 25 anos da certifica\u00e7\u00e3o ISO 14.001 nos sistemas de \u00e1gua e de esgoto de Foz do Igua\u00e7u. Parte das celebra\u00e7\u00f5es ocorreu neste domingo (3) com a segunda edi\u00e7\u00e3o do Circuito Corridas de Rua Sanepar. As comemora\u00e7\u00f5es iniciaram na sexta (1\u00ba) com homenagens aos empregados que contribuem para manter a certifica\u00e7\u00e3o [&hellip;]<\/p>\n","protected":false},"author":2,"featured_media":61295,"comment_status":"open","ping_status":"open","sticky":false,"template":"","format":"standard","meta":{"advanced_seo_description":"","jetpack_seo_html_title":"","jetpack_seo_noindex":false,"_jetpack_memberships_contains_paid_content":false,"footnotes":""},"categories":[40],"tags":[],"class_list":{"0":"post-61294","1":"post","2":"type-post","3":"status-publish","4":"format-standard","5":"has-post-thumbnail","7":"category-destaques"},"jetpack_featured_media_url":"https:\/\/www.paranapraia.com.br\/wp-content\/uploads\/2024\/11\/whatsapp_image_2024-11-04_at_16.35.03-scaled.jpg","jetpack_sharing_enabled":true,"_links":{"self":[{"href":"https:\/\/www.paranapraia.com.br\/index.php\/wp-json\/wp\/v2\/posts\/61294"}],"collection":[{"href":"https:\/\/www.paranapraia.com.br\/index.php\/wp-json\/wp\/v2\/posts"}],"about":[{"href":"https:\/\/www.paranapraia.com.br\/index.php\/wp-json\/wp\/v2\/types\/post"}],"author":[{"embeddable":true,"href":"https:\/\/www.paranapraia.com.br\/index.php\/wp-json\/wp\/v2\/users\/2"}],"replies":[{"embeddable":true,"href":"https:\/\/www.paranapraia.com.br\/index.php\/wp-json\/wp\/v2\/comments?post=61294"}],"version-history":[{"count":1,"href":"https:\/\/www.paranapraia.com.br\/index.php\/wp-json\/wp\/v2\/posts\/61294\/revisions"}],"predecessor-version":[{"id":61296,"href":"https:\/\/www.paranapraia.com.br\/index.php\/wp-json\/wp\/v2\/posts\/61294\/revisions\/61296"}],"wp:featuredmedia":[{"embeddable":true,"href":"https:\/\/www.paranapraia.com.br\/index.php\/wp-json\/wp\/v2\/media\/61295"}],"wp:attachment":[{"href":"https:\/\/www.paranapraia.com.br\/index.php\/wp-json\/wp\/v2\/media?parent=61294"}],"wp:term":[{"taxonomy":"category","embeddable":true,"href":"https:\/\/www.paranapraia.com.br\/index.php\/wp-json\/wp\/v2\/categories?post=61294"},{"taxonomy":"post_tag","embeddable":true,"href":"https:\/\/www.paranapraia.com.br\/index.php\/wp-json\/wp\/v2\/tags?post=61294"}],"curies":[{"name":"wp","href":"https:\/\/api.w.org\/{rel}","templated":true}]}}