{"id":61247,"date":"2024-11-01T11:02:20","date_gmt":"2024-11-01T14:02:20","guid":{"rendered":"https:\/\/www.paranapraia.com.br\/?p=61247"},"modified":"2024-11-01T11:02:22","modified_gmt":"2024-11-01T14:02:22","slug":"80-mil-veiculos-devem-passar-pela-br-277-no-fim-de-semana","status":"publish","type":"post","link":"https:\/\/www.paranapraia.com.br\/index.php\/2024\/11\/01\/80-mil-veiculos-devem-passar-pela-br-277-no-fim-de-semana\/","title":{"rendered":"80 mil ve\u00edculos devem passar pela BR-277 no fim de semana"},"content":{"rendered":"\n<p>O feriado de Finados neste s\u00e1bado (2) deve movimentar a BR-277, entre Curitiba e o Litoral do Paran\u00e1. A expectativa da EPR Litoral Pioneiro \u00e9 que 80 mil ve\u00edculos passem pela rodovia entre sexta-feira (1\u00ba) e domingo (3). O maior fluxo de ve\u00edculos deve se concentrar entre o fim da tarde e a noite de sexta-feira, a manh\u00e3 de s\u00e1bado e, na volta para casa, a partir do meio da tarde de domingo.<\/p>\n\n\n\n<p>A concession\u00e1ria ir\u00e1 refor\u00e7ar a estrutura de atendimento operacional, com mais equipes na pra\u00e7a de ped\u00e1gio e papa-filas nos hor\u00e1rios de maior movimento. Al\u00e9m disso, mais guinchos estar\u00e3o \u00e0 disposi\u00e7\u00e3o.<\/p>\n\n\n\n<p>Os usu\u00e1rios que possuem tag para pagamento autom\u00e1tico n\u00e3o precisam aguardar para passar pelas cabines. Eles t\u00eam \u00e0 disposi\u00e7\u00e3o pistas exclusivas e ainda ganham descontos: todos os ve\u00edculos com o dispositivo ganham automaticamente 5% no valor da tarifa, com o Desconto B\u00e1sico de Tarifa (DBT). J\u00e1 os ve\u00edculos de passeio com a TAG, al\u00e9m dos 5% de desconto, recebem tamb\u00e9m redu\u00e7\u00e3o progressiva no valor da tarifa com o Desconto de Usu\u00e1rio Frequente (DUF). O DUF come\u00e7a a contar a partir da segunda passagem pela pra\u00e7a de ped\u00e1gio, no mesmo sentido da rodovia e dentro do mesmo m\u00eas de calend\u00e1rio. No site https:\/\/eprlpioneiro.com.br\/como-adquirir-uma-tag\/ \u00e9 poss\u00edvel saber como adquirir a TAG.<\/p>\n\n\n\n<p>Assessoria<\/p>\n","protected":false},"excerpt":{"rendered":"<p>O feriado de Finados neste s\u00e1bado (2) deve movimentar a BR-277, entre Curitiba e o Litoral do Paran\u00e1. A expectativa da EPR Litoral Pioneiro \u00e9 que 80 mil ve\u00edculos passem pela rodovia entre sexta-feira (1\u00ba) e domingo (3). O maior fluxo de ve\u00edculos deve se concentrar entre o fim da tarde e a noite de [&hellip;]<\/p>\n","protected":false},"author":2,"featured_media":61248,"comment_status":"open","ping_status":"open","sticky":false,"template":"","format":"standard","meta":{"advanced_seo_description":"","jetpack_seo_html_title":"","jetpack_seo_noindex":false,"_jetpack_memberships_contains_paid_content":false,"footnotes":""},"categories":[40],"tags":[],"class_list":{"0":"post-61247","1":"post","2":"type-post","3":"status-publish","4":"format-standard","5":"has-post-thumbnail","7":"category-destaques"},"jetpack_featured_media_url":"https:\/\/www.paranapraia.com.br\/wp-content\/uploads\/2024\/11\/WhatsApp-Image-2024-11-01-at-11.01.39-scaled.jpeg","jetpack_sharing_enabled":true,"_links":{"self":[{"href":"https:\/\/www.paranapraia.com.br\/index.php\/wp-json\/wp\/v2\/posts\/61247"}],"collection":[{"href":"https:\/\/www.paranapraia.com.br\/index.php\/wp-json\/wp\/v2\/posts"}],"about":[{"href":"https:\/\/www.paranapraia.com.br\/index.php\/wp-json\/wp\/v2\/types\/post"}],"author":[{"embeddable":true,"href":"https:\/\/www.paranapraia.com.br\/index.php\/wp-json\/wp\/v2\/users\/2"}],"replies":[{"embeddable":true,"href":"https:\/\/www.paranapraia.com.br\/index.php\/wp-json\/wp\/v2\/comments?post=61247"}],"version-history":[{"count":1,"href":"https:\/\/www.paranapraia.com.br\/index.php\/wp-json\/wp\/v2\/posts\/61247\/revisions"}],"predecessor-version":[{"id":61249,"href":"https:\/\/www.paranapraia.com.br\/index.php\/wp-json\/wp\/v2\/posts\/61247\/revisions\/61249"}],"wp:featuredmedia":[{"embeddable":true,"href":"https:\/\/www.paranapraia.com.br\/index.php\/wp-json\/wp\/v2\/media\/61248"}],"wp:attachment":[{"href":"https:\/\/www.paranapraia.com.br\/index.php\/wp-json\/wp\/v2\/media?parent=61247"}],"wp:term":[{"taxonomy":"category","embeddable":true,"href":"https:\/\/www.paranapraia.com.br\/index.php\/wp-json\/wp\/v2\/categories?post=61247"},{"taxonomy":"post_tag","embeddable":true,"href":"https:\/\/www.paranapraia.com.br\/index.php\/wp-json\/wp\/v2\/tags?post=61247"}],"curies":[{"name":"wp","href":"https:\/\/api.w.org\/{rel}","templated":true}]}}