{"id":61241,"date":"2024-10-31T15:24:25","date_gmt":"2024-10-31T18:24:25","guid":{"rendered":"https:\/\/www.paranapraia.com.br\/?p=61241"},"modified":"2024-10-31T15:24:27","modified_gmt":"2024-10-31T18:24:27","slug":"estado-libera-r-12-milhao-para-acolhimento-de-pessoas-em-situacao-de-rua-no-litoral","status":"publish","type":"post","link":"https:\/\/www.paranapraia.com.br\/index.php\/2024\/10\/31\/estado-libera-r-12-milhao-para-acolhimento-de-pessoas-em-situacao-de-rua-no-litoral\/","title":{"rendered":"Estado libera R$ 1,2 milh\u00e3o para acolhimento de pessoas em situa\u00e7\u00e3o de rua no Litoral"},"content":{"rendered":"\n<p>O Governo do Paran\u00e1, por meio da Secretaria do Desenvolvimento Social (Sedef), em parceria com o Conselho Estadual da Assist\u00eancia Social (CEAS), autorizou nesta quinta-feira (31) o repasse de R$ 1,2 milh\u00e3o aos sete munic\u00edpios do Litoral para a\u00e7\u00f5es de acolhimento \u00e0 popula\u00e7\u00e3o em situa\u00e7\u00e3o de rua durante a temporada de ver\u00e3o.<\/p>\n\n\n\n<p>O Incentivo Ver\u00e3o visa intensificar a assist\u00eancia social \u00e0s pessoas nestas condi\u00e7\u00f5es, uma popula\u00e7\u00e3o que tende a crescer durante a temporada devido ao aumento do fluxo tur\u00edstico em regi\u00f5es litor\u00e2neas. O recurso, que ser\u00e1 repassado fundo a fundo, conforme estabelece a&nbsp;<strong><a href=\"https:\/\/www.ceas.pr.gov.br\/sites\/ceas\/arquivos_restritos\/files\/documento\/2024-10\/deliberacao_082-2024_-_incentivo_verao_-_atendimento_a_populacao_em_situacao_de_rua_no_litoral.pdf\" target=\"_blank\" rel=\"noreferrer noopener\">Delibera\u00e7\u00e3o 082\/2024 do CEAS<\/a><\/strong>, ser\u00e1 destinado para servi\u00e7os essenciais de acolhimento, alimenta\u00e7\u00e3o, higiene e orienta\u00e7\u00e3o social.<\/p>\n\n\n\n<p>A Delibera\u00e7\u00e3o da Sedef refor\u00e7a a import\u00e2ncia de um trabalho articulado entre as prefeituras e as pol\u00edticas sociais estaduais para atender as necessidades da popula\u00e7\u00e3o em situa\u00e7\u00e3o de rua, que enfrenta condi\u00e7\u00f5es ainda mais desafiadoras durante o per\u00edodo.<\/p>\n\n\n\n<p>O repasse aos munic\u00edpios ser\u00e1 feito segundo crit\u00e9rios estabelecidos pelo documento e podem variar de R$ 20 mil a R$ 330 mil, se forem apresentados os relat\u00f3rios de atendimentos que comprovem o n\u00famero de pessoas em situa\u00e7\u00e3o de rua atendidas durante a temporada de 2023\/2024.O munic\u00edpio deve ter Atestado de Regularidade do Conselho Municipal de Assist\u00eancia Social (CMAS), Plano Municipal e Fundo Municipal de Assist\u00eancia Social.&nbsp;O prazo de execu\u00e7\u00e3o do recurso ser\u00e1 at\u00e9 31 de junho de 2026, visando o atendimento do per\u00edodo de ver\u00e3o 2024\/2025 e 2025\/2026.<\/p>\n\n\n\n<p>Para o secret\u00e1rio do Desenvolvimento Social e Fam\u00edlia, Rog\u00e9rio Carboni, mais uma vez o Governo do Estado demonstra o cuidado com aqueles que mais precisam. \u201cComo diz o governador Ratinho Junior, aqui n\u00e3o deixamos ningu\u00e9m para tr\u00e1s. Temos um aumento no n\u00famero de pessoas que v\u00eam ao Litoral para conseguir trabalho e, por vezes, acabam ficando nas ruas. Al\u00e9m disso, a medida \u00e9 tamb\u00e9m uma forma de incentivar que os munic\u00edpios olhem para essas pessoas, as cadastrem e pensem em a\u00e7\u00f5es voltadas para a qualidade de vida\u201d, explicou.<\/p>\n\n\n\n<p>Segundo o prefeito de Pontal do Paran\u00e1, Rudisney Gimenes Filho, o recurso refor\u00e7ar\u00e1 as a\u00e7\u00f5es j\u00e1 desenvolvidas. \u201cEm Pontal j\u00e1 temos a\u00e7\u00f5es para atender as pessoas em situa\u00e7\u00e3o de rua, mas o fato \u00e9 que essa popula\u00e7\u00e3o aumenta bastante durante a temporada. Esse recurso vem para que possamos intensificar essas a\u00e7\u00f5es e realizar um trabalho ainda melhor\u201d, afirmou.<\/p>\n\n\n\n<p>Segundo o secret\u00e1rio estadual do Esporte e coordenador do Ver\u00e3o Maior Paran\u00e1, H\u00e9lio Wirbiski, essa \u00e9 a demonstra\u00e7\u00e3o do cuidado e compromisso que Governo do Estado tem com o Litoral. \u201cEstamos no melhor Litoral do Brasil. Essa a\u00e7\u00e3o da Sedef vai cuidar com carinho e a aten\u00e7\u00e3o a pessoas que tanto precisam\u201d, disse. &nbsp;<\/p>\n\n\n\n<p>A pr\u00f3xima edi\u00e7\u00e3o do Ver\u00e3o Maior Paran\u00e1 est\u00e1 programada para ocorrer entre 28 de dezembro de 2024 e 22 de fevereiro de 2025. O projeto realizado pelo Governo do Estado tem como objetivo melhorar a infraestrutura das praias, al\u00e9m de garantir sa\u00fade, seguran\u00e7a, lazer e entretenimento para turistas e moradores.<\/p>\n\n\n\n<p>AEN<\/p>\n","protected":false},"excerpt":{"rendered":"<p>O Governo do Paran\u00e1, por meio da Secretaria do Desenvolvimento Social (Sedef), em parceria com o Conselho Estadual da Assist\u00eancia Social (CEAS), autorizou nesta quinta-feira (31) o repasse de R$ 1,2 milh\u00e3o aos sete munic\u00edpios do Litoral para a\u00e7\u00f5es de acolhimento \u00e0 popula\u00e7\u00e3o em situa\u00e7\u00e3o de rua durante a temporada de ver\u00e3o. O Incentivo Ver\u00e3o [&hellip;]<\/p>\n","protected":false},"author":2,"featured_media":61242,"comment_status":"open","ping_status":"open","sticky":false,"template":"","format":"standard","meta":{"advanced_seo_description":"","jetpack_seo_html_title":"","jetpack_seo_noindex":false,"_jetpack_memberships_contains_paid_content":false,"footnotes":""},"categories":[40,91,65],"tags":[],"class_list":{"0":"post-61241","1":"post","2":"type-post","3":"status-publish","4":"format-standard","5":"has-post-thumbnail","7":"category-destaques","8":"category-litoral","9":"category-pontal-do-parana"},"jetpack_featured_media_url":"https:\/\/www.paranapraia.com.br\/wp-content\/uploads\/2024\/10\/img_8903-scaled.jpg","jetpack_sharing_enabled":true,"_links":{"self":[{"href":"https:\/\/www.paranapraia.com.br\/index.php\/wp-json\/wp\/v2\/posts\/61241"}],"collection":[{"href":"https:\/\/www.paranapraia.com.br\/index.php\/wp-json\/wp\/v2\/posts"}],"about":[{"href":"https:\/\/www.paranapraia.com.br\/index.php\/wp-json\/wp\/v2\/types\/post"}],"author":[{"embeddable":true,"href":"https:\/\/www.paranapraia.com.br\/index.php\/wp-json\/wp\/v2\/users\/2"}],"replies":[{"embeddable":true,"href":"https:\/\/www.paranapraia.com.br\/index.php\/wp-json\/wp\/v2\/comments?post=61241"}],"version-history":[{"count":1,"href":"https:\/\/www.paranapraia.com.br\/index.php\/wp-json\/wp\/v2\/posts\/61241\/revisions"}],"predecessor-version":[{"id":61243,"href":"https:\/\/www.paranapraia.com.br\/index.php\/wp-json\/wp\/v2\/posts\/61241\/revisions\/61243"}],"wp:featuredmedia":[{"embeddable":true,"href":"https:\/\/www.paranapraia.com.br\/index.php\/wp-json\/wp\/v2\/media\/61242"}],"wp:attachment":[{"href":"https:\/\/www.paranapraia.com.br\/index.php\/wp-json\/wp\/v2\/media?parent=61241"}],"wp:term":[{"taxonomy":"category","embeddable":true,"href":"https:\/\/www.paranapraia.com.br\/index.php\/wp-json\/wp\/v2\/categories?post=61241"},{"taxonomy":"post_tag","embeddable":true,"href":"https:\/\/www.paranapraia.com.br\/index.php\/wp-json\/wp\/v2\/tags?post=61241"}],"curies":[{"name":"wp","href":"https:\/\/api.w.org\/{rel}","templated":true}]}}