{"id":61228,"date":"2024-10-31T10:33:49","date_gmt":"2024-10-31T13:33:49","guid":{"rendered":"https:\/\/www.paranapraia.com.br\/?p=61228"},"modified":"2024-10-31T10:33:51","modified_gmt":"2024-10-31T13:33:51","slug":"ponte-de-guaratuba-tem-campanhas-de-saude-e-seguranca-para-trabalhadores","status":"publish","type":"post","link":"https:\/\/www.paranapraia.com.br\/index.php\/2024\/10\/31\/ponte-de-guaratuba-tem-campanhas-de-saude-e-seguranca-para-trabalhadores\/","title":{"rendered":"Ponte de Guaratuba tem campanhas de sa\u00fade e seguran\u00e7a para trabalhadores"},"content":{"rendered":"\n<p>A equipe de Sa\u00fade e Seguran\u00e7a no Trabalho do Cons\u00f3rcio Nova Ponte, que executa as obras da Ponte de Guaratuba, no Litoral do Paran\u00e1, promove diariamente campanhas sobre seguran\u00e7a no ambiente de trabalho para colaboradores e funcion\u00e1rios.<\/p>\n\n\n\n<p>O objetivo principal, segundo Luciano Perez, gerente de Sa\u00fade e Seguran\u00e7a do Trabalho do Cons\u00f3rcio, \u00e9 que a preven\u00e7\u00e3o aos acidentes e refor\u00e7o aos cuidados b\u00e1sicos se transformem em rotina durante a execu\u00e7\u00e3o de todas as atividades do trabalhador.<\/p>\n\n\n\n<p>\u201cAntes do in\u00edcio das atividades, o trabalhador participa do Di\u00e1logo Di\u00e1rio de Seguran\u00e7a (DDS), em que s\u00e3o tratados os temas de seguran\u00e7a focados nas atividades do dia, a verifica\u00e7\u00e3o do estado de sa\u00fade de cada um e tamb\u00e9m as condi\u00e7\u00f5es dos equipamentos de prote\u00e7\u00e3o individual\u201d, explica.<\/p>\n\n\n\n<p>Al\u00e9m do Di\u00e1rio de Seguran\u00e7a, os trabalhadores e colaboradores da Ponte de Guaratuba se deparam com placas de alerta em todo o canteiro de obras sobre a import\u00e2ncia e a obrigatoriedade do uso do Equipamento de Prote\u00e7\u00e3o Individual (EPI), bem como a aten\u00e7\u00e3o que devem ter em cada \u00e1rea espec\u00edfica da obra.<\/p>\n\n\n\n<p>\u201cS\u00e3o placas que apontam os riscos com rela\u00e7\u00e3o ao tr\u00e2nsito de m\u00e1quinas e equipamentos, isolamento da \u00e1rea para cargas em movimento ou suspensas e tamb\u00e9m h\u00e1 placas de restri\u00e7\u00e3o de acesso e sinaliza\u00e7\u00e3o do uso obrigat\u00f3rio de cinto de seguran\u00e7a para trabalho em altura e utiliza\u00e7\u00e3o do colete salva-vidas para adentrar em embarca\u00e7\u00f5es\u201d, diz Perez. \u201cTodos os funcion\u00e1rios que v\u00e3o trabalhar em altura passam por um treinamento de oito horas com a parte te\u00f3rica e a parte pr\u00e1tica na preven\u00e7\u00e3o de acidentes no trabalho em altura\u201d.<\/p>\n\n\n\n<p><strong>M\u00c3OS E DEDOS&nbsp;<\/strong>\u2013 Uma iniciativa que faz diferen\u00e7a na rotina dos trabalhadores \u00e9 a Campanha da Prote\u00e7\u00e3o das M\u00e3os e Dedos. Ela partiu da necessidade em alertar os funcion\u00e1rios sobre a import\u00e2ncia de utilizar as luvas e os equipamentos de prote\u00e7\u00e3o para evitar acidentes.<\/p>\n\n\n\n<p>A campanha iniciou com o carimbo da marca das m\u00e3os de cada trabalhador fixadas atrav\u00e9s de tinta colorida em cartazes. \u201cEla foi feita para orienta\u00e7\u00e3o sobre a prote\u00e7\u00e3o das m\u00e3os, nossa principal ferramenta. Os empregados puderam deixar a sua marca e o compromisso\u201d, destaca o gerente de Sa\u00fade e Seguran\u00e7a.<\/p>\n\n\n\n<p>Jacqueline Alves Serafim, marinheira de conv\u00e9s, que atua na obra da Ponte de Guaratuba, fala sobre como enxerga a import\u00e2ncia das orienta\u00e7\u00f5es de seguran\u00e7a. \u201cO DDS (Di\u00e1logo Di\u00e1rio de Seguran\u00e7a) \u00e9 feito todo dia. Vejo que \u00e9 muito importante para evitar acidentes e tudo que seja prejudicial ao funcion\u00e1rio\u201d, afirma.<\/p>\n\n\n\n<p>Sobre como refor\u00e7a os cuidados no ambiente de trabalho, Jacqueline diz que est\u00e1 atenta a tudo ao seu redor. \u201cAdoto a ideia de acidente zero, cuidando de voc\u00ea e do pr\u00f3ximo. O EPI que a gente recebe tem que usar, ter cuidado nas manobras e aten\u00e7\u00e3o redobrada e sempre ter uma vis\u00e3o hol\u00edstica de tudo o tempo todo\u201d, destaca.<\/p>\n\n\n\n<p>Leandro Camargo, ajudante de produ\u00e7\u00e3o na obra, explica que durante a sua atividade \u00e9 obrigat\u00f3rio o uso de luvas, capacete, \u00f3culos, protetor auricular e botina apropriada. Ele relata que todas as campanhas de orienta\u00e7\u00e3o e preven\u00e7\u00e3o a acidentes de trabalho, as quais ele participa, ajudam no seu cotidiano. \u201cAcho as campanhas muito importantes porque acendem um alerta para n\u00f3s, para termos mais cuidados, prote\u00e7\u00e3o pessoal, e ver o nosso pr\u00f3ximo para poder alertar sobre os cuidados\u201d, afirma.<\/p>\n\n\n\n<p>\u201cSe eu estiver despercebido eu posso lembrar (das orienta\u00e7\u00f5es) no momento que eu estou executando a minha fun\u00e7\u00e3o. Isso a\u00ed tem me ajudado na minha profiss\u00e3o. \u00c9 muito bom\u201d, acrescenta o profissional.<\/p>\n\n\n\n<p><strong>PARADA GERAL<\/strong>&nbsp;\u2013 Recentemente, a Parada Geral \u201cJuntos pela Seguran\u00e7a\u201d ocorreu na oficina do canteiro industrial. Na ocasi\u00e3o, 380 colaboradores participaram de uma palestra sobre preven\u00e7\u00e3o de acidentes no ambiente de trabalho.<\/p>\n\n\n\n<p>O coordenador ambiental do Cons\u00f3rcio Supervisor Ponte de Guaratuba, Robson do Valle, explica que todos os trabalhadores passam por um processo chamado de integra\u00e7\u00e3o, quando se trata de seguran\u00e7a no trabalho.<\/p>\n\n\n\n<p>\u201c\u00c9 nesse momento que antes de os funcion\u00e1rios entrarem em qualquer frente de trabalho a empresa situa cada um sobre as regras de seguran\u00e7a e os riscos que eles s\u00e3o expostos. Al\u00e9m das responsabilidades deles utilizarem o EPI, eles fazem o treinamento da NR6, que \u00e9 a utiliza\u00e7\u00e3o adequada do EPI e sua conserva\u00e7\u00e3o\u201d, ressalta.<\/p>\n\n\n\n<p>O profissional Rog\u00e9rio Siuch, que atua como rigger (coordena a\u00e7\u00f5es de movimenta\u00e7\u00f5es de cargas), diz que \u00e9 bom parar e refletir sobre os cuidados no trabalho. \u201cTrabalho na movimenta\u00e7\u00e3o de cargas e fa\u00e7o o uso do apito, tem que sinalizar porque trabalhamos com movimenta\u00e7\u00e3o de carga, com peso; ent\u00e3o a gente praticamente \u00e9 o anjo da obra\u201d, afirma.<\/p>\n\n\n\n<p>O t\u00e9cnico em seguran\u00e7a do trabalho, Antonio Feitosa, destaca que todas as atividades s\u00e3o realizadas com o rigor da seguran\u00e7a no trabalho e a fiscaliza\u00e7\u00e3o. \u201cDiariamente temos um t\u00e9cnico de seguran\u00e7a em campo, fiscalizando as frentes de trabalho para que realmente o trabalhador esteja usando corretamente o EPI de acordo com a atividade\u201d, explica.<\/p>\n\n\n\n<p><strong>OBRA<\/strong>\u00a0&#8211; A constru\u00e7\u00e3o da Ponte de Guaratuba j\u00e1 chegou a 22,6% de execu\u00e7\u00e3o e pode ser acompanhada em tempo real atrav\u00e9s de c\u00e2meras de monitoramento. Basta acessar o site\u00a0<strong><a href=\"https:\/\/www.pontedeguaratuba.pr.gov.br\/\" target=\"_blank\" rel=\"noreferrer noopener\">www.pontedeguaratuba.pr.gov.br<\/a><\/strong><\/p>\n\n\n\n<p>AEN<\/p>\n","protected":false},"excerpt":{"rendered":"<p>A equipe de Sa\u00fade e Seguran\u00e7a no Trabalho do Cons\u00f3rcio Nova Ponte, que executa as obras da Ponte de Guaratuba, no Litoral do Paran\u00e1, promove diariamente campanhas sobre seguran\u00e7a no ambiente de trabalho para colaboradores e funcion\u00e1rios. O objetivo principal, segundo Luciano Perez, gerente de Sa\u00fade e Seguran\u00e7a do Trabalho do Cons\u00f3rcio, \u00e9 que a [&hellip;]<\/p>\n","protected":false},"author":2,"featured_media":61229,"comment_status":"open","ping_status":"open","sticky":false,"template":"","format":"standard","meta":{"advanced_seo_description":"","jetpack_seo_html_title":"","jetpack_seo_noindex":false,"_jetpack_memberships_contains_paid_content":false,"footnotes":""},"categories":[40,99],"tags":[],"class_list":{"0":"post-61228","1":"post","2":"type-post","3":"status-publish","4":"format-standard","5":"has-post-thumbnail","7":"category-destaques","8":"category-guaratuba"},"jetpack_featured_media_url":"https:\/\/www.paranapraia.com.br\/wp-content\/uploads\/2024\/10\/dialogo_diario_de_seguranca-scaled.jpg","jetpack_sharing_enabled":true,"_links":{"self":[{"href":"https:\/\/www.paranapraia.com.br\/index.php\/wp-json\/wp\/v2\/posts\/61228"}],"collection":[{"href":"https:\/\/www.paranapraia.com.br\/index.php\/wp-json\/wp\/v2\/posts"}],"about":[{"href":"https:\/\/www.paranapraia.com.br\/index.php\/wp-json\/wp\/v2\/types\/post"}],"author":[{"embeddable":true,"href":"https:\/\/www.paranapraia.com.br\/index.php\/wp-json\/wp\/v2\/users\/2"}],"replies":[{"embeddable":true,"href":"https:\/\/www.paranapraia.com.br\/index.php\/wp-json\/wp\/v2\/comments?post=61228"}],"version-history":[{"count":1,"href":"https:\/\/www.paranapraia.com.br\/index.php\/wp-json\/wp\/v2\/posts\/61228\/revisions"}],"predecessor-version":[{"id":61230,"href":"https:\/\/www.paranapraia.com.br\/index.php\/wp-json\/wp\/v2\/posts\/61228\/revisions\/61230"}],"wp:featuredmedia":[{"embeddable":true,"href":"https:\/\/www.paranapraia.com.br\/index.php\/wp-json\/wp\/v2\/media\/61229"}],"wp:attachment":[{"href":"https:\/\/www.paranapraia.com.br\/index.php\/wp-json\/wp\/v2\/media?parent=61228"}],"wp:term":[{"taxonomy":"category","embeddable":true,"href":"https:\/\/www.paranapraia.com.br\/index.php\/wp-json\/wp\/v2\/categories?post=61228"},{"taxonomy":"post_tag","embeddable":true,"href":"https:\/\/www.paranapraia.com.br\/index.php\/wp-json\/wp\/v2\/tags?post=61228"}],"curies":[{"name":"wp","href":"https:\/\/api.w.org\/{rel}","templated":true}]}}