{"id":61212,"date":"2024-10-30T18:26:35","date_gmt":"2024-10-30T21:26:35","guid":{"rendered":"https:\/\/www.paranapraia.com.br\/?p=61212"},"modified":"2024-10-30T18:26:38","modified_gmt":"2024-10-30T21:26:38","slug":"pontal-do-parana-avanca-em-pavimentacao-da-avenida-copacabana","status":"publish","type":"post","link":"https:\/\/www.paranapraia.com.br\/index.php\/2024\/10\/30\/pontal-do-parana-avanca-em-pavimentacao-da-avenida-copacabana\/","title":{"rendered":"Pontal do Paran\u00e1 avan\u00e7a em pavimenta\u00e7\u00e3o da Avenida Copacabana"},"content":{"rendered":"\n<p><em>Obra de R$ 1,1 milh\u00e3o, realizada em parceria com a empresa CR Almeida, promete mais seguran\u00e7a e conforto para a popula\u00e7\u00e3o<\/em><\/p>\n\n\n\n<p>A pavimenta\u00e7\u00e3o da Avenida Copacabana, em Pontal do Paran\u00e1, segue em ritmo acelerado e visa trazer mais seguran\u00e7a e qualidade de vida aos moradores e usu\u00e1rios da via. Com um investimento de R$ 1,1 milh\u00e3o, a obra \u00e9 uma contrapartida da empresa CR Almeida em colabora\u00e7\u00e3o com a Prefeitura de Pontal do Paran\u00e1.<\/p>\n\n\n\n<figure class=\"wp-block-gallery has-nested-images columns-default is-cropped wp-block-gallery-1 is-layout-flex wp-block-gallery-is-layout-flex\">\n<figure class=\"wp-block-image size-large\"><img loading=\"lazy\" decoding=\"async\" width=\"1024\" height=\"771\" data-id=\"61214\" src=\"https:\/\/www.paranapraia.com.br\/wp-content\/uploads\/2024\/10\/1000172252-1024x771.jpg\" alt=\"\" class=\"wp-image-61214\" srcset=\"https:\/\/www.paranapraia.com.br\/wp-content\/uploads\/2024\/10\/1000172252-1024x771.jpg 1024w, https:\/\/www.paranapraia.com.br\/wp-content\/uploads\/2024\/10\/1000172252-300x226.jpg 300w, https:\/\/www.paranapraia.com.br\/wp-content\/uploads\/2024\/10\/1000172252-768x578.jpg 768w, https:\/\/www.paranapraia.com.br\/wp-content\/uploads\/2024\/10\/1000172252-696x524.jpg 696w, https:\/\/www.paranapraia.com.br\/wp-content\/uploads\/2024\/10\/1000172252-1068x804.jpg 1068w, https:\/\/www.paranapraia.com.br\/wp-content\/uploads\/2024\/10\/1000172252-scaled.jpg 800w\" sizes=\"(max-width: 1024px) 100vw, 1024px\" \/><\/figure>\n\n\n\n<figure class=\"wp-block-image size-large\"><img loading=\"lazy\" decoding=\"async\" width=\"1024\" height=\"768\" data-id=\"61215\" src=\"https:\/\/www.paranapraia.com.br\/wp-content\/uploads\/2024\/10\/1000172253-1024x768.jpg\" alt=\"\" class=\"wp-image-61215\" srcset=\"https:\/\/www.paranapraia.com.br\/wp-content\/uploads\/2024\/10\/1000172253-1024x768.jpg 1024w, https:\/\/www.paranapraia.com.br\/wp-content\/uploads\/2024\/10\/1000172253-300x225.jpg 300w, https:\/\/www.paranapraia.com.br\/wp-content\/uploads\/2024\/10\/1000172253-768x576.jpg 768w, https:\/\/www.paranapraia.com.br\/wp-content\/uploads\/2024\/10\/1000172253-696x522.jpg 696w, https:\/\/www.paranapraia.com.br\/wp-content\/uploads\/2024\/10\/1000172253-1068x801.jpg 1068w, https:\/\/www.paranapraia.com.br\/wp-content\/uploads\/2024\/10\/1000172253-scaled.jpg 800w\" sizes=\"(max-width: 1024px) 100vw, 1024px\" \/><\/figure>\n\n\n\n<figure class=\"wp-block-image size-large\"><img loading=\"lazy\" decoding=\"async\" width=\"1024\" height=\"771\" data-id=\"61217\" src=\"https:\/\/www.paranapraia.com.br\/wp-content\/uploads\/2024\/10\/1000172255-1024x771.jpg\" alt=\"\" class=\"wp-image-61217\" srcset=\"https:\/\/www.paranapraia.com.br\/wp-content\/uploads\/2024\/10\/1000172255-1024x771.jpg 1024w, https:\/\/www.paranapraia.com.br\/wp-content\/uploads\/2024\/10\/1000172255-300x226.jpg 300w, https:\/\/www.paranapraia.com.br\/wp-content\/uploads\/2024\/10\/1000172255-768x578.jpg 768w, https:\/\/www.paranapraia.com.br\/wp-content\/uploads\/2024\/10\/1000172255-696x524.jpg 696w, https:\/\/www.paranapraia.com.br\/wp-content\/uploads\/2024\/10\/1000172255-1068x804.jpg 1068w, https:\/\/www.paranapraia.com.br\/wp-content\/uploads\/2024\/10\/1000172255-scaled.jpg 800w\" sizes=\"(max-width: 1024px) 100vw, 1024px\" \/><\/figure>\n\n\n\n<figure class=\"wp-block-image size-large\"><img loading=\"lazy\" decoding=\"async\" width=\"1024\" height=\"771\" data-id=\"61218\" src=\"https:\/\/www.paranapraia.com.br\/wp-content\/uploads\/2024\/10\/1000172254-1024x771.jpg\" alt=\"\" class=\"wp-image-61218\" srcset=\"https:\/\/www.paranapraia.com.br\/wp-content\/uploads\/2024\/10\/1000172254-1024x771.jpg 1024w, https:\/\/www.paranapraia.com.br\/wp-content\/uploads\/2024\/10\/1000172254-300x226.jpg 300w, https:\/\/www.paranapraia.com.br\/wp-content\/uploads\/2024\/10\/1000172254-768x578.jpg 768w, https:\/\/www.paranapraia.com.br\/wp-content\/uploads\/2024\/10\/1000172254-696x524.jpg 696w, https:\/\/www.paranapraia.com.br\/wp-content\/uploads\/2024\/10\/1000172254-1068x804.jpg 1068w, https:\/\/www.paranapraia.com.br\/wp-content\/uploads\/2024\/10\/1000172254-scaled.jpg 800w\" sizes=\"(max-width: 1024px) 100vw, 1024px\" \/><\/figure>\n\n\n\n<figure class=\"wp-block-image size-large\"><img loading=\"lazy\" decoding=\"async\" width=\"1024\" height=\"771\" data-id=\"61216\" src=\"https:\/\/www.paranapraia.com.br\/wp-content\/uploads\/2024\/10\/1000172256-1024x771.jpg\" alt=\"\" class=\"wp-image-61216\" srcset=\"https:\/\/www.paranapraia.com.br\/wp-content\/uploads\/2024\/10\/1000172256-1024x771.jpg 1024w, https:\/\/www.paranapraia.com.br\/wp-content\/uploads\/2024\/10\/1000172256-300x226.jpg 300w, https:\/\/www.paranapraia.com.br\/wp-content\/uploads\/2024\/10\/1000172256-768x578.jpg 768w, https:\/\/www.paranapraia.com.br\/wp-content\/uploads\/2024\/10\/1000172256-696x524.jpg 696w, https:\/\/www.paranapraia.com.br\/wp-content\/uploads\/2024\/10\/1000172256-1068x804.jpg 1068w, https:\/\/www.paranapraia.com.br\/wp-content\/uploads\/2024\/10\/1000172256-scaled.jpg 800w\" sizes=\"(max-width: 1024px) 100vw, 1024px\" \/><\/figure>\n<\/figure>\n\n\n\n<p>Al\u00e9m da pavimenta\u00e7\u00e3o, o projeto inclui a constru\u00e7\u00e3o de cal\u00e7adas, uma ciclovia e melhorias no sistema de drenagem, essenciais para evitar alagamentos e garantir maior durabilidade da via.<\/p>\n\n\n\n<p>O prefeito Rud\u00e3o Gimenes destacou a import\u00e2ncia da obra para o desenvolvimento do munic\u00edpio. \u201cEssa pavimenta\u00e7\u00e3o \u00e9 uma conquista para Pontal do Paran\u00e1, pois n\u00e3o s\u00f3 melhora a mobilidade urbana, mas tamb\u00e9m valoriza a regi\u00e3o, trazendo mais qualidade de vida e seguran\u00e7a para nossa popula\u00e7\u00e3o,\u201d afirmou Gimenes.<\/p>\n\n\n\n<p>Ele refor\u00e7ou ainda o pedido de aten\u00e7\u00e3o aos desvios na \u00e1rea. \u201cPedimos a compreens\u00e3o e colabora\u00e7\u00e3o dos moradores durante as obras. Amanh\u00e3 continuaremos com as interven\u00e7\u00f5es, ent\u00e3o \u00e9 importante que todos estejam atentos \u00e0s sinaliza\u00e7\u00f5es e aos desvios na regi\u00e3o.\u201d<\/p>\n\n\n\n<p>A Prefeitura tamb\u00e9m ressaltou que o cronograma est\u00e1 sendo seguido rigorosamente e que a obra, al\u00e9m de fortalecer a infraestrutura local, faz parte de um conjunto de a\u00e7\u00f5es voltadas ao crescimento sustent\u00e1vel do munic\u00edpio.<\/p>\n\n\n\n<p>Reda\u00e7\u00e3o <\/p>\n","protected":false},"excerpt":{"rendered":"<p>Obra de R$ 1,1 milh\u00e3o, realizada em parceria com a empresa CR Almeida, promete mais seguran\u00e7a e conforto para a popula\u00e7\u00e3o A pavimenta\u00e7\u00e3o da Avenida Copacabana, em Pontal do Paran\u00e1, segue em ritmo acelerado e visa trazer mais seguran\u00e7a e qualidade de vida aos moradores e usu\u00e1rios da via. Com um investimento de R$ 1,1 [&hellip;]<\/p>\n","protected":false},"author":2,"featured_media":61213,"comment_status":"open","ping_status":"open","sticky":false,"template":"","format":"standard","meta":{"advanced_seo_description":"","jetpack_seo_html_title":"","jetpack_seo_noindex":false,"_jetpack_memberships_contains_paid_content":false,"footnotes":""},"categories":[40,65],"tags":[],"class_list":{"0":"post-61212","1":"post","2":"type-post","3":"status-publish","4":"format-standard","5":"has-post-thumbnail","7":"category-destaques","8":"category-pontal-do-parana"},"jetpack_featured_media_url":"https:\/\/www.paranapraia.com.br\/wp-content\/uploads\/2024\/10\/FB_IMG_1730323519049-scaled.jpg","jetpack_sharing_enabled":true,"_links":{"self":[{"href":"https:\/\/www.paranapraia.com.br\/index.php\/wp-json\/wp\/v2\/posts\/61212"}],"collection":[{"href":"https:\/\/www.paranapraia.com.br\/index.php\/wp-json\/wp\/v2\/posts"}],"about":[{"href":"https:\/\/www.paranapraia.com.br\/index.php\/wp-json\/wp\/v2\/types\/post"}],"author":[{"embeddable":true,"href":"https:\/\/www.paranapraia.com.br\/index.php\/wp-json\/wp\/v2\/users\/2"}],"replies":[{"embeddable":true,"href":"https:\/\/www.paranapraia.com.br\/index.php\/wp-json\/wp\/v2\/comments?post=61212"}],"version-history":[{"count":1,"href":"https:\/\/www.paranapraia.com.br\/index.php\/wp-json\/wp\/v2\/posts\/61212\/revisions"}],"predecessor-version":[{"id":61219,"href":"https:\/\/www.paranapraia.com.br\/index.php\/wp-json\/wp\/v2\/posts\/61212\/revisions\/61219"}],"wp:featuredmedia":[{"embeddable":true,"href":"https:\/\/www.paranapraia.com.br\/index.php\/wp-json\/wp\/v2\/media\/61213"}],"wp:attachment":[{"href":"https:\/\/www.paranapraia.com.br\/index.php\/wp-json\/wp\/v2\/media?parent=61212"}],"wp:term":[{"taxonomy":"category","embeddable":true,"href":"https:\/\/www.paranapraia.com.br\/index.php\/wp-json\/wp\/v2\/categories?post=61212"},{"taxonomy":"post_tag","embeddable":true,"href":"https:\/\/www.paranapraia.com.br\/index.php\/wp-json\/wp\/v2\/tags?post=61212"}],"curies":[{"name":"wp","href":"https:\/\/api.w.org\/{rel}","templated":true}]}}