{"id":61202,"date":"2024-10-30T12:39:24","date_gmt":"2024-10-30T15:39:24","guid":{"rendered":"https:\/\/www.paranapraia.com.br\/?p=61202"},"modified":"2024-10-30T12:39:26","modified_gmt":"2024-10-30T15:39:26","slug":"pcpr-mira-organizacao-criminosa-especializada-em-roubos-de-cargas","status":"publish","type":"post","link":"https:\/\/www.paranapraia.com.br\/index.php\/2024\/10\/30\/pcpr-mira-organizacao-criminosa-especializada-em-roubos-de-cargas\/","title":{"rendered":"PCPR mira organiza\u00e7\u00e3o criminosa especializada em roubos de cargas"},"content":{"rendered":"\n<p>A Pol\u00edcia Civil do Paran\u00e1 (PCPR) est\u00e1 nas ruas na manh\u00e3 desta quarta-feira (30) para cumprir 24 mandados judiciais, ap\u00f3s uma investiga\u00e7\u00e3o que contou com o apoio ativo da Pol\u00edcia Rodovi\u00e1ria Federal (PRF). A a\u00e7\u00e3o \u00e9 direcionada a uma organiza\u00e7\u00e3o criminosa especializada em furtos e roubos de cargas.<\/p>\n\n\n\n<p>S\u00e3o 12 mandados de pris\u00e3o e 12 de busca e apreens\u00e3o, que est\u00e3o sendo cumpridos em Curitiba, Pai\u00e7andu e Paranagu\u00e1, no Paran\u00e1; e Goi\u00e2nia, em Goi\u00e1s. As pol\u00edcias civis dos respectivos estados tamb\u00e9m est\u00e3o colaborando na opera\u00e7\u00e3o.<\/p>\n\n\n\n<figure class=\"wp-block-video\"><video controls src=\"https:\/\/www.paranapraia.com.br\/wp-content\/uploads\/2024\/10\/WhatsApp-Video-2024-10-30-at-06.56.05.mp4\"><\/video><\/figure>\n\n\n\n<p>As investiga\u00e7\u00f5es revelaram a participa\u00e7\u00e3o do grupo em dois crimes distintos. O primeiro caso envolve um falso roubo de uma carga de pneus, avaliada em mais de meio milh\u00e3o de reais, ocorrido em 3 de dezembro de 2023, em Campina Grande do Sul, na Regi\u00e3o Metropolitana de Curitiba. \u201cNa ocasi\u00e3o, o motorista afirmou ter sido roubado, mas nossas investiga\u00e7\u00f5es, realizadas com apoio da PRF, demonstraram que ele foi aliciado pela organiza\u00e7\u00e3o criminosa e entregou voluntariamente a carga\u201d, explica o delegado da PCPR Andr\u00e9 Feltes.<\/p>\n\n\n\n<p>A organiza\u00e7\u00e3o criminosa utilizou uma empresa de fachada, localizada em Palho\u00e7a (SC), para emitir notas fiscais fraudulentas, facilitando o transporte e a venda dos produtos roubados.<\/p>\n\n\n\n<p>O segundo caso, ocorrido em 8 de fevereiro de 2024 em Campo Largo, tamb\u00e9m na Regi\u00e3o Metropolitana de Curitiba, envolveu o roubo de uma carga de alimentos congelados, incluindo carnes e latic\u00ednios, avaliada em cerca de R$ 350 mil. Segundo a PCPR, um dos membros do grupo, especialista em rastreamento de ve\u00edculos e residente em Goi\u00e2nia, foi contratado para desativar o sistema de rastreamento do caminh\u00e3o, permitindo o roubo da carga para um barrac\u00e3o, onde o transbordo dos produtos foi realizado.<\/p>\n\n\n\n<p>Os suspeitos s\u00e3o investigados por crimes de roubo qualificado com uso de arma de fogo, restri\u00e7\u00e3o de liberdade da v\u00edtima, furto qualificado, falsa comunica\u00e7\u00e3o de crime e organiza\u00e7\u00e3o criminosa.<\/p>\n\n\n\n<p>Investiga\u00e7\u00f5es e opera\u00e7\u00f5es como esta s\u00e3o fundamentais para desarticular organiza\u00e7\u00f5es criminosas especializadas em furtos e roubos de cargas, que causam preju\u00edzos significativos \u00e0 economia e comprometem a seguran\u00e7a p\u00fablica. Ao identificar e prender os respons\u00e1veis, a PCPR reafirma seu compromisso com a prote\u00e7\u00e3o do patrim\u00f4nio e a manuten\u00e7\u00e3o da ordem, destacando a import\u00e2ncia do trabalho coordenado entre as for\u00e7as de seguran\u00e7a para combater o crime organizado de forma eficaz e sistem\u00e1tica.<\/p>\n\n\n\n<p>PCPR<\/p>\n","protected":false},"excerpt":{"rendered":"<p>A Pol\u00edcia Civil do Paran\u00e1 (PCPR) est\u00e1 nas ruas na manh\u00e3 desta quarta-feira (30) para cumprir 24 mandados judiciais, ap\u00f3s uma investiga\u00e7\u00e3o que contou com o apoio ativo da Pol\u00edcia Rodovi\u00e1ria Federal (PRF). A a\u00e7\u00e3o \u00e9 direcionada a uma organiza\u00e7\u00e3o criminosa especializada em furtos e roubos de cargas. S\u00e3o 12 mandados de pris\u00e3o e 12 [&hellip;]<\/p>\n","protected":false},"author":2,"featured_media":61203,"comment_status":"open","ping_status":"open","sticky":false,"template":"","format":"standard","meta":{"advanced_seo_description":"","jetpack_seo_html_title":"","jetpack_seo_noindex":false,"_jetpack_memberships_contains_paid_content":false,"footnotes":""},"categories":[40,33],"tags":[],"class_list":{"0":"post-61202","1":"post","2":"type-post","3":"status-publish","4":"format-standard","5":"has-post-thumbnail","7":"category-destaques","8":"category-policia"},"jetpack_featured_media_url":"https:\/\/www.paranapraia.com.br\/wp-content\/uploads\/2024\/10\/WhatsApp-Image-2024-10-30-at-06.55.47-scaled.jpeg","jetpack_sharing_enabled":true,"_links":{"self":[{"href":"https:\/\/www.paranapraia.com.br\/index.php\/wp-json\/wp\/v2\/posts\/61202"}],"collection":[{"href":"https:\/\/www.paranapraia.com.br\/index.php\/wp-json\/wp\/v2\/posts"}],"about":[{"href":"https:\/\/www.paranapraia.com.br\/index.php\/wp-json\/wp\/v2\/types\/post"}],"author":[{"embeddable":true,"href":"https:\/\/www.paranapraia.com.br\/index.php\/wp-json\/wp\/v2\/users\/2"}],"replies":[{"embeddable":true,"href":"https:\/\/www.paranapraia.com.br\/index.php\/wp-json\/wp\/v2\/comments?post=61202"}],"version-history":[{"count":1,"href":"https:\/\/www.paranapraia.com.br\/index.php\/wp-json\/wp\/v2\/posts\/61202\/revisions"}],"predecessor-version":[{"id":61205,"href":"https:\/\/www.paranapraia.com.br\/index.php\/wp-json\/wp\/v2\/posts\/61202\/revisions\/61205"}],"wp:featuredmedia":[{"embeddable":true,"href":"https:\/\/www.paranapraia.com.br\/index.php\/wp-json\/wp\/v2\/media\/61203"}],"wp:attachment":[{"href":"https:\/\/www.paranapraia.com.br\/index.php\/wp-json\/wp\/v2\/media?parent=61202"}],"wp:term":[{"taxonomy":"category","embeddable":true,"href":"https:\/\/www.paranapraia.com.br\/index.php\/wp-json\/wp\/v2\/categories?post=61202"},{"taxonomy":"post_tag","embeddable":true,"href":"https:\/\/www.paranapraia.com.br\/index.php\/wp-json\/wp\/v2\/tags?post=61202"}],"curies":[{"name":"wp","href":"https:\/\/api.w.org\/{rel}","templated":true}]}}