{"id":61195,"date":"2024-10-30T10:46:17","date_gmt":"2024-10-30T13:46:17","guid":{"rendered":"https:\/\/www.paranapraia.com.br\/?p=61195"},"modified":"2024-10-30T10:46:19","modified_gmt":"2024-10-30T13:46:19","slug":"epr-litoral-pioneiro-inicia-nova-fase-de-obras-no-trecho-urbano-de-paranagua","status":"publish","type":"post","link":"https:\/\/www.paranapraia.com.br\/index.php\/2024\/10\/30\/epr-litoral-pioneiro-inicia-nova-fase-de-obras-no-trecho-urbano-de-paranagua\/","title":{"rendered":"EPR Litoral Pioneiro inicia nova fase de obras no trecho urbano de Paranagu\u00e1"},"content":{"rendered":"\n<p>A EPR Litoral Pioneiro avan\u00e7a com as obras de recupera\u00e7\u00e3o do pavimento nas duas importantes vias sob concess\u00e3o no trecho urbano de Paranagu\u00e1. Depois de concluir a primeira etapa dos trabalhos na avenida Bento Rocha, a interven\u00e7\u00e3o agora ser\u00e1 realizada na avenida Ayrton Senna.<\/p>\n\n\n\n<p>Pouco mais de duas semanas ap\u00f3s o in\u00edcio das obras, a pista sentido BR-277 da avenida Bento Rocha estar\u00e1 temporariamente liberada a partir desta quarta-feira (30). As equipes da EPR Litoral Pioneiro realizaram a troca das placas de concreto que comp\u00f5em o pavimento e que estavam danificadas, medida que permite melhor fluidez no tr\u00e2nsito e seguran\u00e7a. O trabalho no trecho ainda ser\u00e1 finalizado, com novas interven\u00e7\u00f5es que ser\u00e3o divulgadas aos usu\u00e1rios em momento oportuno.<\/p>\n\n\n\n<p>Na avenida Ayrton Senna, os trabalhos ser\u00e3o executados entre os kms 7 e 8, no sentido Curitiba, e tamb\u00e9m come\u00e7am nesta quarta-feira. A via n\u00e3o ser\u00e1 interditada e o fluxo seguir\u00e1 em meia pista para o desvio do tr\u00e1fego. A orienta\u00e7\u00e3o aos motoristas que passam pelo local \u00e9 que redobrem a aten\u00e7\u00e3o e respeitem a sinaliza\u00e7\u00e3o empregada.<\/p>\n\n\n\n<p>\u201cContinuamos com as interven\u00e7\u00f5es necess\u00e1rias nas duas avenidas, que recebem alto fluxo de ve\u00edculos, especialmente de ve\u00edculos pesados. A troca das placas de concreto \u00e9 essencial para a fluidez e a seguran\u00e7a dos usu\u00e1rios\u201d, comenta o diretor de Engenharia da EPR Litoral Pioneiro, Jean Zolett. Ele destaca que a previs\u00e3o \u00e9 que os trabalhos durem aproximadamente 14 dias e a programa\u00e7\u00e3o pode ser alterada devido \u00e0s condi\u00e7\u00f5es clim\u00e1ticas.<\/p>\n\n\n\n<p>Junto com a execu\u00e7\u00e3o das obras, o atendimento operacional da concession\u00e1ria continua \u00e0 disposi\u00e7\u00e3o dos usu\u00e1rios, que podem solicitar pelo n\u00famero 0800 277 0153 atendimento m\u00e9dico, servi\u00e7o de guinchos, caminh\u00e3o pipa e de resgate de animais. Tamb\u00e9m segue em opera\u00e7\u00e3o nas avenidas o monitoramento de tr\u00e1fego.<\/p>\n\n\n\n<p>Sobre a EPR Litoral Pioneiro<br>A EPR Litoral Pioneiro, empresa do grupo EPR, \u00e9 a concession\u00e1ria respons\u00e1vel por administrar os 605 quil\u00f4metros de rodovias das regi\u00f5es do Litoral, Campos Gerais e Norte Pioneiro no Paran\u00e1. Est\u00e3o sob sua administra\u00e7\u00e3o as rodovias federais BR-153, BR-277 &#8211; entre Curitiba e Paranagu\u00e1 &#8211; e BR-369, as estaduais PR-092, PR-151, PR-239, PR-407, PR-408, PR-411, PR-508, PR-804 e PR-855, e as avenidas Ayrton Senna e Bento Rocha, que fazem o acesso ao Porto de Paranagu\u00e1. Estas rodovias percorrem 27 cidades do estado, incluindo a capital Curitiba. O n\u00famero de emerg\u00eancia da concession\u00e1ria \u00e9 0800 277 0153, que tamb\u00e9m funciona via WhatsApp. Acompanhe a EPR Litoral Pioneiro nas redes sociais: @eprlitoralpioneiro (Instagram e Facebook), @EPRLPioneiro (Plataforma X) e no canal no WhatsApp exclusivo para usu\u00e1rios (https:\/\/whatsapp.com\/channel\/0029VaWkVCZ3GJP6kulLJO3T).<\/p>\n","protected":false},"excerpt":{"rendered":"<p>A EPR Litoral Pioneiro avan\u00e7a com as obras de recupera\u00e7\u00e3o do pavimento nas duas importantes vias sob concess\u00e3o no trecho urbano de Paranagu\u00e1. Depois de concluir a primeira etapa dos trabalhos na avenida Bento Rocha, a interven\u00e7\u00e3o agora ser\u00e1 realizada na avenida Ayrton Senna. Pouco mais de duas semanas ap\u00f3s o in\u00edcio das obras, a [&hellip;]<\/p>\n","protected":false},"author":2,"featured_media":61196,"comment_status":"open","ping_status":"open","sticky":false,"template":"","format":"standard","meta":{"advanced_seo_description":"","jetpack_seo_html_title":"","jetpack_seo_noindex":false,"_jetpack_memberships_contains_paid_content":false,"footnotes":""},"categories":[40,77],"tags":[],"class_list":{"0":"post-61195","1":"post","2":"type-post","3":"status-publish","4":"format-standard","5":"has-post-thumbnail","7":"category-destaques","8":"category-paranagua"},"jetpack_featured_media_url":"https:\/\/www.paranapraia.com.br\/wp-content\/uploads\/2024\/10\/IMG-20241030-WA0011-scaled.jpg","jetpack_sharing_enabled":true,"_links":{"self":[{"href":"https:\/\/www.paranapraia.com.br\/index.php\/wp-json\/wp\/v2\/posts\/61195"}],"collection":[{"href":"https:\/\/www.paranapraia.com.br\/index.php\/wp-json\/wp\/v2\/posts"}],"about":[{"href":"https:\/\/www.paranapraia.com.br\/index.php\/wp-json\/wp\/v2\/types\/post"}],"author":[{"embeddable":true,"href":"https:\/\/www.paranapraia.com.br\/index.php\/wp-json\/wp\/v2\/users\/2"}],"replies":[{"embeddable":true,"href":"https:\/\/www.paranapraia.com.br\/index.php\/wp-json\/wp\/v2\/comments?post=61195"}],"version-history":[{"count":1,"href":"https:\/\/www.paranapraia.com.br\/index.php\/wp-json\/wp\/v2\/posts\/61195\/revisions"}],"predecessor-version":[{"id":61197,"href":"https:\/\/www.paranapraia.com.br\/index.php\/wp-json\/wp\/v2\/posts\/61195\/revisions\/61197"}],"wp:featuredmedia":[{"embeddable":true,"href":"https:\/\/www.paranapraia.com.br\/index.php\/wp-json\/wp\/v2\/media\/61196"}],"wp:attachment":[{"href":"https:\/\/www.paranapraia.com.br\/index.php\/wp-json\/wp\/v2\/media?parent=61195"}],"wp:term":[{"taxonomy":"category","embeddable":true,"href":"https:\/\/www.paranapraia.com.br\/index.php\/wp-json\/wp\/v2\/categories?post=61195"},{"taxonomy":"post_tag","embeddable":true,"href":"https:\/\/www.paranapraia.com.br\/index.php\/wp-json\/wp\/v2\/tags?post=61195"}],"curies":[{"name":"wp","href":"https:\/\/api.w.org\/{rel}","templated":true}]}}