{"id":60742,"date":"2024-10-09T10:01:31","date_gmt":"2024-10-09T13:01:31","guid":{"rendered":"https:\/\/www.paranapraia.com.br\/?p=60742"},"modified":"2024-10-09T10:01:33","modified_gmt":"2024-10-09T13:01:33","slug":"governo-do-estado-comeca-a-ligar-os-145-superpostes-da-nova-orla-de-matinhos","status":"publish","type":"post","link":"https:\/\/www.paranapraia.com.br\/index.php\/2024\/10\/09\/governo-do-estado-comeca-a-ligar-os-145-superpostes-da-nova-orla-de-matinhos\/","title":{"rendered":"Governo do Estado come\u00e7a a ligar os 145 superpostes da nova orla de Matinhos"},"content":{"rendered":"\n<p>O Instituto \u00c1gua e Terra (IAT) finalizou segunda-feira (7) a instala\u00e7\u00e3o dos 145 superpostes que far\u00e3o a ilumina\u00e7\u00e3o p\u00fablica da nova orla de Matinhos, no Litoral. Parte dos equipamentos, inclusive, j\u00e1 foi ligado, clareando um trecho de aproximadamente um quil\u00f4metro da Avenida Atl\u00e2ntica do balne\u00e1rio.<\/p>\n\n\n\n<p>Os t\u00e9cnicos agora se concentram na instala\u00e7\u00e3o dos m\u00f3dulos solares, com placas fotovoltaicas que se utilizar\u00e3o da luz para produzir energia, e da ilumina\u00e7\u00e3o c\u00eanica de alguns pontos da orla. A interven\u00e7\u00e3o come\u00e7ou em fevereiro deste ano e tem previs\u00e3o de t\u00e9rmino para dezembro, antes da pr\u00f3xima temporada de ver\u00e3o. O investimento \u00e9 de R$ 15 milh\u00f5es. O IAT \u00e9 vinculado \u00e0 Secretaria do Desenvolvimento Sustent\u00e1vel (Sedest).<\/p>\n\n\n\n<p>\u201cEssa nova ilumina\u00e7\u00e3o vai trazer mais conforto e seguran\u00e7a para os veranistas e moradores de Matinhos. As pessoas v\u00e3o poder usar a praia \u00e0 noite, movimentado a cidade, a vida noturna e o com\u00e9rcio local. Ter\u00e1 um benef\u00edcio grande tamb\u00e9m para a realiza\u00e7\u00e3o de eventos, deixando a cidade ainda mais preparada para o turismo\u201d, afirmou o secret\u00e1rio de Estado do Desenvolvimento Sustent\u00e1vel, Everton Souza.<\/p>\n\n\n\n<p>\u201cFizemos testes na segunda-feira (7) e pudemos perceber a capacidade e a qualidade desta nova ilumina\u00e7\u00e3o. \u00c9 mais um passo que o Governo do Estado d\u00e1 nessa transforma\u00e7\u00e3o do nosso Litoral. A pr\u00f3xima temporada de Ver\u00e3o j\u00e1 ser\u00e1 com orla nova e ilumina\u00e7\u00e3o nova\u201d, acrescentou.<\/p>\n\n\n\n<p><strong>PROJETO<\/strong>&nbsp;\u2013 Os postes inteligentes, com 17 metros cada um, foram erguidos ao longo dos 6,3 quil\u00f4metros de revitaliza\u00e7\u00e3o da orla, entre o Morro do Boi e o balne\u00e1rio Fl\u00f3rida. A obra inclui servi\u00e7os de engenharia para implanta\u00e7\u00e3o de infraestrutura el\u00e9trica; ilumina\u00e7\u00e3o com destaque com projetores em LED; luzes c\u00eanicas nas cinco estruturas mar\u00edtimas que comp\u00f5e o projeto; sistema de automa\u00e7\u00e3o; e gera\u00e7\u00e3o de energia solar.<\/p>\n\n\n\n<p>Os postes inteligentes tamb\u00e9m recebem placas fotovoltaicas, que se utilizar\u00e3o da luz solar para produzir energia. Al\u00e9m do pr\u00f3prio consumo, a tecnologia vai permitir que sejam instaladas \u00e1reas de descanso ao longo da orla com a disponibiliza\u00e7\u00e3o de tomadas gratuitas para recarregar aparelhos eletr\u00f4nicos como celulares e tablets. A proposta disponibiliza tamb\u00e9m toda a infraestrutura para a incorpora\u00e7\u00e3o de pontos com internet wi-fi.<\/p>\n\n\n\n<p>Diretor-presidente do IAT, Jos\u00e9 Luiz Scroccaro explica que o sistema vai permitir que as cinco estruturas mar\u00edtimas constru\u00eddas ao longo da faixa de areia \u2013 espig\u00e3o da Praia Brava, os guias de correntes da Avenida Paran\u00e1 e de Matinhos e os headlands dos balne\u00e1rios Riviera e Fl\u00f3rida \u2013 se transformem em novos pontos tur\u00edsticos de Matinhos.<\/p>\n\n\n\n<p>\u201cCom essa luz c\u00eanica com projetores de LED, podemos mudar a ilumina\u00e7\u00e3o desses locais de acordo com a necessidade e o tema. Por exemplo, deix\u00e1-los rosa para o Outubro Rosa ou com as cores do Natal no fim do ano\u201d, destacou.<\/p>\n\n\n\n<p><strong>OBRA<\/strong>&nbsp;\u2013 O projeto de revitaliza\u00e7\u00e3o da orla de Matinhos, iniciado em julho de 2022, contempla a engorda da faixa de areia por meio de aterro hidr\u00e1ulico; estruturas mar\u00edtimas semirr\u00edgidas; canais de macrodrenagem e redes de microdrenagem e revitaliza\u00e7\u00e3o urban\u00edstica da orla mar\u00edtima com o plantio de esp\u00e9cies nativas.<\/p>\n\n\n\n<p>A reestrutura\u00e7\u00e3o \u00e9 acompanhada de melhorias na pavimenta\u00e7\u00e3o asf\u00e1ltica e recupera\u00e7\u00e3o de vias urbanas. O objetivo \u00e9 minimizar os impactos gerados pela combina\u00e7\u00e3o do desequil\u00edbrio de sedimentos, ocupa\u00e7\u00f5es mal planejadas e fen\u00f4menos naturais, como chuvas fortes e ressacas que costumeiramente atingem o Litoral. Neste momento est\u00e3o sendo finalizadas as obras de urbaniza\u00e7\u00e3o e prossegue o processo de drenagem.<\/p>\n\n\n\n<p>A proposta completa prev\u00ea, ainda, uma segunda etapa, ainda sem previs\u00e3o de data, em que ser\u00e1 recuperado o trecho de 1,7 quil\u00f4metro entre os balne\u00e1rios Fl\u00f3rida e Saint Etienne. Somadas as duas fases o investimento \u00e9 superior a R$ 500 milh\u00f5es.<\/p>\n\n\n\n<p>AEN<\/p>\n","protected":false},"excerpt":{"rendered":"<p>O Instituto \u00c1gua e Terra (IAT) finalizou segunda-feira (7) a instala\u00e7\u00e3o dos 145 superpostes que far\u00e3o a ilumina\u00e7\u00e3o p\u00fablica da nova orla de Matinhos, no Litoral. Parte dos equipamentos, inclusive, j\u00e1 foi ligado, clareando um trecho de aproximadamente um quil\u00f4metro da Avenida Atl\u00e2ntica do balne\u00e1rio. Os t\u00e9cnicos agora se concentram na instala\u00e7\u00e3o dos m\u00f3dulos solares, [&hellip;]<\/p>\n","protected":false},"author":2,"featured_media":60743,"comment_status":"open","ping_status":"open","sticky":false,"template":"","format":"standard","meta":{"advanced_seo_description":"","jetpack_seo_html_title":"","jetpack_seo_noindex":false,"_jetpack_memberships_contains_paid_content":false,"footnotes":""},"categories":[40,88],"tags":[],"class_list":{"0":"post-60742","1":"post","2":"type-post","3":"status-publish","4":"format-standard","5":"has-post-thumbnail","7":"category-destaques","8":"category-matinhos"},"jetpack_featured_media_url":"https:\/\/www.paranapraia.com.br\/wp-content\/uploads\/2024\/10\/postes-ponte-04-scaled.jpg","jetpack_sharing_enabled":true,"_links":{"self":[{"href":"https:\/\/www.paranapraia.com.br\/index.php\/wp-json\/wp\/v2\/posts\/60742"}],"collection":[{"href":"https:\/\/www.paranapraia.com.br\/index.php\/wp-json\/wp\/v2\/posts"}],"about":[{"href":"https:\/\/www.paranapraia.com.br\/index.php\/wp-json\/wp\/v2\/types\/post"}],"author":[{"embeddable":true,"href":"https:\/\/www.paranapraia.com.br\/index.php\/wp-json\/wp\/v2\/users\/2"}],"replies":[{"embeddable":true,"href":"https:\/\/www.paranapraia.com.br\/index.php\/wp-json\/wp\/v2\/comments?post=60742"}],"version-history":[{"count":1,"href":"https:\/\/www.paranapraia.com.br\/index.php\/wp-json\/wp\/v2\/posts\/60742\/revisions"}],"predecessor-version":[{"id":60744,"href":"https:\/\/www.paranapraia.com.br\/index.php\/wp-json\/wp\/v2\/posts\/60742\/revisions\/60744"}],"wp:featuredmedia":[{"embeddable":true,"href":"https:\/\/www.paranapraia.com.br\/index.php\/wp-json\/wp\/v2\/media\/60743"}],"wp:attachment":[{"href":"https:\/\/www.paranapraia.com.br\/index.php\/wp-json\/wp\/v2\/media?parent=60742"}],"wp:term":[{"taxonomy":"category","embeddable":true,"href":"https:\/\/www.paranapraia.com.br\/index.php\/wp-json\/wp\/v2\/categories?post=60742"},{"taxonomy":"post_tag","embeddable":true,"href":"https:\/\/www.paranapraia.com.br\/index.php\/wp-json\/wp\/v2\/tags?post=60742"}],"curies":[{"name":"wp","href":"https:\/\/api.w.org\/{rel}","templated":true}]}}