{"id":60739,"date":"2024-10-09T09:41:34","date_gmt":"2024-10-09T12:41:34","guid":{"rendered":"https:\/\/www.paranapraia.com.br\/?p=60739"},"modified":"2024-10-09T09:41:36","modified_gmt":"2024-10-09T12:41:36","slug":"comitiva-da-marinha-do-brasil-visita-o-porto-de-paranagua","status":"publish","type":"post","link":"https:\/\/www.paranapraia.com.br\/index.php\/2024\/10\/09\/comitiva-da-marinha-do-brasil-visita-o-porto-de-paranagua\/","title":{"rendered":"Comitiva da Marinha do Brasil visita o Porto de Paranagu\u00e1"},"content":{"rendered":"\n<p><em>Comandante do 8\u00ba Distrito Naval conheceu os projetos log\u00edsticos e investimentos portu\u00e1rios no Estado<\/em><\/p>\n\n\n\n<p>A Portos do Paran\u00e1 recebeu nesta ter\u00e7a-feira, dia 08, a comitiva da Marinha do Brasil. O comandante do 8.\u00b0 Distrito Naval, o vice-almirante Marco Antonio Ismael Trov\u00e3o de Oliveira, o capit\u00e3o de Corveta e encarregado do SSN8, Pablo Araujo Barbosa, o comandante da Capitania dos Portos do Paran\u00e1, capit\u00e3o de Mar e Guerra Anderson Brito de Melo e o integrante da Coaliz\u00e3o Empresarial pelos Portos do Paran\u00e1, Antonio Saad Gebran visitaram o Porto de Paranagu\u00e1.<\/p>\n\n\n\n<p>&#8220;\u00c9 sempre um prazer receber a visita do comando da Marinha do Brasil aqui na Portos do Paran\u00e1. Temos uma rela\u00e7\u00e3o muito harmoniosa e de grande parceria, principalmente na seguran\u00e7a de todas as opera\u00e7\u00f5es realizadas nas Ba\u00edas de Paranagu\u00e1 e Antonina\u201d, destacou o diretor-presidente da Portos do Paran\u00e1, Luiz Fernando Garcia.&nbsp;<\/p>\n\n\n\n<p>Durante o encontro, o diretor-presidente apresentou os projetos log\u00edsticos e os resultados obtidos com os investimentos realizados.&nbsp;<\/p>\n\n\n\n<p>&#8220;A Portos do Paran\u00e1 tornou-se a \u00fanica do Pa\u00eds a ganhar cinco vezes o t\u00edtulo do governo federal de melhor gest\u00e3o portu\u00e1ria do Brasil. Al\u00e9m disso, no m\u00eas passado, fomos reconhecidos entre as 1.000 maiores empresas do Pa\u00eds, na 51\u00aa edi\u00e7\u00e3o do Maiores e Melhores Exame 2024. Estas conquistas merecem ser compartilhadas entre os nossos visitantes, que fazem parte destas vit\u00f3rias&#8221;, refor\u00e7ou Garcia.<\/p>\n\n\n\n<p>Assessoria<\/p>\n","protected":false},"excerpt":{"rendered":"<p>Comandante do 8\u00ba Distrito Naval conheceu os projetos log\u00edsticos e investimentos portu\u00e1rios no Estado A Portos do Paran\u00e1 recebeu nesta ter\u00e7a-feira, dia 08, a comitiva da Marinha do Brasil. O comandante do 8.\u00b0 Distrito Naval, o vice-almirante Marco Antonio Ismael Trov\u00e3o de Oliveira, o capit\u00e3o de Corveta e encarregado do SSN8, Pablo Araujo Barbosa, o [&hellip;]<\/p>\n","protected":false},"author":2,"featured_media":60740,"comment_status":"open","ping_status":"open","sticky":false,"template":"","format":"standard","meta":{"advanced_seo_description":"","jetpack_seo_html_title":"","jetpack_seo_noindex":false,"_jetpack_memberships_contains_paid_content":false,"footnotes":""},"categories":[40,74],"tags":[],"class_list":{"0":"post-60739","1":"post","2":"type-post","3":"status-publish","4":"format-standard","5":"has-post-thumbnail","7":"category-destaques","8":"category-setor-portuario"},"jetpack_featured_media_url":"https:\/\/www.paranapraia.com.br\/wp-content\/uploads\/2024\/10\/whatsapp-image-2024-10-08-at-20.21.17-_1_-scaled.jpg","jetpack_sharing_enabled":true,"_links":{"self":[{"href":"https:\/\/www.paranapraia.com.br\/index.php\/wp-json\/wp\/v2\/posts\/60739"}],"collection":[{"href":"https:\/\/www.paranapraia.com.br\/index.php\/wp-json\/wp\/v2\/posts"}],"about":[{"href":"https:\/\/www.paranapraia.com.br\/index.php\/wp-json\/wp\/v2\/types\/post"}],"author":[{"embeddable":true,"href":"https:\/\/www.paranapraia.com.br\/index.php\/wp-json\/wp\/v2\/users\/2"}],"replies":[{"embeddable":true,"href":"https:\/\/www.paranapraia.com.br\/index.php\/wp-json\/wp\/v2\/comments?post=60739"}],"version-history":[{"count":1,"href":"https:\/\/www.paranapraia.com.br\/index.php\/wp-json\/wp\/v2\/posts\/60739\/revisions"}],"predecessor-version":[{"id":60741,"href":"https:\/\/www.paranapraia.com.br\/index.php\/wp-json\/wp\/v2\/posts\/60739\/revisions\/60741"}],"wp:featuredmedia":[{"embeddable":true,"href":"https:\/\/www.paranapraia.com.br\/index.php\/wp-json\/wp\/v2\/media\/60740"}],"wp:attachment":[{"href":"https:\/\/www.paranapraia.com.br\/index.php\/wp-json\/wp\/v2\/media?parent=60739"}],"wp:term":[{"taxonomy":"category","embeddable":true,"href":"https:\/\/www.paranapraia.com.br\/index.php\/wp-json\/wp\/v2\/categories?post=60739"},{"taxonomy":"post_tag","embeddable":true,"href":"https:\/\/www.paranapraia.com.br\/index.php\/wp-json\/wp\/v2\/tags?post=60739"}],"curies":[{"name":"wp","href":"https:\/\/api.w.org\/{rel}","templated":true}]}}