{"id":60732,"date":"2024-10-07T21:02:15","date_gmt":"2024-10-08T00:02:15","guid":{"rendered":"https:\/\/www.paranapraia.com.br\/?p=60732"},"modified":"2024-10-07T21:02:17","modified_gmt":"2024-10-08T00:02:17","slug":"mauricio-lense-e-eleito-prefeito-de-guaratuba-com-5628-dos-votos-e-ampla-alianca-politica","status":"publish","type":"post","link":"https:\/\/www.paranapraia.com.br\/index.php\/2024\/10\/07\/mauricio-lense-e-eleito-prefeito-de-guaratuba-com-5628-dos-votos-e-ampla-alianca-politica\/","title":{"rendered":"Maur\u00edcio Lense \u00e9 eleito prefeito de Guaratuba com 56,28% dos votos e ampla alian\u00e7a pol\u00edtica"},"content":{"rendered":"\n<p>Maur\u00edcio Lense (Podemos) e Evani Justus (MDB) venceram a elei\u00e7\u00e3o de Guaratuba no 1\u00ba turno, com 56,28% dos votos. A coliga\u00e7\u00e3o \u201cUni\u00e3o por uma Nova Guaratuba\u201d, composta por partidos como PRD, PSB, PSDB e PRTB, reuniu importantes lideran\u00e7as pol\u00edticas locais, como o ex-prefeito Jos\u00e9 Ananias e o ex-vice Jean Colbert Dias. A elei\u00e7\u00e3o marcou uma virada significativa na pol\u00edtica local, com Lense conquistando 12.764 votos contra 9.765 de Fernanda Monteiro (PSD).<\/p>\n\n\n\n<p>Com uma base inicial de apenas quatro dos 13 vereadores eleitos, o prefeito eleito enfrenta o desafio de ampliar o apoio na C\u00e2mara Municipal. A diversidade de alian\u00e7as que garantiu sua elei\u00e7\u00e3o, com apoios que inclu\u00edram at\u00e9 dissidentes de partidos da oposi\u00e7\u00e3o, ser\u00e1 refletida na montagem do secretariado e na governabilidade nos pr\u00f3ximos quatro anos. Espera-se uma reorganiza\u00e7\u00e3o do cen\u00e1rio pol\u00edtico local, com a possibilidade de novos apoios emergirem para fortalecer a gest\u00e3o de Lense.<\/p>\n\n\n\n<p>A coliga\u00e7\u00e3o de Lense e Evani teve um papel decisivo, e os eleitos pela chapa incluem Ricardo Borba (Podemos), Andr\u00e9 Montemezzo (Podemos), Sandra Bertipaglia (Podemos) e Juliano Petruquio (MDB). A oposi\u00e7\u00e3o, composta por C\u00e1tia do Doro (PSD), Zaqueu Clarinda \u201cRato\u201d (Avante), Wallace Aguiar (Avante), entre outros, tamb\u00e9m ter\u00e1 forte presen\u00e7a na C\u00e2mara. O prefeito eleito assume em 1\u00ba de janeiro com o compromisso de fortalecer a infraestrutura da cidade, modernizar a gest\u00e3o e criar novas oportunidades de desenvolvimento econ\u00f4mico, especialmente no turismo e com\u00e9rcio local.<\/p>\n\n\n\n<p>Reda\u00e7\u00e3o<\/p>\n","protected":false},"excerpt":{"rendered":"<p>Maur\u00edcio Lense (Podemos) e Evani Justus (MDB) venceram a elei\u00e7\u00e3o de Guaratuba no 1\u00ba turno, com 56,28% dos votos. A coliga\u00e7\u00e3o \u201cUni\u00e3o por uma Nova Guaratuba\u201d, composta por partidos como PRD, PSB, PSDB e PRTB, reuniu importantes lideran\u00e7as pol\u00edticas locais, como o ex-prefeito Jos\u00e9 Ananias e o ex-vice Jean Colbert Dias. A elei\u00e7\u00e3o marcou uma [&hellip;]<\/p>\n","protected":false},"author":2,"featured_media":60733,"comment_status":"open","ping_status":"open","sticky":false,"template":"","format":"standard","meta":{"advanced_seo_description":"","jetpack_seo_html_title":"","jetpack_seo_noindex":false,"_jetpack_memberships_contains_paid_content":false,"footnotes":""},"categories":[40,99,32],"tags":[],"class_list":{"0":"post-60732","1":"post","2":"type-post","3":"status-publish","4":"format-standard","5":"has-post-thumbnail","7":"category-destaques","8":"category-guaratuba","9":"category-politica"},"jetpack_featured_media_url":"https:\/\/www.paranapraia.com.br\/wp-content\/uploads\/2024\/10\/Evani-e-Mauricio-750x422-1.jpg","jetpack_sharing_enabled":true,"_links":{"self":[{"href":"https:\/\/www.paranapraia.com.br\/index.php\/wp-json\/wp\/v2\/posts\/60732"}],"collection":[{"href":"https:\/\/www.paranapraia.com.br\/index.php\/wp-json\/wp\/v2\/posts"}],"about":[{"href":"https:\/\/www.paranapraia.com.br\/index.php\/wp-json\/wp\/v2\/types\/post"}],"author":[{"embeddable":true,"href":"https:\/\/www.paranapraia.com.br\/index.php\/wp-json\/wp\/v2\/users\/2"}],"replies":[{"embeddable":true,"href":"https:\/\/www.paranapraia.com.br\/index.php\/wp-json\/wp\/v2\/comments?post=60732"}],"version-history":[{"count":1,"href":"https:\/\/www.paranapraia.com.br\/index.php\/wp-json\/wp\/v2\/posts\/60732\/revisions"}],"predecessor-version":[{"id":60734,"href":"https:\/\/www.paranapraia.com.br\/index.php\/wp-json\/wp\/v2\/posts\/60732\/revisions\/60734"}],"wp:featuredmedia":[{"embeddable":true,"href":"https:\/\/www.paranapraia.com.br\/index.php\/wp-json\/wp\/v2\/media\/60733"}],"wp:attachment":[{"href":"https:\/\/www.paranapraia.com.br\/index.php\/wp-json\/wp\/v2\/media?parent=60732"}],"wp:term":[{"taxonomy":"category","embeddable":true,"href":"https:\/\/www.paranapraia.com.br\/index.php\/wp-json\/wp\/v2\/categories?post=60732"},{"taxonomy":"post_tag","embeddable":true,"href":"https:\/\/www.paranapraia.com.br\/index.php\/wp-json\/wp\/v2\/tags?post=60732"}],"curies":[{"name":"wp","href":"https:\/\/api.w.org\/{rel}","templated":true}]}}