{"id":60729,"date":"2024-10-07T20:46:25","date_gmt":"2024-10-07T23:46:25","guid":{"rendered":"https:\/\/www.paranapraia.com.br\/?p=60729"},"modified":"2024-10-07T20:46:27","modified_gmt":"2024-10-07T23:46:27","slug":"adriano-ramos-e-eleito-prefeito-de-paranagua-com-7230-dos-votos-no-1o-turno","status":"publish","type":"post","link":"https:\/\/www.paranapraia.com.br\/index.php\/2024\/10\/07\/adriano-ramos-e-eleito-prefeito-de-paranagua-com-7230-dos-votos-no-1o-turno\/","title":{"rendered":"Adriano Ramos \u00e9 eleito prefeito de Paranagu\u00e1 com 72,30% dos votos no 1\u00ba turno"},"content":{"rendered":"\n<p>Adriano Ramos, do Republicanos, foi eleito prefeito de Paranagu\u00e1 (PR) no primeiro turno das elei\u00e7\u00f5es de 2024, conquistando 72,30% dos votos v\u00e1lidos, o que representa 58.206 votos. Seu principal advers\u00e1rio, Andr\u00e9 Pioli (PSD), recebeu 23,41% dos votos, com 18.847 votos. A elei\u00e7\u00e3o municipal contou com uma absten\u00e7\u00e3o de 21,57%, envolvendo 23.368 eleitores que n\u00e3o compareceram \u00e0s urnas.<\/p>\n\n\n\n<p>Adriano Ramos, de 55 anos, \u00e9 despachante e teve sua candidatura apoiada por uma ampla coliga\u00e7\u00e3o chamada &#8220;A Paranagu\u00e1 de Todos&#8221;, que re\u00fane Republicanos, Uni\u00e3o Brasil, PODE, NOVO, DC, PRTB, Mobiliza e Solidariedade. O vice-prefeito eleito \u00e9 Fabiana Parro, de 48 anos, tamb\u00e9m integrante da coliga\u00e7\u00e3o, pelo Uni\u00e3o Brasil.<\/p>\n\n\n\n<p>A cidade de Paranagu\u00e1, localizada no litoral do Paran\u00e1, vive uma nova fase pol\u00edtica com Ramos \u00e0 frente da prefeitura para o mandato de 2024-2028. Ele apresentou uma proposta de governo voltada ao desenvolvimento econ\u00f4mico sustent\u00e1vel, \u00e0 gera\u00e7\u00e3o de emprego e \u00e0 melhoria da infraestrutura urbana, al\u00e9m de um foco em modernizar os servi\u00e7os p\u00fablicos. Ramos tamb\u00e9m destacou que pretende promover a participa\u00e7\u00e3o popular na administra\u00e7\u00e3o da cidade, garantindo que as decis\u00f5es de seu governo estejam alinhadas com as necessidades da popula\u00e7\u00e3o.<\/p>\n\n\n\n<p>A gest\u00e3o de Ramos tamb\u00e9m ter\u00e1 um olhar atento \u00e0 amplia\u00e7\u00e3o do potencial tur\u00edstico de Paranagu\u00e1, um dos destinos hist\u00f3ricos mais importantes do estado, e \u00e0 preserva\u00e7\u00e3o ambiental, especialmente em rela\u00e7\u00e3o \u00e0 Ba\u00eda de Paranagu\u00e1, \u00e1rea de import\u00e2ncia ecol\u00f3gica.<\/p>\n\n\n\n<p>Com uma vit\u00f3ria expressiva nas urnas, Ramos assume a prefeitura de Paranagu\u00e1 com o desafio de responder \u00e0s demandas da popula\u00e7\u00e3o e implementar as propostas de crescimento e desenvolvimento da cidade nos pr\u00f3ximos quatro anos.<\/p>\n\n\n\n<p>Reda\u00e7\u00e3o<\/p>\n","protected":false},"excerpt":{"rendered":"<p>Adriano Ramos, do Republicanos, foi eleito prefeito de Paranagu\u00e1 (PR) no primeiro turno das elei\u00e7\u00f5es de 2024, conquistando 72,30% dos votos v\u00e1lidos, o que representa 58.206 votos. Seu principal advers\u00e1rio, Andr\u00e9 Pioli (PSD), recebeu 23,41% dos votos, com 18.847 votos. A elei\u00e7\u00e3o municipal contou com uma absten\u00e7\u00e3o de 21,57%, envolvendo 23.368 eleitores que n\u00e3o compareceram [&hellip;]<\/p>\n","protected":false},"author":2,"featured_media":60730,"comment_status":"open","ping_status":"open","sticky":false,"template":"","format":"standard","meta":{"advanced_seo_description":"","jetpack_seo_html_title":"","jetpack_seo_noindex":false,"_jetpack_memberships_contains_paid_content":false,"footnotes":""},"categories":[40,77,32],"tags":[],"class_list":{"0":"post-60729","1":"post","2":"type-post","3":"status-publish","4":"format-standard","5":"has-post-thumbnail","7":"category-destaques","8":"category-paranagua","9":"category-politica"},"jetpack_featured_media_url":"https:\/\/www.paranapraia.com.br\/wp-content\/uploads\/2024\/10\/67jk5qe-scaled.jpg","jetpack_sharing_enabled":true,"_links":{"self":[{"href":"https:\/\/www.paranapraia.com.br\/index.php\/wp-json\/wp\/v2\/posts\/60729"}],"collection":[{"href":"https:\/\/www.paranapraia.com.br\/index.php\/wp-json\/wp\/v2\/posts"}],"about":[{"href":"https:\/\/www.paranapraia.com.br\/index.php\/wp-json\/wp\/v2\/types\/post"}],"author":[{"embeddable":true,"href":"https:\/\/www.paranapraia.com.br\/index.php\/wp-json\/wp\/v2\/users\/2"}],"replies":[{"embeddable":true,"href":"https:\/\/www.paranapraia.com.br\/index.php\/wp-json\/wp\/v2\/comments?post=60729"}],"version-history":[{"count":1,"href":"https:\/\/www.paranapraia.com.br\/index.php\/wp-json\/wp\/v2\/posts\/60729\/revisions"}],"predecessor-version":[{"id":60731,"href":"https:\/\/www.paranapraia.com.br\/index.php\/wp-json\/wp\/v2\/posts\/60729\/revisions\/60731"}],"wp:featuredmedia":[{"embeddable":true,"href":"https:\/\/www.paranapraia.com.br\/index.php\/wp-json\/wp\/v2\/media\/60730"}],"wp:attachment":[{"href":"https:\/\/www.paranapraia.com.br\/index.php\/wp-json\/wp\/v2\/media?parent=60729"}],"wp:term":[{"taxonomy":"category","embeddable":true,"href":"https:\/\/www.paranapraia.com.br\/index.php\/wp-json\/wp\/v2\/categories?post=60729"},{"taxonomy":"post_tag","embeddable":true,"href":"https:\/\/www.paranapraia.com.br\/index.php\/wp-json\/wp\/v2\/tags?post=60729"}],"curies":[{"name":"wp","href":"https:\/\/api.w.org\/{rel}","templated":true}]}}