{"id":60719,"date":"2024-10-07T11:24:29","date_gmt":"2024-10-07T14:24:29","guid":{"rendered":"https:\/\/www.paranapraia.com.br\/?p=60719"},"modified":"2024-10-07T11:24:31","modified_gmt":"2024-10-07T14:24:31","slug":"com-reforco-do-efetivo-eleicoes-ocorrem-de-forma-tranquila-em-todo-o-estado-neste-domingo","status":"publish","type":"post","link":"https:\/\/www.paranapraia.com.br\/index.php\/2024\/10\/07\/com-reforco-do-efetivo-eleicoes-ocorrem-de-forma-tranquila-em-todo-o-estado-neste-domingo\/","title":{"rendered":"Com refor\u00e7o do efetivo, elei\u00e7\u00f5es ocorrem de forma tranquila em todo o Estado neste domingo"},"content":{"rendered":"\n<p>As for\u00e7as de seguran\u00e7a p\u00fablica do Paran\u00e1 garantiram que o domingo (06) de elei\u00e7\u00e3o ocorresse de forma tranquila em todo o Estado. Mais de 9,5 mil policiais, entre militares, civis, penais e cient\u00edficos e bombeiros militares participaram da Opera\u00e7\u00e3o Elei\u00e7\u00f5es 2024, coordenada pelo Centro Integrado de Comando e Controle Nacional (CICCN), em Bras\u00edlia, com apoio do CICC Regional, em Curitiba.<\/p>\n\n\n\n<p>De acordo com o secret\u00e1rio de Seguran\u00e7a P\u00fablica do Paran\u00e1, Hudson Teixeira, o refor\u00e7o do efetivo garantiu uma vota\u00e7\u00e3o tranquila para os paranaenses. \u201cNos \u00faltimos meses desenvolvemos um planejamento para assegurar que as elei\u00e7\u00f5es ocorressem de maneira pac\u00edfica, permitindo que todos os paranaenses pudessem exercer seu direito de voto\u201d, afirmou.<\/p>\n\n\n\n<p>A principal atua\u00e7\u00e3o das for\u00e7as de seguran\u00e7a foi no combate aos crimes eleitorais em cart\u00f3rios eleitorais, locais de vota\u00e7\u00e3o e de apura\u00e7\u00e3o. Foram registradas 30 deten\u00e7\u00f5es por crimes eleitorais em todo o Paran\u00e1; 103 ocorr\u00eancias de boca de urna; 13 viola\u00e7\u00f5es de sigilo do voto; 26 ocorr\u00eancias de propaganda irregular; nove casos de compra de votos; e 16 registros de transporte ilegal de eleitores.<\/p>\n\n\n\n<p>\u201cTivemos um n\u00famero razo\u00e1vel de ocorr\u00eancias no per\u00edodo da manh\u00e3, enquanto que no per\u00edodo da tarde a situa\u00e7\u00e3o foi um pouco mais tranquila, sem gravidades. Alguns munic\u00edpios registraram ocorr\u00eancias envolvendo alguns candidatos que foram detidos e encaminhados, mas nada que tenha fugido da normalidade\u201d, explicou o coordenador de Opera\u00e7\u00f5es Integradas de Seguran\u00e7a P\u00fablica, coronel S\u00e9rgio Augusto Ramos.<\/p>\n\n\n\n<p>\u201cO pleito municipal geralmente \u00e9 um pouco mais acirrado, os candidatos t\u00eam muito mais proximidade com a popula\u00e7\u00e3o, mas nada que pudesse interferir com toda a organiza\u00e7\u00e3o da Opera\u00e7\u00e3o Elei\u00e7\u00f5es\u201d, completou. As informa\u00e7\u00f5es sobre a atua\u00e7\u00e3o policial foram inseridas na Plataforma C\u00f3rtex, que agrega os dados relacionados \u00e0 opera\u00e7\u00e3o.<\/p>\n\n\n\n<p>A Secretaria do Estado de Seguran\u00e7a P\u00fablica (Sesp) reuniu no Centro Integrado de Comando Regional todas as for\u00e7as de seguran\u00e7a do Estado, em conjunto com a Pol\u00edcia Federal (PF), Pol\u00edcia Rodovi\u00e1ria Federal (PRF) e o Minist\u00e9rio P\u00fablico Federal (MPF). O objetivo foi organizar e coletar as informa\u00e7\u00f5es de todos os munic\u00edpios do Estado, referente \u00e0s ocorr\u00eancias envolvendo a elei\u00e7\u00e3o, para compor um banco de dados sobre o pleito eleitoral.<\/p>\n\n\n\n<p>Al\u00e9m dos 9,5 mil agentes da seguran\u00e7a p\u00fablica e das diversas viaturas nas ruas e em locais de vota\u00e7\u00e3o, aeronaves estavam de prontid\u00e3o em caso de necessidade.<\/p>\n\n\n\n<p><strong>PENAL&nbsp;<\/strong>\u2013 Al\u00e9m do refor\u00e7o de efetivo nas ruas de todo o Estado, a Pol\u00edcia Penal do Paran\u00e1 (PPPR), em parceria com a Justi\u00e7a Eleitoral, tamb\u00e9m promoveu a vota\u00e7\u00e3o nas unidades prisionais, garantindo \u00e0s pessoas privadas de liberdade o exerc\u00edcio da cidadania. A a\u00e7\u00e3o faz parte de um acordo de coopera\u00e7\u00e3o para a instala\u00e7\u00e3o de se\u00e7\u00f5es eleitorais nos estabelecimentos penais.<\/p>\n\n\n\n<p>Segundo a Constitui\u00e7\u00e3o Federal, pessoas em pris\u00e3o provis\u00f3ria mant\u00eam o direito ao voto, uma vez que ainda n\u00e3o foram condenadas em definitivo. Essa a\u00e7\u00e3o refor\u00e7a o compromisso da PPPR em garantir o exerc\u00edcio pleno da cidadania, permitindo que esses indiv\u00edduos participem do processo eleitoral e continuem exercendo seus direitos pol\u00edticos enquanto aguardam julgamento.<\/p>\n\n\n\n<p>Ao todo, 66 pessoas privadas de liberdade que votaram em todo o Estado, sendo 21 na Regional de Ponta Grossa, nos Campos Gerais; sete na Regional de Londrina, no Norte; 10 na Regional de Cascavel, no Oeste; e 28 na Regional de Curitiba.<\/p>\n\n\n\n<p><strong>OPERA\u00c7\u00c3O ELEI\u00c7\u00d5ES<\/strong>\u00a0\u2013 A Opera\u00e7\u00e3o Elei\u00e7\u00f5es 2024 tem como objetivo garantir a seguran\u00e7a dos paranaenses durante o pleito eleitoral. Al\u00e9m dos representantes institucionais das for\u00e7as vinculadas a Sesp (pol\u00edcias Militar, Civil, Cient\u00edfica, Penal e Corpo de Bombeiros), tamb\u00e9m atuam representantes do Tribunal Superior Eleitoral (TSE), da Pol\u00edcia Federal (PF), da Pol\u00edcia Rodovi\u00e1ria Federal (PRF), do Minist\u00e9rio da Defesa, da Ag\u00eancia Brasileira de Intelig\u00eancia (Abin) e Secretaria Nacional de Prote\u00e7\u00e3o e Defesa Civil (Sedec).<\/p>\n\n\n\n<p>AEN<\/p>\n","protected":false},"excerpt":{"rendered":"<p>As for\u00e7as de seguran\u00e7a p\u00fablica do Paran\u00e1 garantiram que o domingo (06) de elei\u00e7\u00e3o ocorresse de forma tranquila em todo o Estado. Mais de 9,5 mil policiais, entre militares, civis, penais e cient\u00edficos e bombeiros militares participaram da Opera\u00e7\u00e3o Elei\u00e7\u00f5es 2024, coordenada pelo Centro Integrado de Comando e Controle Nacional (CICCN), em Bras\u00edlia, com apoio [&hellip;]<\/p>\n","protected":false},"author":2,"featured_media":60720,"comment_status":"open","ping_status":"open","sticky":false,"template":"","format":"standard","meta":{"advanced_seo_description":"","jetpack_seo_html_title":"","jetpack_seo_noindex":false,"_jetpack_memberships_contains_paid_content":false,"footnotes":""},"categories":[40],"tags":[],"class_list":{"0":"post-60719","1":"post","2":"type-post","3":"status-publish","4":"format-standard","5":"has-post-thumbnail","7":"category-destaques"},"jetpack_featured_media_url":"https:\/\/www.paranapraia.com.br\/wp-content\/uploads\/2024\/10\/whatsapp_image_2024-10-07_at_08.05.41-scaled.jpg","jetpack_sharing_enabled":true,"_links":{"self":[{"href":"https:\/\/www.paranapraia.com.br\/index.php\/wp-json\/wp\/v2\/posts\/60719"}],"collection":[{"href":"https:\/\/www.paranapraia.com.br\/index.php\/wp-json\/wp\/v2\/posts"}],"about":[{"href":"https:\/\/www.paranapraia.com.br\/index.php\/wp-json\/wp\/v2\/types\/post"}],"author":[{"embeddable":true,"href":"https:\/\/www.paranapraia.com.br\/index.php\/wp-json\/wp\/v2\/users\/2"}],"replies":[{"embeddable":true,"href":"https:\/\/www.paranapraia.com.br\/index.php\/wp-json\/wp\/v2\/comments?post=60719"}],"version-history":[{"count":1,"href":"https:\/\/www.paranapraia.com.br\/index.php\/wp-json\/wp\/v2\/posts\/60719\/revisions"}],"predecessor-version":[{"id":60721,"href":"https:\/\/www.paranapraia.com.br\/index.php\/wp-json\/wp\/v2\/posts\/60719\/revisions\/60721"}],"wp:featuredmedia":[{"embeddable":true,"href":"https:\/\/www.paranapraia.com.br\/index.php\/wp-json\/wp\/v2\/media\/60720"}],"wp:attachment":[{"href":"https:\/\/www.paranapraia.com.br\/index.php\/wp-json\/wp\/v2\/media?parent=60719"}],"wp:term":[{"taxonomy":"category","embeddable":true,"href":"https:\/\/www.paranapraia.com.br\/index.php\/wp-json\/wp\/v2\/categories?post=60719"},{"taxonomy":"post_tag","embeddable":true,"href":"https:\/\/www.paranapraia.com.br\/index.php\/wp-json\/wp\/v2\/tags?post=60719"}],"curies":[{"name":"wp","href":"https:\/\/api.w.org\/{rel}","templated":true}]}}