{"id":60698,"date":"2024-10-03T11:06:22","date_gmt":"2024-10-03T14:06:22","guid":{"rendered":"https:\/\/www.paranapraia.com.br\/?p=60698"},"modified":"2024-10-03T11:06:25","modified_gmt":"2024-10-03T14:06:25","slug":"morre-cid-moreira-icone-do-jornalismo-brasileiro-aos-97-anos","status":"publish","type":"post","link":"https:\/\/www.paranapraia.com.br\/index.php\/2024\/10\/03\/morre-cid-moreira-icone-do-jornalismo-brasileiro-aos-97-anos\/","title":{"rendered":"Morre Cid Moreira, \u00cdcone do Jornalismo Brasileiro, aos 97 Anos"},"content":{"rendered":"\n<p>Nesta quinta-feira, 3 de outubro de 2024, o Brasil se despediu de uma das vozes mais ic\u00f4nicas da televis\u00e3o: Cid Moreira, que faleceu aos 97 anos. O apresentador, conhecido por sua marcante trajet\u00f3ria no Jornal Nacional, estava internado no Hospital Santa Teresa, em Petr\u00f3polis, na Regi\u00e3o Serrana do Rio de Janeiro, tratando de uma pneumonia. Sua morte foi divulgada inicialmente pelo portal G1 e confirmada por v\u00e1rias fontes.<\/p>\n\n\n\n<p>Nascido em Taubat\u00e9, S\u00e3o Paulo, em 1927, Cid come\u00e7ou sua carreira no r\u00e1dio em 1944. Ele se destacou por seu trabalho como locutor e posteriormente entrou para a televis\u00e3o, onde ganhou notoriedade. Em 1969, foi convidado para ser um dos \u00e2ncoras do rec\u00e9m-criado Jornal Nacional, onde permaneceu por 26 anos, apresentando cerca de 8 mil edi\u00e7\u00f5es. Sua voz inconfund\u00edvel e seu estilo s\u00e9rio e confi\u00e1vel tornaram o &#8220;boa noite&#8221; de Cid Moreira parte da rotina dos brasileiros.<\/p>\n\n\n\n<p>Al\u00e9m do jornalismo, Cid tamb\u00e9m ficou conhecido por seu trabalho na locu\u00e7\u00e3o de passagens b\u00edblicas, um projeto pessoal que envolveu a grava\u00e7\u00e3o da B\u00edblia em \u00e1udio, que vendeu milh\u00f5es de c\u00f3pias. Ele se dedicou a esse projeto a partir da d\u00e9cada de 1990, ap\u00f3s se afastar do comando do Jornal Nacional.<\/p>\n\n\n\n<p>Cid Moreira deixa um legado impressionante de profissionalismo e dedica\u00e7\u00e3o ao jornalismo e \u00e0 comunica\u00e7\u00e3o. Seu trabalho influenciou gera\u00e7\u00f5es e o consolidou como uma das personalidades mais queridas da m\u00eddia brasileira.<\/p>\n\n\n\n<p>Reda\u00e7\u00e3o <\/p>\n","protected":false},"excerpt":{"rendered":"<p>Nesta quinta-feira, 3 de outubro de 2024, o Brasil se despediu de uma das vozes mais ic\u00f4nicas da televis\u00e3o: Cid Moreira, que faleceu aos 97 anos. O apresentador, conhecido por sua marcante trajet\u00f3ria no Jornal Nacional, estava internado no Hospital Santa Teresa, em Petr\u00f3polis, na Regi\u00e3o Serrana do Rio de Janeiro, tratando de uma pneumonia. [&hellip;]<\/p>\n","protected":false},"author":2,"featured_media":60699,"comment_status":"open","ping_status":"open","sticky":false,"template":"","format":"standard","meta":{"advanced_seo_description":"","jetpack_seo_html_title":"","jetpack_seo_noindex":false,"_jetpack_memberships_contains_paid_content":false,"footnotes":""},"categories":[40],"tags":[],"class_list":{"0":"post-60698","1":"post","2":"type-post","3":"status-publish","4":"format-standard","5":"has-post-thumbnail","7":"category-destaques"},"jetpack_featured_media_url":"https:\/\/www.paranapraia.com.br\/wp-content\/uploads\/2024\/10\/images-5.jpeg","jetpack_sharing_enabled":true,"_links":{"self":[{"href":"https:\/\/www.paranapraia.com.br\/index.php\/wp-json\/wp\/v2\/posts\/60698"}],"collection":[{"href":"https:\/\/www.paranapraia.com.br\/index.php\/wp-json\/wp\/v2\/posts"}],"about":[{"href":"https:\/\/www.paranapraia.com.br\/index.php\/wp-json\/wp\/v2\/types\/post"}],"author":[{"embeddable":true,"href":"https:\/\/www.paranapraia.com.br\/index.php\/wp-json\/wp\/v2\/users\/2"}],"replies":[{"embeddable":true,"href":"https:\/\/www.paranapraia.com.br\/index.php\/wp-json\/wp\/v2\/comments?post=60698"}],"version-history":[{"count":1,"href":"https:\/\/www.paranapraia.com.br\/index.php\/wp-json\/wp\/v2\/posts\/60698\/revisions"}],"predecessor-version":[{"id":60700,"href":"https:\/\/www.paranapraia.com.br\/index.php\/wp-json\/wp\/v2\/posts\/60698\/revisions\/60700"}],"wp:featuredmedia":[{"embeddable":true,"href":"https:\/\/www.paranapraia.com.br\/index.php\/wp-json\/wp\/v2\/media\/60699"}],"wp:attachment":[{"href":"https:\/\/www.paranapraia.com.br\/index.php\/wp-json\/wp\/v2\/media?parent=60698"}],"wp:term":[{"taxonomy":"category","embeddable":true,"href":"https:\/\/www.paranapraia.com.br\/index.php\/wp-json\/wp\/v2\/categories?post=60698"},{"taxonomy":"post_tag","embeddable":true,"href":"https:\/\/www.paranapraia.com.br\/index.php\/wp-json\/wp\/v2\/tags?post=60698"}],"curies":[{"name":"wp","href":"https:\/\/api.w.org\/{rel}","templated":true}]}}