{"id":60693,"date":"2024-10-02T12:27:14","date_gmt":"2024-10-02T15:27:14","guid":{"rendered":"https:\/\/www.paranapraia.com.br\/?p=60693"},"modified":"2024-10-02T12:27:16","modified_gmt":"2024-10-02T15:27:16","slug":"transporte-coletivo-da-regiao-metropolitana-de-curitiba-sera-gratuito-na-eleicao","status":"publish","type":"post","link":"https:\/\/www.paranapraia.com.br\/index.php\/2024\/10\/02\/transporte-coletivo-da-regiao-metropolitana-de-curitiba-sera-gratuito-na-eleicao\/","title":{"rendered":"Transporte coletivo da Regi\u00e3o Metropolitana de Curitiba ser\u00e1 gratuito na elei\u00e7\u00e3o"},"content":{"rendered":"\n<p>A Ag\u00eancia de Assuntos Metropolitanos do Paran\u00e1 (Amep) informa que no domingo (6), em virtude das elei\u00e7\u00f5es municipais, o transporte coletivo ser\u00e1 gratuito nas 23 cidades da Regi\u00e3o Metropolitana de Curitiba onde opera. A medida visa facilitar o acesso dos eleitores \u00e0s urnas com gratuidade em todas as 218 linhas de \u00f4nibus sob a gest\u00e3o da ag\u00eancia.<\/p>\n\n\n\n<p>A opera\u00e7\u00e3o de transporte no dia das elei\u00e7\u00f5es seguir\u00e1 a tabela de hor\u00e1rios de s\u00e1bado, com algumas linhas operando em tabela especial para atender \u00e0 demanda eleitoral. A regra de gratuidade ser\u00e1 v\u00e1lida a partir da zero hora at\u00e9 as 23h59, cobrindo todo o per\u00edodo de vota\u00e7\u00e3o.<\/p>\n\n\n\n<p>O diretor-presidente da Amep,&nbsp;Gilson Santos, refor\u00e7a que a iniciativa busca colaborar para o exerc\u00edcio democr\u00e1tico. &#8220;Ela garante que todos os cidad\u00e3os tenham acesso ao transporte p\u00fablico sem custos no dia da elei\u00e7\u00e3o&#8221;, afirma.<\/p>\n\n\n\n<p>Os passageiros devem ficar atentos aos hor\u00e1rios, principalmente nas linhas que operar\u00e3o com tabela especial, e podem consultar o<a href=\"https:\/\/www.amep.pr.gov.br\/\" target=\"_blank\" rel=\"noreferrer noopener\">&nbsp;site da Amep&nbsp;<\/a>para verificar os detalhes.<\/p>\n\n\n\n<p>AEN<\/p>\n","protected":false},"excerpt":{"rendered":"<p>A Ag\u00eancia de Assuntos Metropolitanos do Paran\u00e1 (Amep) informa que no domingo (6), em virtude das elei\u00e7\u00f5es municipais, o transporte coletivo ser\u00e1 gratuito nas 23 cidades da Regi\u00e3o Metropolitana de Curitiba onde opera. A medida visa facilitar o acesso dos eleitores \u00e0s urnas com gratuidade em todas as 218 linhas de \u00f4nibus sob a gest\u00e3o [&hellip;]<\/p>\n","protected":false},"author":2,"featured_media":60694,"comment_status":"open","ping_status":"open","sticky":false,"template":"","format":"standard","meta":{"advanced_seo_description":"","jetpack_seo_html_title":"","jetpack_seo_noindex":false,"_jetpack_memberships_contains_paid_content":false,"footnotes":""},"categories":[71,32],"tags":[],"class_list":{"0":"post-60693","1":"post","2":"type-post","3":"status-publish","4":"format-standard","5":"has-post-thumbnail","7":"category-curitiba","8":"category-politica"},"jetpack_featured_media_url":"https:\/\/www.paranapraia.com.br\/wp-content\/uploads\/2024\/10\/20240617_173635-scaled.jpg","jetpack_sharing_enabled":true,"_links":{"self":[{"href":"https:\/\/www.paranapraia.com.br\/index.php\/wp-json\/wp\/v2\/posts\/60693"}],"collection":[{"href":"https:\/\/www.paranapraia.com.br\/index.php\/wp-json\/wp\/v2\/posts"}],"about":[{"href":"https:\/\/www.paranapraia.com.br\/index.php\/wp-json\/wp\/v2\/types\/post"}],"author":[{"embeddable":true,"href":"https:\/\/www.paranapraia.com.br\/index.php\/wp-json\/wp\/v2\/users\/2"}],"replies":[{"embeddable":true,"href":"https:\/\/www.paranapraia.com.br\/index.php\/wp-json\/wp\/v2\/comments?post=60693"}],"version-history":[{"count":1,"href":"https:\/\/www.paranapraia.com.br\/index.php\/wp-json\/wp\/v2\/posts\/60693\/revisions"}],"predecessor-version":[{"id":60695,"href":"https:\/\/www.paranapraia.com.br\/index.php\/wp-json\/wp\/v2\/posts\/60693\/revisions\/60695"}],"wp:featuredmedia":[{"embeddable":true,"href":"https:\/\/www.paranapraia.com.br\/index.php\/wp-json\/wp\/v2\/media\/60694"}],"wp:attachment":[{"href":"https:\/\/www.paranapraia.com.br\/index.php\/wp-json\/wp\/v2\/media?parent=60693"}],"wp:term":[{"taxonomy":"category","embeddable":true,"href":"https:\/\/www.paranapraia.com.br\/index.php\/wp-json\/wp\/v2\/categories?post=60693"},{"taxonomy":"post_tag","embeddable":true,"href":"https:\/\/www.paranapraia.com.br\/index.php\/wp-json\/wp\/v2\/tags?post=60693"}],"curies":[{"name":"wp","href":"https:\/\/api.w.org\/{rel}","templated":true}]}}