{"id":60690,"date":"2024-10-02T12:06:32","date_gmt":"2024-10-02T15:06:32","guid":{"rendered":"https:\/\/www.paranapraia.com.br\/?p=60690"},"modified":"2024-10-02T12:06:34","modified_gmt":"2024-10-02T15:06:34","slug":"corpo-de-bombeiros-inicia-testes-fisicos-para-curso-de-formacao-de-guarda-vidas","status":"publish","type":"post","link":"https:\/\/www.paranapraia.com.br\/index.php\/2024\/10\/02\/corpo-de-bombeiros-inicia-testes-fisicos-para-curso-de-formacao-de-guarda-vidas\/","title":{"rendered":"Corpo de Bombeiros inicia testes f\u00edsicos para curso de forma\u00e7\u00e3o de guarda-vidas"},"content":{"rendered":"\n<p>O Corpo de Bombeiros Militar do Paran\u00e1 (CBMPR) come\u00e7ou nesta quarta-feira (2) a bateria de testes de aptid\u00e3o f\u00edsica para uma nova turma de guarda-vidas militares. As provas f\u00edsicas v\u00e3o definir quais bombeiros militares est\u00e3o aptos para participar do curso interno de capacita\u00e7\u00e3o para salvamentos aqu\u00e1ticos.<\/p>\n\n\n\n<p>Ao todo, mais de 140 bombeiros da corpora\u00e7\u00e3o disputam 30 vagas para o curso, que habilita os militares a trabalharem como guarda-vidas no Litoral e nas praias de \u00e1gua doce do Estado. A iniciativa faz parte dos preparativos para o atendimento \u00e0 popula\u00e7\u00e3o durante Ver\u00e3o Maior Paran\u00e1 2024-2025.<\/p>\n\n\n\n<p>Nesta quarta-feira, s\u00e3o realizados os Testes de Aptid\u00e3o F\u00edsica (TAF), em que os militares s\u00e3o submetidos a provas de corrida, agilidade e for\u00e7a. As provas s\u00e3o realizadas simultaneamente na Academia do Guatup\u00ea em S\u00e3o Jos\u00e9 dos Pinhais, na Regi\u00e3o Metropolitana de Curitiba; em Cascavel, no Oeste do Paran\u00e1, e em Londrina, no Norte.<\/p>\n\n\n\n<p>No dia 15 de outubro, os bombeiros que passarem nesta primeira prova fazem o Teste de Habilidades Espec\u00edficas (THE), que atestam as capacidades de nata\u00e7\u00e3o e mergulho.<\/p>\n\n\n\n<p>Os 30 bombeiros militares com melhores desempenhos se tornam aptos para fazer o curso de forma\u00e7\u00e3o de guarda-vidas. A capacita\u00e7\u00e3o tem 600 horas, com aulas pr\u00e1ticas e te\u00f3ricas, al\u00e9m de um per\u00edodo de est\u00e1gio no Litoral.<\/p>\n\n\n\n<p>\u201cAqueles que se formarem se juntam aos demais bombeiros militares que j\u00e1 passaram pela capacita\u00e7\u00e3o e podem trabalhar como guarda-vidas em postos nas praias do Estado\u201d, disse o primeiro-tenente Marxoel Ferreira de Almeida, chefe da Se\u00e7\u00e3o de Concursos da Escola Superior de Bombeiro Militar.<\/p>\n\n\n\n<p><strong>GUARDA-VIDAS CIVIL&nbsp;<\/strong>\u2013 A corpora\u00e7\u00e3o tamb\u00e9m realiza, em paralelo, um teste seletivo para o curso de Guarda-Vidas Civil Volunt\u00e1rio. As inscri\u00e7\u00f5es para os interessados para participar dos exames na Ilha do Mel, no Litoral, e em Paranava\u00ed, no Noroeste, t\u00eam at\u00e9 sexta-feira (4) para se inscrever no concurso. Em outras localidades, as inscri\u00e7\u00f5es se abrem no dia 21 de outubro e v\u00e3o at\u00e9 3 de novembro.<\/p>\n\n\n\n<p>Os volunt\u00e1rios tamb\u00e9m s\u00e3o submetidos a um exame de capacidade f\u00edsica, com testes de nado livre de 200 metros, e de resist\u00eancia, em que os concorrentes devem intercalar corridas de 500 metros com nata\u00e7\u00e3o de outros 500 metros no menor tempo poss\u00edvel.<\/p>\n\n\n\n<p>Os testes s\u00e3o divididos entre as modalidades \u201c\u00c1guas abertas\u201d, em que as provas acontecem no mar, e \u201c\u00c1guas interiores\u201d, em que as provas s\u00e3o realizadas em rios.<\/p>\n\n\n\n<p>Para os civis, o concurso tem 145 vagas abertas. Ap\u00f3s a conclus\u00e3o do curso, eles est\u00e3o aptos a atuar na companhia de militares na fun\u00e7\u00e3o de guarda-vidas. As capacita\u00e7\u00f5es t\u00eam como objetivo treinar da melhor maneira poss\u00edvel os militares e civis que querem atuar em salvamentos na areia, no mar, em rios ou represas.<\/p>\n\n\n\n<p>AEN<\/p>\n","protected":false},"excerpt":{"rendered":"<p>O Corpo de Bombeiros Militar do Paran\u00e1 (CBMPR) come\u00e7ou nesta quarta-feira (2) a bateria de testes de aptid\u00e3o f\u00edsica para uma nova turma de guarda-vidas militares. As provas f\u00edsicas v\u00e3o definir quais bombeiros militares est\u00e3o aptos para participar do curso interno de capacita\u00e7\u00e3o para salvamentos aqu\u00e1ticos. Ao todo, mais de 140 bombeiros da corpora\u00e7\u00e3o disputam [&hellip;]<\/p>\n","protected":false},"author":2,"featured_media":60691,"comment_status":"open","ping_status":"open","sticky":false,"template":"","format":"standard","meta":{"advanced_seo_description":"","jetpack_seo_html_title":"","jetpack_seo_noindex":false,"_jetpack_memberships_contains_paid_content":false,"footnotes":""},"categories":[1],"tags":[],"class_list":{"0":"post-60690","1":"post","2":"type-post","3":"status-publish","4":"format-standard","5":"has-post-thumbnail","7":"category-sem-categoria"},"jetpack_featured_media_url":"https:\/\/www.paranapraia.com.br\/wp-content\/uploads\/2024\/10\/20241002_agb_curso_bombeiros-16-scaled.jpg","jetpack_sharing_enabled":true,"_links":{"self":[{"href":"https:\/\/www.paranapraia.com.br\/index.php\/wp-json\/wp\/v2\/posts\/60690"}],"collection":[{"href":"https:\/\/www.paranapraia.com.br\/index.php\/wp-json\/wp\/v2\/posts"}],"about":[{"href":"https:\/\/www.paranapraia.com.br\/index.php\/wp-json\/wp\/v2\/types\/post"}],"author":[{"embeddable":true,"href":"https:\/\/www.paranapraia.com.br\/index.php\/wp-json\/wp\/v2\/users\/2"}],"replies":[{"embeddable":true,"href":"https:\/\/www.paranapraia.com.br\/index.php\/wp-json\/wp\/v2\/comments?post=60690"}],"version-history":[{"count":1,"href":"https:\/\/www.paranapraia.com.br\/index.php\/wp-json\/wp\/v2\/posts\/60690\/revisions"}],"predecessor-version":[{"id":60692,"href":"https:\/\/www.paranapraia.com.br\/index.php\/wp-json\/wp\/v2\/posts\/60690\/revisions\/60692"}],"wp:featuredmedia":[{"embeddable":true,"href":"https:\/\/www.paranapraia.com.br\/index.php\/wp-json\/wp\/v2\/media\/60691"}],"wp:attachment":[{"href":"https:\/\/www.paranapraia.com.br\/index.php\/wp-json\/wp\/v2\/media?parent=60690"}],"wp:term":[{"taxonomy":"category","embeddable":true,"href":"https:\/\/www.paranapraia.com.br\/index.php\/wp-json\/wp\/v2\/categories?post=60690"},{"taxonomy":"post_tag","embeddable":true,"href":"https:\/\/www.paranapraia.com.br\/index.php\/wp-json\/wp\/v2\/tags?post=60690"}],"curies":[{"name":"wp","href":"https:\/\/api.w.org\/{rel}","templated":true}]}}