{"id":60324,"date":"2024-08-15T11:43:13","date_gmt":"2024-08-15T14:43:13","guid":{"rendered":"https:\/\/www.paranapraia.com.br\/?p=60324"},"modified":"2024-08-15T11:43:14","modified_gmt":"2024-08-15T14:43:14","slug":"campanha-de-vacinacao-nas-escolas-do-parana-e-prorrogada-ate-o-fim-de-agosto","status":"publish","type":"post","link":"https:\/\/www.paranapraia.com.br\/index.php\/2024\/08\/15\/campanha-de-vacinacao-nas-escolas-do-parana-e-prorrogada-ate-o-fim-de-agosto\/","title":{"rendered":"Campanha de vacina\u00e7\u00e3o nas escolas do Paran\u00e1 \u00e9 prorrogada at\u00e9 o fim de agosto"},"content":{"rendered":"\n<p>A Secretaria de Estado da Sa\u00fade (Sesa) confirmou nesta quarta-feira (14) a prorroga\u00e7\u00e3o da campanha de vacina\u00e7\u00e3o nas escolas do Paran\u00e1 at\u00e9 o dia 31 de agosto. A a\u00e7\u00e3o, que integra tamb\u00e9m a Secretaria da Educa\u00e7\u00e3o (Seed), visa ampliar a imuniza\u00e7\u00e3o entre crian\u00e7as, adolescentes e jovens matriculados nas 3.276 institui\u00e7\u00f5es de ensino estaduais e municipais (inclusive creches e ber\u00e7\u00e1rios), das 399 cidades do Estado.<\/p>\n\n\n\n<p>A aplica\u00e7\u00e3o dos imunizantes teve in\u00edcio no dia 5 de agosto, com foco na vacina contra a Influenza. Um balan\u00e7o parcial com os n\u00fameros de doses aplicadas deve ser divulgado pela Sesa nos pr\u00f3ximos dias. Os alunos tamb\u00e9m podem atualizar outras vacinas, como a pentavalente, pneumoc\u00f3cica 10, poliomielite, DTP e HPV. Elas previnem, entre outras doen\u00e7as, coqueluche,&nbsp;difteria, t\u00e9tano e&nbsp;hepatite B.<\/p>\n\n\n\n<p>De acordo com o secret\u00e1rio estadual da Sa\u00fade, C\u00e9sar Neves, a amplia\u00e7\u00e3o da campanha busca fortalecer a conscientiza\u00e7\u00e3o sobre a import\u00e2ncia da imuniza\u00e7\u00e3o e garantir maior cobertura vacinal no Paran\u00e1.&nbsp;\u201cTemos lutado muito para aumentar as nossas coberturas vacinais. Contudo, os \u00edndices precisam e devem melhorar. Por isso, celebramos esse grande acordo com a Secretaria da Educa\u00e7\u00e3o para continuar levando a vacina para dentro das escolas, a fim de que os pais possam ser sensibilizados dessa import\u00e2ncia e estimulem seus filhos a se vacinarem\u201d, afirmou.<\/p>\n\n\n\n<p>O secret\u00e1rio de Educa\u00e7\u00e3o, Roni Miranda, tamb\u00e9m ressaltou a import\u00e2ncia da imuniza\u00e7\u00e3o. \u201cDoen\u00e7as infecciosas podem prejudicar n\u00e3o somente a sa\u00fade dos nossos meninos e meninas, como tamb\u00e9m comprometer o fluxo do aprendizado, uma vez que o aluno doente, na maioria das vezes, falta \u00e0s aulas. A prorroga\u00e7\u00e3o da for\u00e7a-tarefa de imuniza\u00e7\u00e3o refor\u00e7a tanto o desenvolvimento educacional como a sa\u00fade dos estudantes\u201d, ressaltou.<\/p>\n\n\n\n<p>A vacina\u00e7\u00e3o acontece a partir da autoriza\u00e7\u00e3o dos pais ou respons\u00e1veis, ap\u00f3s a assinatura de um termo de consentimento. Antes de cada aplica\u00e7\u00e3o, as equipes de sa\u00fade avaliam a carteirinha do estudante para determinar quais vacinas ele poder\u00e1 receber. O imunizante da Influenza est\u00e1 integralmente dispon\u00edvel em todas as institui\u00e7\u00f5es que participam da campanha.&nbsp;Outros imunizantes poder\u00e3o variar de acordo com a estrat\u00e9gia de distribui\u00e7\u00e3o adotada pelos munic\u00edpios.<\/p>\n\n\n\n<p>AEN<\/p>\n","protected":false},"excerpt":{"rendered":"<p>A Secretaria de Estado da Sa\u00fade (Sesa) confirmou nesta quarta-feira (14) a prorroga\u00e7\u00e3o da campanha de vacina\u00e7\u00e3o nas escolas do Paran\u00e1 at\u00e9 o dia 31 de agosto. A a\u00e7\u00e3o, que integra tamb\u00e9m a Secretaria da Educa\u00e7\u00e3o (Seed), visa ampliar a imuniza\u00e7\u00e3o entre crian\u00e7as, adolescentes e jovens matriculados nas 3.276 institui\u00e7\u00f5es de ensino estaduais e municipais [&hellip;]<\/p>\n","protected":false},"author":2,"featured_media":60325,"comment_status":"open","ping_status":"open","sticky":false,"template":"","format":"standard","meta":{"advanced_seo_description":"","jetpack_seo_html_title":"","jetpack_seo_noindex":false,"_jetpack_memberships_contains_paid_content":false,"footnotes":""},"categories":[50],"tags":[],"class_list":{"0":"post-60324","1":"post","2":"type-post","3":"status-publish","4":"format-standard","5":"has-post-thumbnail","7":"category-saude"},"jetpack_featured_media_url":"https:\/\/www.paranapraia.com.br\/wp-content\/uploads\/2024\/08\/foto_4_0-scaled.jpg","jetpack_sharing_enabled":true,"_links":{"self":[{"href":"https:\/\/www.paranapraia.com.br\/index.php\/wp-json\/wp\/v2\/posts\/60324"}],"collection":[{"href":"https:\/\/www.paranapraia.com.br\/index.php\/wp-json\/wp\/v2\/posts"}],"about":[{"href":"https:\/\/www.paranapraia.com.br\/index.php\/wp-json\/wp\/v2\/types\/post"}],"author":[{"embeddable":true,"href":"https:\/\/www.paranapraia.com.br\/index.php\/wp-json\/wp\/v2\/users\/2"}],"replies":[{"embeddable":true,"href":"https:\/\/www.paranapraia.com.br\/index.php\/wp-json\/wp\/v2\/comments?post=60324"}],"version-history":[{"count":1,"href":"https:\/\/www.paranapraia.com.br\/index.php\/wp-json\/wp\/v2\/posts\/60324\/revisions"}],"predecessor-version":[{"id":60326,"href":"https:\/\/www.paranapraia.com.br\/index.php\/wp-json\/wp\/v2\/posts\/60324\/revisions\/60326"}],"wp:featuredmedia":[{"embeddable":true,"href":"https:\/\/www.paranapraia.com.br\/index.php\/wp-json\/wp\/v2\/media\/60325"}],"wp:attachment":[{"href":"https:\/\/www.paranapraia.com.br\/index.php\/wp-json\/wp\/v2\/media?parent=60324"}],"wp:term":[{"taxonomy":"category","embeddable":true,"href":"https:\/\/www.paranapraia.com.br\/index.php\/wp-json\/wp\/v2\/categories?post=60324"},{"taxonomy":"post_tag","embeddable":true,"href":"https:\/\/www.paranapraia.com.br\/index.php\/wp-json\/wp\/v2\/tags?post=60324"}],"curies":[{"name":"wp","href":"https:\/\/api.w.org\/{rel}","templated":true}]}}