{"id":60305,"date":"2024-08-11T14:42:37","date_gmt":"2024-08-11T17:42:37","guid":{"rendered":"https:\/\/www.paranapraia.com.br\/?p=60305"},"modified":"2024-08-11T14:42:39","modified_gmt":"2024-08-11T17:42:39","slug":"oito-servidores-do-estado-morreram-no-acidente-aereo-em-vinhedo","status":"publish","type":"post","link":"https:\/\/www.paranapraia.com.br\/index.php\/2024\/08\/11\/oito-servidores-do-estado-morreram-no-acidente-aereo-em-vinhedo\/","title":{"rendered":"Oito servidores do Estado morreram no acidente a\u00e9reo em Vinhedo"},"content":{"rendered":"\n<p>O Governo do Paran\u00e1 lamenta profundamente a morte de pelo menos oito servidores e profissionais ligados diretamente ao Estado no acidente a\u00e9reo em Vinhedo, no interior de S\u00e3o Paulo, nesta sexta-feira (9). S\u00e3o docentes e m\u00e9dicos da Unioeste, um professor da rede estadual e um funcion\u00e1rio da Sanepar.<\/p>\n\n\n\n<p>A comunidade cient\u00edfica e universit\u00e1ria est\u00e1 em luto pelas v\u00edtimas&nbsp;Edilson Hobold, professor do curso de Educa\u00e7\u00e3o F\u00edsica (Bacharelado) do campus de Marechal C\u00e2ndido Rondon; Deonir Secco, professor do curso de Engenharia Agr\u00edcola do campus de Cascavel; Jos\u00e9 Roberto Leonel Ferreira, professor aposentado do Curso de Medicina e Resid\u00eancia M\u00e9dica; e Raquel Ribeiro Moreira, professora do Programa de P\u00f3s-Gradua\u00e7\u00e3o em Letras do campus de Cascavel.<\/p>\n\n\n\n<p>Tamb\u00e9m faleceram a m\u00e9dica pedi\u00e1trica Sarah Sella Langer, do Hospital Universit\u00e1rio do Oeste do Paran\u00e1 (Huop) e egressa do curso de Medicina da Unioeste, e Mariana Comiran Belim, tamb\u00e9m egressa do curso de Medicina, do campus de Cascavel e m\u00e9dica intensivista da UTI Adulta do Huop.<\/p>\n\n\n\n<p>Morreram, ainda, Ana Caroline Redivodo e Hadassa Maria da Silva, ex-alunas dos cursos de Administra\u00e7\u00e3o e Ci\u00eancias Cont\u00e1beis da institui\u00e7\u00e3o estadual de ensino superior.<\/p>\n\n\n\n<p>A Secretaria de Estado da Educa\u00e7\u00e3o lamenta profundamente a morte do professor Adriano Daluca Bueno, que completaria 48 anos no pr\u00f3ximo domingo. O profissional era contratado pelo Estado, via PSS (Processo Seletivo Simplificado), e estava lotado no Col\u00e9gio Estadual Dario Vellozo no munic\u00edpio de Toledo.<\/p>\n\n\n\n<p>Outra v\u00edtima da queda do avi\u00e3o, Simone Mirian Rizental, atuou como pedagoga na rede estadual de educa\u00e7\u00e3o at\u00e9 se aposentar, em 2020. Ela trabalhou no CEEP Pedro Boaretto Neto, em Cascavel.<\/p>\n\n\n\n<p>Tamb\u00e9m faleceu&nbsp;Mauro Bedin, que trabalhava na Ger\u00eancia Comercial Sudoeste da Sanepar, em Gua\u00edra. Ele tinha 33 anos de companhia.<\/p>\n\n\n\n<p><strong>LUTO<\/strong>&nbsp;\u2013 O governador&nbsp;Carlos Massa Ratinho Junior decretou&nbsp;<a href=\"https:\/\/www.aen.pr.gov.br\/Noticia\/Ratinho-Junior-decreta-luto-oficial-no-Parana-pela-tragedia-em-Vinhedo\" target=\"_blank\" rel=\"noreferrer noopener\">luto oficial de tr\u00eas dias<\/a>&nbsp;pela trag\u00e9dia. Ele e o governador&nbsp;de S\u00e3o Paulo, Tarc\u00edsio de Freitas, est\u00e3o em Vinhedo para acompanhar os desdobramentos do acidente a\u00e9reo. Os dois estavam juntos no Esp\u00edrito Santo, no encontro do Cons\u00f3rcio de Integra\u00e7\u00e3o Sul Sudeste (Cosud), e foram para o local assim que souberam da not\u00edcia.<\/p>\n\n\n\n<p>AEN<\/p>\n","protected":false},"excerpt":{"rendered":"<p>O Governo do Paran\u00e1 lamenta profundamente a morte de pelo menos oito servidores e profissionais ligados diretamente ao Estado no acidente a\u00e9reo em Vinhedo, no interior de S\u00e3o Paulo, nesta sexta-feira (9). S\u00e3o docentes e m\u00e9dicos da Unioeste, um professor da rede estadual e um funcion\u00e1rio da Sanepar. A comunidade cient\u00edfica e universit\u00e1ria est\u00e1 em [&hellip;]<\/p>\n","protected":false},"author":2,"featured_media":60306,"comment_status":"open","ping_status":"open","sticky":false,"template":"","format":"standard","meta":{"advanced_seo_description":"","jetpack_seo_html_title":"","jetpack_seo_noindex":false,"_jetpack_memberships_contains_paid_content":false,"footnotes":""},"categories":[101],"tags":[],"class_list":{"0":"post-60305","1":"post","2":"type-post","3":"status-publish","4":"format-standard","5":"has-post-thumbnail","7":"category-luto"},"jetpack_featured_media_url":"https:\/\/www.paranapraia.com.br\/wp-content\/uploads\/2024\/08\/bandeira_meio_mastro_foto_rdziura-4138-scaled.jpg","jetpack_sharing_enabled":true,"_links":{"self":[{"href":"https:\/\/www.paranapraia.com.br\/index.php\/wp-json\/wp\/v2\/posts\/60305"}],"collection":[{"href":"https:\/\/www.paranapraia.com.br\/index.php\/wp-json\/wp\/v2\/posts"}],"about":[{"href":"https:\/\/www.paranapraia.com.br\/index.php\/wp-json\/wp\/v2\/types\/post"}],"author":[{"embeddable":true,"href":"https:\/\/www.paranapraia.com.br\/index.php\/wp-json\/wp\/v2\/users\/2"}],"replies":[{"embeddable":true,"href":"https:\/\/www.paranapraia.com.br\/index.php\/wp-json\/wp\/v2\/comments?post=60305"}],"version-history":[{"count":1,"href":"https:\/\/www.paranapraia.com.br\/index.php\/wp-json\/wp\/v2\/posts\/60305\/revisions"}],"predecessor-version":[{"id":60307,"href":"https:\/\/www.paranapraia.com.br\/index.php\/wp-json\/wp\/v2\/posts\/60305\/revisions\/60307"}],"wp:featuredmedia":[{"embeddable":true,"href":"https:\/\/www.paranapraia.com.br\/index.php\/wp-json\/wp\/v2\/media\/60306"}],"wp:attachment":[{"href":"https:\/\/www.paranapraia.com.br\/index.php\/wp-json\/wp\/v2\/media?parent=60305"}],"wp:term":[{"taxonomy":"category","embeddable":true,"href":"https:\/\/www.paranapraia.com.br\/index.php\/wp-json\/wp\/v2\/categories?post=60305"},{"taxonomy":"post_tag","embeddable":true,"href":"https:\/\/www.paranapraia.com.br\/index.php\/wp-json\/wp\/v2\/tags?post=60305"}],"curies":[{"name":"wp","href":"https:\/\/api.w.org\/{rel}","templated":true}]}}