{"id":60296,"date":"2024-08-11T14:36:06","date_gmt":"2024-08-11T17:36:06","guid":{"rendered":"https:\/\/www.paranapraia.com.br\/?p=60296"},"modified":"2024-08-11T14:36:07","modified_gmt":"2024-08-11T17:36:07","slug":"proximo-concerto-da-orquestra-sinfonica-sera-cenarios-com-tres-grandes-obras-internacionais","status":"publish","type":"post","link":"https:\/\/www.paranapraia.com.br\/index.php\/2024\/08\/11\/proximo-concerto-da-orquestra-sinfonica-sera-cenarios-com-tres-grandes-obras-internacionais\/","title":{"rendered":"Pr\u00f3ximo concerto da Orquestra Sinf\u00f4nica ser\u00e1 &#8220;Cen\u00e1rios&#8221;, com tr\u00eas grandes obras internacionais"},"content":{"rendered":"\n<p>A Orquestra Sinf\u00f4nica do Paran\u00e1 (OSP) convida o p\u00fablico para o concerto &#8220;Cen\u00e1rios&#8221;, marcado para o dia 18 de agosto, pr\u00f3ximo domingo, \u00e0s 10h30, no Teatro Gua\u00edra. Com o patroc\u00ednio do Col\u00e9gio Positivo e realiza\u00e7\u00e3o do IAOSP &#8211; Instituto de Apoio \u00e0 Orquestra Sinf\u00f4nica do Paran\u00e1, o evento contempla tr\u00eas obras, cada uma com uma narrativa e estilo distintos: \u201cMargarite\u00f1a Glosa sinf\u00f3nica\u201d, do compositor venezuelano Inocente Carre\u00f1o; \u201cConcerto para Clarinete, op. 57\u201d, do dinamarqu\u00eas Carl Nielsen (com o solista Jairo Wilkens no clarinete); e \u201cOs Pinheiros de Roma\u201d, do italiano Ottorino Respighi.<\/p>\n\n\n\n<p>\u201cTeremos para este concerto o talentos\u00edssimo regente venezuelano Roberto Ramos. Para o programa, escolhemos obras muito diversas e interessantes&#8221;, diz Roberto Tibiri\u00e7\u00e1, diretor musical e maestro titular da OSP. Para ele, o destaque vai para &#8220;Os Pinheiros de Roma&#8221;, do italiano Respighi, que faz parte da Trilogia Romana e que est\u00e1 completando 100 anos em 2024. \u201c\u00c9 uma pe\u00e7a multim\u00eddia, em que teremos sons de p\u00e1ssaros e proje\u00e7\u00f5es que enriquecer\u00e3o a apresenta\u00e7\u00e3o da obra. Exige uma forma\u00e7\u00e3o orquestral muito vultosa e com v\u00e1rios efeitos sonoros. Tenho a certeza que todos ir\u00e3o apreciar\u201d.<\/p>\n\n\n\n<p>Convidado para reger este concerto, o maestro Roberto Ramos teve sua trajet\u00f3ria musical consolidada em diversos pa\u00edses. Nascido em Caracas, come\u00e7ou na m\u00fasica de forma despretensiosa aos 5 anos, quando morava com a fam\u00edlia nos EUA. Aos 12 anos, ao retornar para a Venezuela, passou a se dedicar ao estudo em m\u00fasica, chegando \u00e0 primeira gradua\u00e7\u00e3o pela Universidad Experimental Nacional de Artes (UNEARTE). Est\u00e1 no Brasil desde 2018, onde formou-se mestre pela Universidade Federal de Rio Grande do Norte. Atualmente \u00e9 maestro da Orquestra Infanto-Juvenil Alegro (OIA), do Paran\u00e1.<\/p>\n\n\n\n<p>Os ingressos come\u00e7am a ser vendidos nesta segunda-feira (12). Eles estar\u00e3o dispon\u00edveis na bilheteria do teatro e no site&nbsp;<a href=\"https:\/\/deubalada.com\/\" target=\"_blank\" rel=\"noreferrer noopener\">DeuBalada.com<\/a>.<\/p>\n\n\n\n<p><strong>PROGRAMA<\/strong>&nbsp;\u2013 O&nbsp;concerto se inicia com &#8220;Margarite\u00f1a (Glosa Sinf\u00f3nica)&#8221;, de Inocente Carre\u00f1o. Composta em 1954, esta obra, que completa 70 anos, celebra a rica heran\u00e7a cultural da Ilha de Margarita, onde nasceu o compositor. Carre\u00f1o utiliza temas tradicionais para evocar a atmosfera da sua terra natal, oferecendo uma vis\u00e3o m\u00e1gica e emocional da Venezuela. &#8220;Margarite\u00f1a&#8221; \u00e9 uma pe\u00e7a que reflete a ess\u00eancia da ilha caribenha atrav\u00e9s de suas mem\u00f3rias pessoais e da tradi\u00e7\u00e3o musical local, sendo uma das obras mais significativas do repert\u00f3rio venezuelano.<\/p>\n\n\n\n<p>A seguir, o concerto apresenta &#8220;Concerto para Clarinete, Op. 57&#8221;, de Carl Nielsen, com o solista Jairo Wilkens. Composto em 1926, este concerto destaca-se pela riqueza expressiva dedicada ao clarinete. Nielsen, conhecido por sua inova\u00e7\u00e3o e virtuosismo, dedicou esta obra ao clarinetista Aage Oxenvad, oferecendo um solo desafiador e variado. O concerto explora temas de luta interna e complexidade emocional, refletindo a jornada pessoal do solista e do compositor.<\/p>\n\n\n\n<p>Fechando o programa, a orquestra executar\u00e1 &#8220;Os Pinheiros de Roma&#8221;, de Ottorino Respighi. Esta pe\u00e7a, que celebra seu centen\u00e1rio neste ano de 2024, \u00e9 uma das composi\u00e7\u00f5es mais c\u00e9lebres do repert\u00f3rio italiano e faz parte da Trilogia Romana de Respighi. Dividida em quatro se\u00e7\u00f5es, cada uma retrata um cen\u00e1rio espec\u00edfico de Roma, desde a vibrante Villa Borghese at\u00e9 a hist\u00f3rica Via \u00c1pia. A orquestra\u00e7\u00e3o inovadora e a inclus\u00e3o de efeitos sonoros inovadores, como a grava\u00e7\u00e3o de um rouxinol, oferecem uma experi\u00eancia sonora imersiva e cinematogr\u00e1fica, refletindo a grandiosidade da cidade que a inspirou.<\/p>\n\n\n\n<p><strong>Servi\u00e7o:<\/strong><\/p>\n\n\n\n<p>\u201cCen\u00e1rios\u201d &#8211; Orquestra Sinf\u00f4nica do Paran\u00e1 convida o maestro Roberto Ramos e o solista Jairo Wilkens (clarinete)<\/p>\n\n\n\n<p>Data: 18 de agosto (domingo), \u00e0s 10h30<\/p>\n\n\n\n<p>Local: Audit\u00f3rio Bento Munhoz da Rocha Neto \u2013 Guair\u00e3o<\/p>\n\n\n\n<p>Tempo de dura\u00e7\u00e3o do espet\u00e1culo: 1h30<\/p>\n\n\n\n<p>Classifica\u00e7\u00e3o: 7 anos<\/p>\n\n\n\n<p>Especifica\u00e7\u00f5es do espet\u00e1culo: concerto<\/p>\n\n\n\n<p>Maestro: Roberto Ramos<\/p>\n\n\n\n<p>Solista: Jairo Wilkens (clarinete)<\/p>\n\n\n\n<p>Ingressos: R$ 20,00 (inteira) e R$ 10,00 (meia-entrada). Dispon\u00edveis na bilheteria do Teatro Gua\u00edra ou pelo site&nbsp;<a href=\"https:\/\/deubalada.com\/\" target=\"_blank\" rel=\"noreferrer noopener\">DeuBalada.com<\/a><\/p>\n","protected":false},"excerpt":{"rendered":"<p>A Orquestra Sinf\u00f4nica do Paran\u00e1 (OSP) convida o p\u00fablico para o concerto &#8220;Cen\u00e1rios&#8221;, marcado para o dia 18 de agosto, pr\u00f3ximo domingo, \u00e0s 10h30, no Teatro Gua\u00edra. Com o patroc\u00ednio do Col\u00e9gio Positivo e realiza\u00e7\u00e3o do IAOSP &#8211; Instituto de Apoio \u00e0 Orquestra Sinf\u00f4nica do Paran\u00e1, o evento contempla tr\u00eas obras, cada uma com uma [&hellip;]<\/p>\n","protected":false},"author":2,"featured_media":60297,"comment_status":"open","ping_status":"open","sticky":false,"template":"","format":"standard","meta":{"advanced_seo_description":"","jetpack_seo_html_title":"","jetpack_seo_noindex":false,"_jetpack_memberships_contains_paid_content":false,"footnotes":""},"categories":[78],"tags":[],"class_list":{"0":"post-60296","1":"post","2":"type-post","3":"status-publish","4":"format-standard","5":"has-post-thumbnail","7":"category-cultura"},"jetpack_featured_media_url":"https:\/\/www.paranapraia.com.br\/wp-content\/uploads\/2024\/08\/roberto_ramos_jussara_souza-scaled.jpg","jetpack_sharing_enabled":true,"_links":{"self":[{"href":"https:\/\/www.paranapraia.com.br\/index.php\/wp-json\/wp\/v2\/posts\/60296"}],"collection":[{"href":"https:\/\/www.paranapraia.com.br\/index.php\/wp-json\/wp\/v2\/posts"}],"about":[{"href":"https:\/\/www.paranapraia.com.br\/index.php\/wp-json\/wp\/v2\/types\/post"}],"author":[{"embeddable":true,"href":"https:\/\/www.paranapraia.com.br\/index.php\/wp-json\/wp\/v2\/users\/2"}],"replies":[{"embeddable":true,"href":"https:\/\/www.paranapraia.com.br\/index.php\/wp-json\/wp\/v2\/comments?post=60296"}],"version-history":[{"count":1,"href":"https:\/\/www.paranapraia.com.br\/index.php\/wp-json\/wp\/v2\/posts\/60296\/revisions"}],"predecessor-version":[{"id":60298,"href":"https:\/\/www.paranapraia.com.br\/index.php\/wp-json\/wp\/v2\/posts\/60296\/revisions\/60298"}],"wp:featuredmedia":[{"embeddable":true,"href":"https:\/\/www.paranapraia.com.br\/index.php\/wp-json\/wp\/v2\/media\/60297"}],"wp:attachment":[{"href":"https:\/\/www.paranapraia.com.br\/index.php\/wp-json\/wp\/v2\/media?parent=60296"}],"wp:term":[{"taxonomy":"category","embeddable":true,"href":"https:\/\/www.paranapraia.com.br\/index.php\/wp-json\/wp\/v2\/categories?post=60296"},{"taxonomy":"post_tag","embeddable":true,"href":"https:\/\/www.paranapraia.com.br\/index.php\/wp-json\/wp\/v2\/tags?post=60296"}],"curies":[{"name":"wp","href":"https:\/\/api.w.org\/{rel}","templated":true}]}}