{"id":60293,"date":"2024-08-11T14:33:22","date_gmt":"2024-08-11T17:33:22","guid":{"rendered":"https:\/\/www.paranapraia.com.br\/?p=60293"},"modified":"2024-08-11T14:33:35","modified_gmt":"2024-08-11T17:33:35","slug":"moradores-de-morretes-e-uniao-da-vitoria-recebem-teste-de-alerta-de-eventos-climaticos","status":"publish","type":"post","link":"https:\/\/www.paranapraia.com.br\/index.php\/2024\/08\/11\/moradores-de-morretes-e-uniao-da-vitoria-recebem-teste-de-alerta-de-eventos-climaticos\/","title":{"rendered":"Moradores de Morretes e Uni\u00e3o da Vit\u00f3ria recebem teste de alerta de eventos clim\u00e1ticos"},"content":{"rendered":"\n<p>\u00c0s 15h17 deste s\u00e1bado (10), o Centro Estadual de Gerenciamento de Riscos e Desastres (Cegerd), da Defesa Civil do Paran\u00e1, disparou um alerta. Quase instantaneamente, os celulares de moradores e visitantes de Morretes, no Litoral, vibraram e tocaram um alarme, exibindo na tela uma mensagem que explicava a raz\u00e3o do contato em massa. \u00c0s 15h25, o protocolo foi repetido em Uni\u00e3o da Vit\u00f3ria, no Sul do Estado.&nbsp;<\/p>\n\n\n\n<p>Tratou-se do Defesa Civil Alerta, uma nova ferramenta que est\u00e1 sendo testada em 11 munic\u00edpios do Sul e do Sudeste do Brasil para avisar a popula\u00e7\u00e3o sobre situa\u00e7\u00f5es de risco de desastre. Ela utiliza a tecnologia Cell Broadcast, que diferente dos alertas j\u00e1 disparados pela Defesa Civil por meio SMS ou WhatsApp, utiliza a geolocaliza\u00e7\u00e3o do usu\u00e1rio para emitir um aviso que se sobrep\u00f5e a outros aplicativos do celular, sem exigir cadastro pr\u00e9vio.&nbsp;<\/p>\n\n\n\n<p>&#8220;Estamos trabalhando h\u00e1&nbsp;algum tempo para fazer essa demonstra\u00e7\u00e3o, que teve grande \u00eaxito, e vamos continuar com esse trabalho, fazendo as melhorias necess\u00e1rias para que possamos implementar essa tecnologia em todo o Paran\u00e1 e fortalecer o sistema de alerta para nossa popula\u00e7\u00e3o&#8221;, destacou o capit\u00e3o Marcos Vidal, da Defesa Civil Estadual.<\/p>\n\n\n\n<p>O sistema est\u00e1 sendo implementado em conjunto entre o Minist\u00e9rio da Integra\u00e7\u00e3o e Desenvolvimento Regional, por meio da Secretaria Nacional de Prote\u00e7\u00e3o e Defesa Civil, o Minist\u00e9rio das Comunica\u00e7\u00f5es, a Ag\u00eancia Nacional de Telecomunica\u00e7\u00f5es (ANATEL) e as empresas de telefonia m\u00f3vel. Ferramentas similares est\u00e3o em uso em pa\u00edses como Estados Unidos, Alemanha, It\u00e1lia e Chile.&nbsp;<\/p>\n\n\n\n<p>No Paran\u00e1, a Coordenadoria Estadual da Defesa Civil auxilia na implanta\u00e7\u00e3o. O \u00f3rg\u00e3o participa do processo no aux\u00edlio e orienta\u00e7\u00e3o \u00e0s duas cidades inclu\u00eddas nesta etapa. O Estado foi um dos escolhidos para participar por seu protagonismo na organiza\u00e7\u00e3o dos atendimentos e apoio aos munic\u00edpios. O trabalho vai desde os alertas \u00e0 popula\u00e7\u00e3o a trabalhos de prepara\u00e7\u00e3o das equipes locais, apoio t\u00e9cnico e integra\u00e7\u00e3o com outras secretarias para o desenvolvimento de a\u00e7\u00f5es futuras.<\/p>\n\n\n\n<p>&#8220;Essa nova tecnologia vai se somar a outros alertas que j\u00e1 disparamos no Estado e refor\u00e7ar o aviso em situa\u00e7\u00f5es mais extremas. As pessoas que estiverem naquela regi\u00e3o, naquela \u00e1rea, independente de ter cadastro ou n\u00e3o, v\u00e3o receber esse alerta e v\u00e3o poder tomar a\u00e7\u00f5es de autoprote\u00e7\u00e3o, v\u00e3o poder se proteger e, com certeza, vamos conseguir salvar muito mais vidas assim&#8221;, ressaltou o capit\u00e3o Vidal.<\/p>\n\n\n\n<p><strong>TESTE<\/strong>&nbsp;\u2013 Para testar a efetividade do sistema, as mensagens foram enviadas com intervalos de cinco minutos para os munic\u00edpios de Roca Sales (RS), Mu\u00e7um (RS), Blumenau (SC), Gaspar (SC), Morretes (PR), Uni\u00e3o da Vit\u00f3ria (PR), S\u00e3o Sebasti\u00e3o (SP), Cachoeiro do Itapemirim (ES), Indian\u00f3polis (MG), Petr\u00f3polis (RJ) e Angra dos Reis (RJ).&nbsp;<\/p>\n\n\n\n<p>Durante um m\u00eas, t\u00e9cnicos da Defesa Civil e da Anatel v\u00e3o monitorar o funcionamento da ferramenta para avaliar a necessidade de eventuais ajustes. A partir da\u00ed, a tecnologia estar\u00e1 dispon\u00edvel para ser implementada em qualquer munic\u00edpio brasileiro. &#8220;Hoje foi feita uma demonstra\u00e7\u00e3o. O projeto est\u00e1 efetivamente pronto e, nos pr\u00f3ximos 30 dias, iremos avaliar os resultados e poss\u00edveis falhas, que at\u00e9 o momento n\u00e3o foram detectadas&#8221;, explicou o sargento Fabr\u00edcio Cavalcante Lopes, representante da Defesa Civil Nacional.&nbsp;<\/p>\n\n\n\n<p>&#8220;\u00c9 importante que essa situa\u00e7\u00e3o real aconte\u00e7a para avaliar o que pode ser aperfei\u00e7oado. Vale ressaltar que a velocidade com que esse alerta atinge a popula\u00e7\u00e3o \u00e9 inestimavelmente superior a outros sistemas, e o teste mostrou que ele funciona muito bem&#8221;, ressaltou o sargento. &#8220;A finalidade \u00e9 salvar vidas, avisando rapidamente a popula\u00e7\u00e3o sobre riscos iminentes de desastres. E com essa ferramenta, conseguimos que a mensagem chegue em segundos, talvez, no Brasil inteiro&#8221;.<\/p>\n\n\n\n<p><strong>PARAN\u00c1<\/strong>&nbsp;\u2013<strong>&nbsp;<\/strong>Os munic\u00edpios estavam h\u00e1 cerca de um m\u00eas se organizando para o teste deste s\u00e1bado, que correu conforme o planejado. &#8220;Ficamos muito contentes que a ferramenta funcionou. Os turistas que estavam aqui ficaram curiosos com o que aconteceu e nossa equipe explicou que se tratava de um teste, ent\u00e3o estamos felizes que deu certo&#8221;, disse o coordenador da Defesa Civil Municipal de Morretes, Edson Alves.<\/p>\n\n\n\n<p>&#8220;Fizemos todo o mapeamento do nosso munic\u00edpio, as divisas, para saber at\u00e9 onde o sinal chegaria. E hoje, nossas equipes e tamb\u00e9m da Defesa Civil Estadual foram aos bairros mais afastados e aos locais como a rodovi\u00e1ria e a esta\u00e7\u00e3o ferrovi\u00e1ria para orientar as pessoas&#8221;, explicou. &#8220;Para Morretes \u00e9 uma ferramenta extremamente importante, porque temos morros e rios que sofrem com as cabe\u00e7as d&#8217;\u00e1gua, al\u00e9m de enchentes e deslizamentos que ocorrem \u00e0s vezes, ent\u00e3o nos preocupamos muito com o atendimento r\u00e1pido da popula\u00e7\u00e3o&#8221;.<\/p>\n\n\n\n<p>AEN<\/p>\n","protected":false},"excerpt":{"rendered":"<p>\u00c0s 15h17 deste s\u00e1bado (10), o Centro Estadual de Gerenciamento de Riscos e Desastres (Cegerd), da Defesa Civil do Paran\u00e1, disparou um alerta. Quase instantaneamente, os celulares de moradores e visitantes de Morretes, no Litoral, vibraram e tocaram um alarme, exibindo na tela uma mensagem que explicava a raz\u00e3o do contato em massa. \u00c0s 15h25, [&hellip;]<\/p>\n","protected":false},"author":2,"featured_media":60294,"comment_status":"open","ping_status":"open","sticky":false,"template":"","format":"standard","meta":{"advanced_seo_description":"","jetpack_seo_html_title":"","jetpack_seo_noindex":false,"_jetpack_memberships_contains_paid_content":false,"footnotes":""},"categories":[125,1],"tags":[],"class_list":{"0":"post-60293","1":"post","2":"type-post","3":"status-publish","4":"format-standard","5":"has-post-thumbnail","7":"category-morretes","8":"category-sem-categoria"},"jetpack_featured_media_url":"https:\/\/www.paranapraia.com.br\/wp-content\/uploads\/2024\/08\/morretes-defesa-03-scaled.jpg","jetpack_sharing_enabled":true,"_links":{"self":[{"href":"https:\/\/www.paranapraia.com.br\/index.php\/wp-json\/wp\/v2\/posts\/60293"}],"collection":[{"href":"https:\/\/www.paranapraia.com.br\/index.php\/wp-json\/wp\/v2\/posts"}],"about":[{"href":"https:\/\/www.paranapraia.com.br\/index.php\/wp-json\/wp\/v2\/types\/post"}],"author":[{"embeddable":true,"href":"https:\/\/www.paranapraia.com.br\/index.php\/wp-json\/wp\/v2\/users\/2"}],"replies":[{"embeddable":true,"href":"https:\/\/www.paranapraia.com.br\/index.php\/wp-json\/wp\/v2\/comments?post=60293"}],"version-history":[{"count":1,"href":"https:\/\/www.paranapraia.com.br\/index.php\/wp-json\/wp\/v2\/posts\/60293\/revisions"}],"predecessor-version":[{"id":60295,"href":"https:\/\/www.paranapraia.com.br\/index.php\/wp-json\/wp\/v2\/posts\/60293\/revisions\/60295"}],"wp:featuredmedia":[{"embeddable":true,"href":"https:\/\/www.paranapraia.com.br\/index.php\/wp-json\/wp\/v2\/media\/60294"}],"wp:attachment":[{"href":"https:\/\/www.paranapraia.com.br\/index.php\/wp-json\/wp\/v2\/media?parent=60293"}],"wp:term":[{"taxonomy":"category","embeddable":true,"href":"https:\/\/www.paranapraia.com.br\/index.php\/wp-json\/wp\/v2\/categories?post=60293"},{"taxonomy":"post_tag","embeddable":true,"href":"https:\/\/www.paranapraia.com.br\/index.php\/wp-json\/wp\/v2\/tags?post=60293"}],"curies":[{"name":"wp","href":"https:\/\/api.w.org\/{rel}","templated":true}]}}