{"id":60290,"date":"2024-08-11T14:30:53","date_gmt":"2024-08-11T17:30:53","guid":{"rendered":"https:\/\/www.paranapraia.com.br\/?p=60290"},"modified":"2024-08-11T14:30:55","modified_gmt":"2024-08-11T17:30:55","slug":"acidente-aereo-em-vinhedo-policia-cientifica-do-parana-ja-atendeu-26-familias-em-cascavel","status":"publish","type":"post","link":"https:\/\/www.paranapraia.com.br\/index.php\/2024\/08\/11\/acidente-aereo-em-vinhedo-policia-cientifica-do-parana-ja-atendeu-26-familias-em-cascavel\/","title":{"rendered":"Acidente a\u00e9reo em Vinhedo: Pol\u00edcia Cient\u00edfica do Paran\u00e1 j\u00e1 atendeu 26 fam\u00edlias em Cascavel"},"content":{"rendered":"\n<p>Agentes da Pol\u00edcia Cient\u00edfica do Paran\u00e1 est\u00e3o desde a tarde de sexta-feira (9) e ao longo de todo este s\u00e1bado (10) prestando atendimentos aos familiares das v\u00edtimas do acidente a\u00e9reo que ocorreu em Vinhedo, em S\u00e3o Paulo. Eles montaram uma rede de atendimento em sua sede em Cascavel, no Oeste do Estado, e tamb\u00e9m em um hotel da cidade para fazer a coleta de dados e de amostras de DNA, dentro do protocolo de DVI (Identifica\u00e7\u00e3o de V\u00edtimas de Desastres).<\/p>\n\n\n\n<p>At\u00e9 o momento, 26 fam\u00edlias foram atendidas e 15 pessoas fizeram a coleta de DNA com swab oral. As amostras de perfil gen\u00e9tico, al\u00e9m de documenta\u00e7\u00f5es odontol\u00f3gicas e m\u00e9dicas, ser\u00e3o encaminhadas \u00e0 Pol\u00edcia Cient\u00edfica de S\u00e3o Paulo, que trabalha no local do acidente e no IML central do estado paulista, para auxiliar na identifica\u00e7\u00e3o das v\u00edtimas. A aeronave da companhia Voepass, com 61 pessoas a bordo, partiu do Aeroporto de Cascavel e caiu no in\u00edcio da tarde de sexta em uma \u00e1rea residencial do bairro Capela, em Vinhedo.<\/p>\n\n\n\n<p>Para refor\u00e7ar esse atendimento, servidores que trabalham com antropologia forense em Foz do Igua\u00e7u foram deslocados para Cascavel. Catorze profissionais est\u00e3o envolvidos diretamente nesse caso.<\/p>\n\n\n\n<p>A Pol\u00edcia Cient\u00edfica enviou um pedido para familiares levarem documento de identifica\u00e7\u00e3o pessoal da v\u00edtima, com numera\u00e7\u00e3o e se poss\u00edvel original\/fotoc\u00f3pia; documentos odontol\u00f3gicos com registros de imagem (radiografias, tomografias e fotos dos dentes) ou fichas de tratamento odontol\u00f3gico; documentos m\u00e9dicos (radiografias, relat\u00f3rios de cirurgias); e fotografias e v\u00eddeos recentes que demonstrem caracter\u00edsticas f\u00edsicas, como presen\u00e7a de tatuagem.<\/p>\n\n\n\n<p><strong>DEFENSORIA P\u00daBLICA<\/strong>&nbsp;\u2013 O atendimento \u00e0s fam\u00edlias tamb\u00e9m est\u00e1 sendo refor\u00e7ado pelas Defensorias P\u00fablicas dos Estados do Paran\u00e1 e de S\u00e3o Paulo. Os dois \u00f3rg\u00e3os abriram procedimento administrativo para acompanhar as investiga\u00e7\u00f5es sobre a queda da aeronave e publicaram um&nbsp;<a href=\"https:\/\/www.defensoriapublica.pr.def.br\/Noticia\/Defensorias-Publicas-do-Parana-e-de-Sao-Paulo-abrem-procedimentos-para-acompanhar\" target=\"_blank\" rel=\"noreferrer noopener\">guia com perguntas e respostas sobre esse momento delicado<\/a>.<\/p>\n\n\n\n<p>No munic\u00edpio paranaense, as equipes prestam orienta\u00e7\u00f5es \u00e0s fam\u00edlias que est\u00e3o a caminho de S\u00e3o Paulo. A Defensoria P\u00fablica permanece no Aeroporto de Cascavel com defensores, psic\u00f3loga e assistente social para auxiliar qualquer familiar que chegue ao terminal. Eles tamb\u00e9m acompanham os atendimentos da Pol\u00edcia Cient\u00edfica na coleta de documentos e materiais gen\u00e9ticos, trabalho que tamb\u00e9m est\u00e1 sendo feito em S\u00e3o Paulo e Ribeir\u00e3o Preto.<\/p>\n\n\n\n<p>Em S\u00e3o Paulo, as equipes est\u00e3o voltadas na orienta\u00e7\u00e3o das fam\u00edlias para identifica\u00e7\u00e3o dos corpos no Instituto M\u00e9dico Legal (IML). Foi aberto um canal exclusivo de WhatsApp (41 99232-2977) para prestar informa\u00e7\u00f5es gerais e auxiliar as fam\u00edlias nos procedimentos de identifica\u00e7\u00e3o das v\u00edtimas.&nbsp;<\/p>\n\n\n\n<p><strong>LUTO OFICIAL<\/strong>&nbsp;\u2013 O governador Carlos Massa Ratinho Junior esteve em Vinhedo e prestou solidariedade \u00e0s fam\u00edlias das v\u00edtimas. Ele tamb\u00e9m decretou&nbsp;<a href=\"https:\/\/www.aen.pr.gov.br\/Noticia\/Ratinho-Junior-decreta-luto-oficial-no-Parana-pela-tragedia-em-Vinhedo\" target=\"_blank\" rel=\"noreferrer noopener\">luto oficial de tr\u00eas dias<\/a>. Oito&nbsp;<a href=\"https:\/\/www.aen.pr.gov.br\/Noticia\/Oito-servidores-do-Estado-morreram-no-acidente-aereo-em-Vinhedo\" target=\"_blank\" rel=\"noreferrer noopener\">servidores do Estado<\/a>&nbsp;faleceram no acidente.<\/p>\n\n\n\n<p>\u201c\u00c9 um dia triste. Todo acidente a\u00e9reo \u00e9 uma fatalidade que choca todo mundo por n\u00e3o estar dentro da normalidade. Ainda h\u00e1 pouca informa\u00e7\u00e3o sobre as v\u00edtimas que estavam no avi\u00e3o, mas quero deixar minha solidariedade \u00e0s fam\u00edlias\u201d, disse Ratinho Junior. &#8220;O povo do Paran\u00e1 abra\u00e7a a cidade de Cascavel. Que Deus conforte amigos e familiares das v\u00edtimas desse tr\u00e1gico acidente. Estamos colocando todas as nossas for\u00e7as \u00e0 disposi\u00e7\u00e3o para ajudar&#8221;.<\/p>\n\n\n\n<p><strong>ACIDENTE<\/strong>&nbsp;\u2013 O avi\u00e3o com 58 passageiros e quatro tripulantes, totalizando 62 pessoas a bordo, caiu em um condom\u00ednio no bairro Capela, em Vinhedo (SP). De acordo com a companhia a\u00e9rea, as v\u00edtimas estavam em um avi\u00e3o turbo\u00e9lice, modelo ATR-72, que saiu de Cascavel \u00e0s 11h58. Segundo a For\u00e7a A\u00e9rea Brasileira (FAB), o voo ocorreu dentro da normalidade at\u00e9 as 13h20, mas a partir das 13h21 a aeronave n\u00e3o respondeu \u00e0s chamadas da torre de S\u00e3o Paulo.<\/p>\n\n\n\n<p>AEN<\/p>\n","protected":false},"excerpt":{"rendered":"<p>Agentes da Pol\u00edcia Cient\u00edfica do Paran\u00e1 est\u00e3o desde a tarde de sexta-feira (9) e ao longo de todo este s\u00e1bado (10) prestando atendimentos aos familiares das v\u00edtimas do acidente a\u00e9reo que ocorreu em Vinhedo, em S\u00e3o Paulo. Eles montaram uma rede de atendimento em sua sede em Cascavel, no Oeste do Estado, e tamb\u00e9m em [&hellip;]<\/p>\n","protected":false},"author":2,"featured_media":60291,"comment_status":"open","ping_status":"open","sticky":false,"template":"","format":"standard","meta":{"advanced_seo_description":"","jetpack_seo_html_title":"","jetpack_seo_noindex":false,"_jetpack_memberships_contains_paid_content":false,"footnotes":""},"categories":[1],"tags":[],"class_list":{"0":"post-60290","1":"post","2":"type-post","3":"status-publish","4":"format-standard","5":"has-post-thumbnail","7":"category-sem-categoria"},"jetpack_featured_media_url":"https:\/\/www.paranapraia.com.br\/wp-content\/uploads\/2024\/08\/pin2390-scaled.jpg","jetpack_sharing_enabled":true,"_links":{"self":[{"href":"https:\/\/www.paranapraia.com.br\/index.php\/wp-json\/wp\/v2\/posts\/60290"}],"collection":[{"href":"https:\/\/www.paranapraia.com.br\/index.php\/wp-json\/wp\/v2\/posts"}],"about":[{"href":"https:\/\/www.paranapraia.com.br\/index.php\/wp-json\/wp\/v2\/types\/post"}],"author":[{"embeddable":true,"href":"https:\/\/www.paranapraia.com.br\/index.php\/wp-json\/wp\/v2\/users\/2"}],"replies":[{"embeddable":true,"href":"https:\/\/www.paranapraia.com.br\/index.php\/wp-json\/wp\/v2\/comments?post=60290"}],"version-history":[{"count":1,"href":"https:\/\/www.paranapraia.com.br\/index.php\/wp-json\/wp\/v2\/posts\/60290\/revisions"}],"predecessor-version":[{"id":60292,"href":"https:\/\/www.paranapraia.com.br\/index.php\/wp-json\/wp\/v2\/posts\/60290\/revisions\/60292"}],"wp:featuredmedia":[{"embeddable":true,"href":"https:\/\/www.paranapraia.com.br\/index.php\/wp-json\/wp\/v2\/media\/60291"}],"wp:attachment":[{"href":"https:\/\/www.paranapraia.com.br\/index.php\/wp-json\/wp\/v2\/media?parent=60290"}],"wp:term":[{"taxonomy":"category","embeddable":true,"href":"https:\/\/www.paranapraia.com.br\/index.php\/wp-json\/wp\/v2\/categories?post=60290"},{"taxonomy":"post_tag","embeddable":true,"href":"https:\/\/www.paranapraia.com.br\/index.php\/wp-json\/wp\/v2\/tags?post=60290"}],"curies":[{"name":"wp","href":"https:\/\/api.w.org\/{rel}","templated":true}]}}