{"id":60262,"date":"2024-08-07T17:36:14","date_gmt":"2024-08-07T20:36:14","guid":{"rendered":"https:\/\/www.paranapraia.com.br\/?p=60262"},"modified":"2024-08-07T17:36:15","modified_gmt":"2024-08-07T20:36:15","slug":"teste-de-alerta-de-eventos-climaticos-em-morretes-e-uniao-da-vitoria-sera-neste-sabado-veja-como-ira-funcionar","status":"publish","type":"post","link":"https:\/\/www.paranapraia.com.br\/index.php\/2024\/08\/07\/teste-de-alerta-de-eventos-climaticos-em-morretes-e-uniao-da-vitoria-sera-neste-sabado-veja-como-ira-funcionar\/","title":{"rendered":"Teste de alerta de eventos clim\u00e1ticos em Morretes e Uni\u00e3o da Vit\u00f3ria ser\u00e1 neste s\u00e1bado; veja como ir\u00e1 funcionar"},"content":{"rendered":"\n<p>O primeiro teste nacional de alerta de eventos clim\u00e1ticos por Cell Broadcast est\u00e1 programado para este s\u00e1bado (10) e inclui os munic\u00edpios paranaenses de Morretes e Uni\u00e3o da Vit\u00f3ria. A confirma\u00e7\u00e3o foi feita pelo Minist\u00e9rio da Integra\u00e7\u00e3o e do Desenvolvimento Regional nesta quarta-feira (07). As cidades do programa Defesa Civil Alerta fazem parte das 11 das regi\u00f5es Sul e Sudeste, com hist\u00f3ricos de trag\u00e9dias clim\u00e1ticas, que foram escolhidas pelo governo federal para esta etapa-teste.<\/p>\n\n\n\n<p>Os alertas ser\u00e3o emitidos separadamente em cada uma das cidades a partir das 15h, na seguinte ordem: Roca Sales (RS), Mu\u00e7um (RS), Blumenau (SC), Gaspar (SC), Morretes (PR), Uni\u00e3o da Vit\u00f3ria (PR), S\u00e3o Sebasti\u00e3o (SP), Cachoeiro do Itapemirim (ES), Indian\u00f3polis (MG), Petr\u00f3polis (RJ) e Angra dos Reis (RJ).<\/p>\n\n\n\n<p>Segundo o ministro da Integra\u00e7\u00e3o e do Desenvolvimento Regional, Waldez G\u00f3es, esta etapa ter\u00e1 dura\u00e7\u00e3o de 30 dias, per\u00edodo previsto para eventuais ajustes. \u201cEsse prazo servir\u00e1 para a Anatel, Defesa Civil Nacional e as defesas civis locais realizarem o acompanhamento do sistema\u201d, disse o ministro. \u201cPrecisamos que todos, desde as igrejas, comerciantes, \u00f3rg\u00e3os p\u00fablicos e escolas, compreendam a tecnologia e o uso do sistema\u201d.<\/p>\n\n\n\n<p><strong>TECNOLOGIA&nbsp;<\/strong>\u2013 O programa consiste no uso da tecnologia Cell Broacast, um sistema de alerta inovador que emite aviso por mensagem de texto, com recurso sonoro e vibrat\u00f3rio. A concep\u00e7\u00e3o desta ferramenta utiliza tecnologia nacional, criada em conjunto entre o Minist\u00e9rio da Integra\u00e7\u00e3o e Desenvolvimento Regional, o Minist\u00e9rio das Comunica\u00e7\u00f5es, a Ag\u00eancia Nacional de Telecomunica\u00e7\u00f5es, o Centro Nacional de Gerenciamento de Risco e Desastres e empresas de telefonia m\u00f3vel. Ferramentas similares est\u00e3o em uso em pa\u00edses como EUA, Alemanha, It\u00e1lia e Chile.<\/p>\n\n\n\n<p>\u201cA transmiss\u00e3o ser\u00e1 feita pelas redes de telefonia m\u00f3vel com sinal 4G e 5G com alertas que travam a tela do celular, se sobrepondo a qualquer tipo de aplicativo at\u00e9 que a mensagem seja lida\u201d, detalhou o secret\u00e1rio de Telecomunica\u00e7\u00f5es do Minist\u00e9rio das Comunica\u00e7\u00f5es, Hermano Tercius. \u201cEssa inova\u00e7\u00e3o trar\u00e1 maior agilidade em momentos cruciais. Em eventos com deslizamentos de terra, a rapidez nos comunicados para pessoas que vivem em \u00e1reas de risco pode significar a diferen\u00e7a entre a vida e a morte\u201d.<\/p>\n\n\n\n<p><strong>PARAN\u00c1&nbsp;<\/strong>\u2013 A Coordenadoria da Defesa Civil do Paran\u00e1 participa do processo no aux\u00edlio e orienta\u00e7\u00e3o aos dois munic\u00edpios do Estado inclu\u00eddos neste etapa. O coordenador estadual da Defesa Civil, coronel Fernando Schunig afirma que a equipe t\u00e9cnica est\u00e1 preparada e familiarizada com o novo recurso. \u201cA nova tecnologia de alerta se somar\u00e1 \u00e0s demais ferramentas que j\u00e1 utilizamos e, certamente, ser\u00e1 essencial em situa\u00e7\u00f5es extremas, que demandam resposta r\u00e1pida, como j\u00e1 vivemos anteriormente no Estado\u201d, disse.<\/p>\n\n\n\n<p>O Paran\u00e1 foi um dos escolhidos para participar por seu protagonismo na organiza\u00e7\u00e3o dos atendimentos e apoio aos munic\u00edpios. O trabalho vai desde os alertas \u00e0 popula\u00e7\u00e3o, trabalhos de prepara\u00e7\u00e3o das equipes locais, apoio t\u00e9cnico e integra\u00e7\u00e3o com outras secretarias para os desenvolvimento de a\u00e7\u00f5es futuras.<\/p>\n\n\n\n<p><strong>Veja como vai funcionar:<\/strong><\/p>\n\n\n\n<figure class=\"wp-block-embed is-type-video is-provider-vimeo wp-block-embed-vimeo wp-embed-aspect-16-9 wp-has-aspect-ratio\"><div class=\"wp-block-embed__wrapper\">\n<iframe loading=\"lazy\" title=\"VR_Paran\u00e1 vai testar mensagem de alerta contra desastres via celular\" src=\"https:\/\/player.vimeo.com\/video\/983113068?dnt=1&amp;app_id=122963\" width=\"696\" height=\"392\" frameborder=\"0\" allow=\"autoplay; fullscreen; picture-in-picture; clipboard-write\"><\/iframe>\n<\/div><\/figure>\n","protected":false},"excerpt":{"rendered":"<p>O primeiro teste nacional de alerta de eventos clim\u00e1ticos por Cell Broadcast est\u00e1 programado para este s\u00e1bado (10) e inclui os munic\u00edpios paranaenses de Morretes e Uni\u00e3o da Vit\u00f3ria. A confirma\u00e7\u00e3o foi feita pelo Minist\u00e9rio da Integra\u00e7\u00e3o e do Desenvolvimento Regional nesta quarta-feira (07). As cidades do programa Defesa Civil Alerta fazem parte das 11 [&hellip;]<\/p>\n","protected":false},"author":2,"featured_media":60263,"comment_status":"open","ping_status":"open","sticky":false,"template":"","format":"standard","meta":{"advanced_seo_description":"","jetpack_seo_html_title":"","jetpack_seo_noindex":false,"_jetpack_memberships_contains_paid_content":false,"footnotes":""},"categories":[40],"tags":[],"class_list":{"0":"post-60262","1":"post","2":"type-post","3":"status-publish","4":"format-standard","5":"has-post-thumbnail","7":"category-destaques"},"jetpack_featured_media_url":"https:\/\/www.paranapraia.com.br\/wp-content\/uploads\/2024\/08\/jose_fernando_ogura_arquivo_aen_1-scaled.jpg","jetpack_sharing_enabled":true,"_links":{"self":[{"href":"https:\/\/www.paranapraia.com.br\/index.php\/wp-json\/wp\/v2\/posts\/60262"}],"collection":[{"href":"https:\/\/www.paranapraia.com.br\/index.php\/wp-json\/wp\/v2\/posts"}],"about":[{"href":"https:\/\/www.paranapraia.com.br\/index.php\/wp-json\/wp\/v2\/types\/post"}],"author":[{"embeddable":true,"href":"https:\/\/www.paranapraia.com.br\/index.php\/wp-json\/wp\/v2\/users\/2"}],"replies":[{"embeddable":true,"href":"https:\/\/www.paranapraia.com.br\/index.php\/wp-json\/wp\/v2\/comments?post=60262"}],"version-history":[{"count":1,"href":"https:\/\/www.paranapraia.com.br\/index.php\/wp-json\/wp\/v2\/posts\/60262\/revisions"}],"predecessor-version":[{"id":60264,"href":"https:\/\/www.paranapraia.com.br\/index.php\/wp-json\/wp\/v2\/posts\/60262\/revisions\/60264"}],"wp:featuredmedia":[{"embeddable":true,"href":"https:\/\/www.paranapraia.com.br\/index.php\/wp-json\/wp\/v2\/media\/60263"}],"wp:attachment":[{"href":"https:\/\/www.paranapraia.com.br\/index.php\/wp-json\/wp\/v2\/media?parent=60262"}],"wp:term":[{"taxonomy":"category","embeddable":true,"href":"https:\/\/www.paranapraia.com.br\/index.php\/wp-json\/wp\/v2\/categories?post=60262"},{"taxonomy":"post_tag","embeddable":true,"href":"https:\/\/www.paranapraia.com.br\/index.php\/wp-json\/wp\/v2\/tags?post=60262"}],"curies":[{"name":"wp","href":"https:\/\/api.w.org\/{rel}","templated":true}]}}