{"id":60258,"date":"2024-08-07T15:54:26","date_gmt":"2024-08-07T18:54:26","guid":{"rendered":"https:\/\/www.paranapraia.com.br\/?p=60258"},"modified":"2024-08-07T15:54:27","modified_gmt":"2024-08-07T18:54:27","slug":"com-investimento-de-r-12-milhao-comeca-revitalizacao-da-cobertura-do-teatro-guaira","status":"publish","type":"post","link":"https:\/\/www.paranapraia.com.br\/index.php\/2024\/08\/07\/com-investimento-de-r-12-milhao-comeca-revitalizacao-da-cobertura-do-teatro-guaira\/","title":{"rendered":"Com investimento de R$ 1,2 milh\u00e3o, come\u00e7a revitaliza\u00e7\u00e3o da cobertura do Teatro Gua\u00edra"},"content":{"rendered":"\n<p>Come\u00e7aram neste m\u00eas as obras de revitaliza\u00e7\u00e3o da cobertura do Centro Cultural Teatro Gua\u00edra que visam garantir a preserva\u00e7\u00e3o da estrutura e a seguran\u00e7a dos frequentadores e trabalhadores do teatro, um dos principais espa\u00e7os culturais do Paran\u00e1. O investimento \u00e9 de R$ 1,2 milh\u00e3o, que ser\u00e1 integralmente financiado com recursos da Audi do Brasil como contrapartida do enquadramento da empresa no programa Paran\u00e1 Competitivo. A conclus\u00e3o da obra est\u00e1 prevista para dezembro.<\/p>\n\n\n\n<p>A principal motiva\u00e7\u00e3o para a revitaliza\u00e7\u00e3o da cobertura, que abrange uma \u00e1rea de 17 mil metros quadrados, \u00e9 a prote\u00e7\u00e3o contra infiltra\u00e7\u00f5es. Para manter a estrutura original, os blocos da cobertura est\u00e3o sendo removidos e remanejados para aplica\u00e7\u00e3o de uma manta asf\u00e1ltica, seguida de um acabamento que evitar\u00e1 qualquer tipo de infiltra\u00e7\u00e3o no futuro. A interven\u00e7\u00e3o tamb\u00e9m inclui a limpeza e revitaliza\u00e7\u00e3o dos dutos, um trabalho complexo que abrange todos os audit\u00f3rios, est\u00fadios e \u00e1reas administrativas do teatro.<\/p>\n\n\n\n<p>Segundo o diretor-presidente do Centro Cultural Teatro Gua\u00edra, Cleverson Cavalheiro, a revitaliza\u00e7\u00e3o da cobertura faz parte de um esfor\u00e7o cont\u00ednuo de manuten\u00e7\u00e3o e preserva\u00e7\u00e3o do patrim\u00f4nio cultural, algo especialmente relevante neste ano, quando o Centro completa 140 anos.<\/p>\n\n\n\n<p>\u201cDesde a inaugura\u00e7\u00e3o do teatro a cobertura nunca havia sido revitalizada, por isso a obra demanda um investimento alto\u201d, afirmou. \u201cApesar de n\u00e3o ser vis\u00edvel ao p\u00fablico, era uma interven\u00e7\u00e3o extremamente necess\u00e1ria para garantir a seguran\u00e7a e o conforto dos frequentadores, artistas, t\u00e9cnicos e funcion\u00e1rios\u201d.<br><\/p>\n\n\n\n<p>O investimento integra uma s\u00e9rie de projetos voltados \u00e0 renova\u00e7\u00e3o e melhoria da estrutura e dos equipamentos t\u00e9cnicos do Teatro Gua\u00edra, sempre com foco na seguran\u00e7a e na qualidade das produ\u00e7\u00f5es. Em 2022, o espa\u00e7o j\u00e1 havia recebido R$ 600 mil para a restaura\u00e7\u00e3o do palco do Guair\u00e3o e da estrutura de bastidores.<\/p>\n\n\n\n<p>De acordo com a secret\u00e1ria estadual da Cultura, Luciana Casagrande Pereira, as melhorias s\u00e3o uma estrat\u00e9gia do Governo do Estado para manter a relev\u00e2ncia do espa\u00e7o como um dos maiores teatros do Brasil, com capacidade para continuar recebendo grandes produ\u00e7\u00f5es nacionais e internacionais. Ela tamb\u00e9m enfatizou a import\u00e2ncia das parcerias com a iniciativa privada para viabiliza\u00e7\u00e3o dos projetos de melhoria dos espa\u00e7os culturais.<\/p>\n\n\n\n<p>O apoio da Audi do Brasil, que j\u00e1 \u00e9 parceira do Governo do Estado no programa Crian\u00e7as no Teatro, que alcan\u00e7ou 140 mil crian\u00e7as paranaenses entre 2023 e &nbsp;2024, foi fundamental para viabilizar esse investimento que marca os 140 anos do Teatro Gua\u00edra\u201d, disse.<\/p>\n\n\n\n<p>AEN<\/p>\n","protected":false},"excerpt":{"rendered":"<p>Come\u00e7aram neste m\u00eas as obras de revitaliza\u00e7\u00e3o da cobertura do Centro Cultural Teatro Gua\u00edra que visam garantir a preserva\u00e7\u00e3o da estrutura e a seguran\u00e7a dos frequentadores e trabalhadores do teatro, um dos principais espa\u00e7os culturais do Paran\u00e1. O investimento \u00e9 de R$ 1,2 milh\u00e3o, que ser\u00e1 integralmente financiado com recursos da Audi do Brasil como [&hellip;]<\/p>\n","protected":false},"author":2,"featured_media":60259,"comment_status":"open","ping_status":"open","sticky":false,"template":"","format":"standard","meta":{"advanced_seo_description":"","jetpack_seo_html_title":"","jetpack_seo_noindex":false,"_jetpack_memberships_contains_paid_content":false,"footnotes":""},"categories":[71],"tags":[],"class_list":{"0":"post-60258","1":"post","2":"type-post","3":"status-publish","4":"format-standard","5":"has-post-thumbnail","7":"category-curitiba"},"jetpack_featured_media_url":"https:\/\/www.paranapraia.com.br\/wp-content\/uploads\/2024\/08\/dji_0790-scaled.jpg","jetpack_sharing_enabled":true,"_links":{"self":[{"href":"https:\/\/www.paranapraia.com.br\/index.php\/wp-json\/wp\/v2\/posts\/60258"}],"collection":[{"href":"https:\/\/www.paranapraia.com.br\/index.php\/wp-json\/wp\/v2\/posts"}],"about":[{"href":"https:\/\/www.paranapraia.com.br\/index.php\/wp-json\/wp\/v2\/types\/post"}],"author":[{"embeddable":true,"href":"https:\/\/www.paranapraia.com.br\/index.php\/wp-json\/wp\/v2\/users\/2"}],"replies":[{"embeddable":true,"href":"https:\/\/www.paranapraia.com.br\/index.php\/wp-json\/wp\/v2\/comments?post=60258"}],"version-history":[{"count":1,"href":"https:\/\/www.paranapraia.com.br\/index.php\/wp-json\/wp\/v2\/posts\/60258\/revisions"}],"predecessor-version":[{"id":60260,"href":"https:\/\/www.paranapraia.com.br\/index.php\/wp-json\/wp\/v2\/posts\/60258\/revisions\/60260"}],"wp:featuredmedia":[{"embeddable":true,"href":"https:\/\/www.paranapraia.com.br\/index.php\/wp-json\/wp\/v2\/media\/60259"}],"wp:attachment":[{"href":"https:\/\/www.paranapraia.com.br\/index.php\/wp-json\/wp\/v2\/media?parent=60258"}],"wp:term":[{"taxonomy":"category","embeddable":true,"href":"https:\/\/www.paranapraia.com.br\/index.php\/wp-json\/wp\/v2\/categories?post=60258"},{"taxonomy":"post_tag","embeddable":true,"href":"https:\/\/www.paranapraia.com.br\/index.php\/wp-json\/wp\/v2\/tags?post=60258"}],"curies":[{"name":"wp","href":"https:\/\/api.w.org\/{rel}","templated":true}]}}