{"id":60252,"date":"2024-08-07T15:45:30","date_gmt":"2024-08-07T18:45:30","guid":{"rendered":"https:\/\/www.paranapraia.com.br\/?p=60252"},"modified":"2024-08-07T15:45:31","modified_gmt":"2024-08-07T18:45:31","slug":"saude-promove-capacitacao-para-diagnostico-e-notificacao-de-anomalias-congenitas","status":"publish","type":"post","link":"https:\/\/www.paranapraia.com.br\/index.php\/2024\/08\/07\/saude-promove-capacitacao-para-diagnostico-e-notificacao-de-anomalias-congenitas\/","title":{"rendered":"Sa\u00fade promove capacita\u00e7\u00e3o para diagn\u00f3stico e notifica\u00e7\u00e3o de anomalias cong\u00eanitas"},"content":{"rendered":"\n<p>A Secretaria de Estado da Sa\u00fade (Sesa), em parceria com o Minist\u00e9rio da Sa\u00fade (MS), realizou nesta quarta-feira (7) em Curitiba, uma oficina de capacita\u00e7\u00e3o estadual sobre anomalias cong\u00eanitas. O evento reuniu cerca de 200 gestores e profissionais da vigil\u00e2ncia epidemiol\u00f3gica, rede hospitalar e aten\u00e7\u00e3o prim\u00e1ria de todo Estado. O principal objetivo da capacita\u00e7\u00e3o \u00e9 qualificar os profissionais da assist\u00eancia em sa\u00fade quanto ao diagn\u00f3stico e notifica\u00e7\u00e3o, bem como refor\u00e7ar a import\u00e2ncia da notifica\u00e7\u00e3o na Declara\u00e7\u00e3o de Nascidos Vivos (DNV).<\/p>\n\n\n\n<p>\u201cO Governo do Estado acolhe pacientes com anomalias cong\u00eanitas e doen\u00e7as raras de forma diferenciada e especial. Essa capacita\u00e7\u00e3o \u00e9 muito importante para qualificar os dados e consequentemente prover a integralidade do atendimento e do acompanhamento que esses pacientes demandam\u201d, disse o secret\u00e1rio de Estado da Sa\u00fade, C\u00e9sar Neves.<\/p>\n\n\n\n<p>De acordo com a coordenadora de Vigil\u00e2ncia Epidemiol\u00f3gica da Sesa, Ac\u00e1cia Nasr, a principal orienta\u00e7\u00e3o \u00e9 para que os profissionais que atuam diretamente com o pr\u00e9-natal, parto e puerp\u00e9rio, realizem o diagn\u00f3stico e a notifica\u00e7\u00e3o dos casos, garantindo ao Estado dados mais precisos para o desenvolvimento de pol\u00edticas p\u00fablicas voltadas \u00e0 sa\u00fade das crian\u00e7as.<\/p>\n\n\n\n<p>\u201cAs anomalias cong\u00eanitas aumentam a morbimortalidade e o impacto n\u00e3o \u00e9 s\u00f3 para o Estado, mas para toda popula\u00e7\u00e3o. \u00c9 muito importante que aconte\u00e7a a notifica\u00e7\u00e3o e a qualifica\u00e7\u00e3o dessa informa\u00e7\u00e3o na DNV, para que as pol\u00edticas p\u00fablicas sejam mais assertivas e promovam a essas crian\u00e7as e seus familiares uma maior qualidade de vida\u201d, disse.<\/p>\n\n\n\n<p><strong>CASOS&nbsp;<\/strong>\u2013 No Paran\u00e1, entre os anos de 2019 a 2023, a taxa m\u00e9dia de nascidos vivos com anomalias cong\u00eanitas ao nascer foi de 6,7%. Segundo dados do Sistema de Informa\u00e7\u00f5es sobre Nascidos Vivos (Sinasc), entre os anos de 2012 e 2022 foram registrados em todo Brasil 37.126.352 nascidos vivos, dos quais 309.140 (0,83%) apresentaram alguma anomalia cong\u00eanita. Em m\u00e9dia, 23.793 nascidos vivos ao ano apresentaram alguma anomalia cong\u00eanita.<\/p>\n\n\n\n<p>O consultor t\u00e9cnico da coordena\u00e7\u00e3o da Unidade de Vigil\u00e2ncia de Anomalias Cong\u00eanitas do Minist\u00e9rio da Sa\u00fade, Jo\u00e3o Matheus Bremm, explicou que h\u00e1 subnotifica\u00e7\u00e3o significativa desses casos no Sinasc, uma vez que o estimado para a popula\u00e7\u00e3o \u00e9 cerca de 3% dos nascidos vivos com alguma anomalia cong\u00eanita, entretanto, s\u00e3o registrados apenas 0,87%.<\/p>\n\n\n\n<p>\u201cA notifica\u00e7\u00e3o \u00e9 o primeiro passo para que a gente consiga planejar uma melhora nas condi\u00e7\u00f5es de vida e de atendimento dessas crian\u00e7as, al\u00e9m disso, com a qualifica\u00e7\u00e3o desta informa\u00e7\u00e3o, \u00e9 poss\u00edvel monitorar poss\u00edveis surtos, como a epidemia de s\u00edndrome cong\u00eanita do zika v\u00edrus ocorrida em 2015\u201d, explicou.<\/p>\n\n\n\n<p><strong>MATERNO-INFANTIL&nbsp;<\/strong>\u2013 O Paran\u00e1 possui a Linha de Cuidado Materno-Infantil, que \u00e9 composta por um conjunto de a\u00e7\u00f5es para assegurar \u00e0s gestantes o acesso, o acolhimento e a resolutividade, por meio de modelo de aten\u00e7\u00e3o voltado ao pr\u00e9-natal, parto e nascimento seguros. Essas a\u00e7\u00f5es propiciam \u00e0 crian\u00e7a crescimento e desenvolvimento saud\u00e1veis nos seus dois primeiros anos de vida.<\/p>\n\n\n\n<p>Neste modelo, as gestantes com diagn\u00f3stico de m\u00e1 forma\u00e7\u00e3o s\u00e3o assistidas pela equipe da Aten\u00e7\u00e3o Prim\u00e1ria \u00e0 Sa\u00fade (APS) em conjunto com a equipe multiprofissional especializada, para que haja o acolhimento, esclarecimento do caso e acesso de outros servi\u00e7os e procedimentos, conforme a necessidade de cada caso.<\/p>\n\n\n\n<p><strong>ANOMALIAS&nbsp;<\/strong>\u2013 As anomalias cong\u00eanitas s\u00e3o um grupo de altera\u00e7\u00f5es estruturais ou funcionais que ocorrem durante a vida intrauterina e que podem ser detectadas antes, durante ou ap\u00f3s o nascimento. Podem afetar diversos \u00f3rg\u00e3os e sistemas do corpo humano e s\u00e3o causadas por um ou mais fatores gen\u00e9ticos, infecciosos, nutricionais e ambientais, podendo ser resultado de uma combina\u00e7\u00e3o desses fatores.<\/p>\n\n\n\n<p>Entre as anomalias cong\u00eanitas mais comuns, est\u00e3o as cardiopatias cong\u00eanitas que s\u00e3o altera\u00e7\u00f5es na estrutura ou fun\u00e7\u00e3o do cora\u00e7\u00e3o; os defeitos de membros, como membros ausentes, supranumer\u00e1rios ou com desenvolvimento alterado; os defeitos de tubo neural, que se relacionam a uma falha no fechamento adequado do tubo neural embrion\u00e1rio, como a anencefalia e a espinha b\u00edfida; e as anomalias cromoss\u00f4micas, como a s\u00edndrome de Down.<\/p>\n\n\n\n<p>AEN<\/p>\n","protected":false},"excerpt":{"rendered":"<p>A Secretaria de Estado da Sa\u00fade (Sesa), em parceria com o Minist\u00e9rio da Sa\u00fade (MS), realizou nesta quarta-feira (7) em Curitiba, uma oficina de capacita\u00e7\u00e3o estadual sobre anomalias cong\u00eanitas. O evento reuniu cerca de 200 gestores e profissionais da vigil\u00e2ncia epidemiol\u00f3gica, rede hospitalar e aten\u00e7\u00e3o prim\u00e1ria de todo Estado. O principal objetivo da capacita\u00e7\u00e3o \u00e9 [&hellip;]<\/p>\n","protected":false},"author":2,"featured_media":60253,"comment_status":"open","ping_status":"open","sticky":false,"template":"","format":"standard","meta":{"advanced_seo_description":"","jetpack_seo_html_title":"","jetpack_seo_noindex":false,"_jetpack_memberships_contains_paid_content":false,"footnotes":""},"categories":[50],"tags":[],"class_list":{"0":"post-60252","1":"post","2":"type-post","3":"status-publish","4":"format-standard","5":"has-post-thumbnail","7":"category-saude"},"jetpack_featured_media_url":"https:\/\/www.paranapraia.com.br\/wp-content\/uploads\/2024\/08\/blte1797-scaled.jpg","jetpack_sharing_enabled":true,"_links":{"self":[{"href":"https:\/\/www.paranapraia.com.br\/index.php\/wp-json\/wp\/v2\/posts\/60252"}],"collection":[{"href":"https:\/\/www.paranapraia.com.br\/index.php\/wp-json\/wp\/v2\/posts"}],"about":[{"href":"https:\/\/www.paranapraia.com.br\/index.php\/wp-json\/wp\/v2\/types\/post"}],"author":[{"embeddable":true,"href":"https:\/\/www.paranapraia.com.br\/index.php\/wp-json\/wp\/v2\/users\/2"}],"replies":[{"embeddable":true,"href":"https:\/\/www.paranapraia.com.br\/index.php\/wp-json\/wp\/v2\/comments?post=60252"}],"version-history":[{"count":1,"href":"https:\/\/www.paranapraia.com.br\/index.php\/wp-json\/wp\/v2\/posts\/60252\/revisions"}],"predecessor-version":[{"id":60254,"href":"https:\/\/www.paranapraia.com.br\/index.php\/wp-json\/wp\/v2\/posts\/60252\/revisions\/60254"}],"wp:featuredmedia":[{"embeddable":true,"href":"https:\/\/www.paranapraia.com.br\/index.php\/wp-json\/wp\/v2\/media\/60253"}],"wp:attachment":[{"href":"https:\/\/www.paranapraia.com.br\/index.php\/wp-json\/wp\/v2\/media?parent=60252"}],"wp:term":[{"taxonomy":"category","embeddable":true,"href":"https:\/\/www.paranapraia.com.br\/index.php\/wp-json\/wp\/v2\/categories?post=60252"},{"taxonomy":"post_tag","embeddable":true,"href":"https:\/\/www.paranapraia.com.br\/index.php\/wp-json\/wp\/v2\/tags?post=60252"}],"curies":[{"name":"wp","href":"https:\/\/api.w.org\/{rel}","templated":true}]}}