{"id":60216,"date":"2024-08-05T17:47:15","date_gmt":"2024-08-05T20:47:15","guid":{"rendered":"https:\/\/www.paranapraia.com.br\/?p=60216"},"modified":"2024-08-05T17:47:17","modified_gmt":"2024-08-05T20:47:17","slug":"governador-ratinho-junior-autoriza-promocao-de-622-policiais-penais","status":"publish","type":"post","link":"https:\/\/www.paranapraia.com.br\/index.php\/2024\/08\/05\/governador-ratinho-junior-autoriza-promocao-de-622-policiais-penais\/","title":{"rendered":"Governador Ratinho Junior autoriza promo\u00e7\u00e3o de 622 policiais penais"},"content":{"rendered":"\n<p>O governador Carlos Massa Ratinho Junior assinou nesta segunda-feira (5) o&nbsp;<a href=\"https:\/\/www.aen.pr.gov.br\/sites\/default\/arquivos_restritos\/files\/documento\/2024-08\/promocaopoliciapenal.pdf\" target=\"_blank\" rel=\"noreferrer noopener\">Decreto 6.954\/2024<\/a>&nbsp;, que autoriza a promo\u00e7\u00e3o de 622 policiais penais do Estado. A valoriza\u00e7\u00e3o atinge quase um em cada quatro servidores da Pol\u00edcia Penal do Paran\u00e1, que tem 2,5 mil pessoas.<\/p>\n\n\n\n<p>O impacto estimado \u00e9 de R$ 879 mil por m\u00eas na folha de pagamento da corpora\u00e7\u00e3o, com previs\u00e3o de inclus\u00e3o na folha de agosto. A medida valoriza os profissionais que atuam no sistema prisional do Estado e trabalham para garantir a ressocializa\u00e7\u00e3o das pessoas privadas de liberdade no Paran\u00e1.<\/p>\n\n\n\n<p>O processo beneficia servidores ativos que atendem os crit\u00e9rios para a promo\u00e7\u00e3o definidos pela Lei Complementar 245\/22, que regulamentou a carreira ao instituir o Quadro Pr\u00f3prio da Pol\u00edcia Penal do Estado do Paran\u00e1.<\/p>\n\n\n\n<p>De todas as promo\u00e7\u00f5es autorizadas, 21 servidores foram promovidos da classe XII para classe XI, 38 para a classe X, 70 para classe IX, 26 para classe VIII, 173 para a classe VII, 204 para classe VI, 11 para classe V, 7 para classe IV, 9 para classe III, 34 para classe II e 28 para classe I.<\/p>\n\n\n\n<p><strong>DEPPEN<\/strong>&nbsp;\u2013 O Deppen foi criado em 2021, com a promulga\u00e7\u00e3o da Emenda Constitucional n\u00ba 50 que igualou a Pol\u00edcia Penal \u00e0s demais for\u00e7as policiais do Estado.<\/p>\n\n\n\n<p>Ap\u00f3s a reformula\u00e7\u00e3o na carreira, a fun\u00e7\u00e3o policial passou a ser fundamentada na hierarquia e foram estabelecidos n\u00edveis de carreira e disciplina, o que propiciou a cria\u00e7\u00e3o do Quadro Pr\u00f3prio da Pol\u00edcia Penal e da Fun\u00e7\u00e3o Privativa-Policial, exclusivos para os policiais penais.<\/p>\n\n\n\n<p>Com a mudan\u00e7a, tamb\u00e9m foi feita a transfer\u00eancia definitiva de gest\u00e3o das carceragens para a Pol\u00edcia Penal, que se tornou respons\u00e1vel pela fiscaliza\u00e7\u00e3o, controle e seguran\u00e7a das unidades prisionais do Estado.<\/p>\n","protected":false},"excerpt":{"rendered":"<p>O governador Carlos Massa Ratinho Junior assinou nesta segunda-feira (5) o&nbsp;Decreto 6.954\/2024&nbsp;, que autoriza a promo\u00e7\u00e3o de 622 policiais penais do Estado. A valoriza\u00e7\u00e3o atinge quase um em cada quatro servidores da Pol\u00edcia Penal do Paran\u00e1, que tem 2,5 mil pessoas. O impacto estimado \u00e9 de R$ 879 mil por m\u00eas na folha de pagamento [&hellip;]<\/p>\n","protected":false},"author":2,"featured_media":60217,"comment_status":"open","ping_status":"open","sticky":false,"template":"","format":"standard","meta":{"advanced_seo_description":"","jetpack_seo_html_title":"","jetpack_seo_noindex":false,"_jetpack_memberships_contains_paid_content":false,"footnotes":""},"categories":[33],"tags":[],"class_list":{"0":"post-60216","1":"post","2":"type-post","3":"status-publish","4":"format-standard","5":"has-post-thumbnail","7":"category-policia"},"jetpack_featured_media_url":"https:\/\/www.paranapraia.com.br\/wp-content\/uploads\/2024\/08\/pppr_0-scaled.jpg","jetpack_sharing_enabled":true,"_links":{"self":[{"href":"https:\/\/www.paranapraia.com.br\/index.php\/wp-json\/wp\/v2\/posts\/60216"}],"collection":[{"href":"https:\/\/www.paranapraia.com.br\/index.php\/wp-json\/wp\/v2\/posts"}],"about":[{"href":"https:\/\/www.paranapraia.com.br\/index.php\/wp-json\/wp\/v2\/types\/post"}],"author":[{"embeddable":true,"href":"https:\/\/www.paranapraia.com.br\/index.php\/wp-json\/wp\/v2\/users\/2"}],"replies":[{"embeddable":true,"href":"https:\/\/www.paranapraia.com.br\/index.php\/wp-json\/wp\/v2\/comments?post=60216"}],"version-history":[{"count":1,"href":"https:\/\/www.paranapraia.com.br\/index.php\/wp-json\/wp\/v2\/posts\/60216\/revisions"}],"predecessor-version":[{"id":60218,"href":"https:\/\/www.paranapraia.com.br\/index.php\/wp-json\/wp\/v2\/posts\/60216\/revisions\/60218"}],"wp:featuredmedia":[{"embeddable":true,"href":"https:\/\/www.paranapraia.com.br\/index.php\/wp-json\/wp\/v2\/media\/60217"}],"wp:attachment":[{"href":"https:\/\/www.paranapraia.com.br\/index.php\/wp-json\/wp\/v2\/media?parent=60216"}],"wp:term":[{"taxonomy":"category","embeddable":true,"href":"https:\/\/www.paranapraia.com.br\/index.php\/wp-json\/wp\/v2\/categories?post=60216"},{"taxonomy":"post_tag","embeddable":true,"href":"https:\/\/www.paranapraia.com.br\/index.php\/wp-json\/wp\/v2\/tags?post=60216"}],"curies":[{"name":"wp","href":"https:\/\/api.w.org\/{rel}","templated":true}]}}