{"id":60213,"date":"2024-08-03T15:40:39","date_gmt":"2024-08-03T18:40:39","guid":{"rendered":"https:\/\/www.paranapraia.com.br\/?p=60213"},"modified":"2024-08-03T15:40:41","modified_gmt":"2024-08-03T18:40:41","slug":"adriano-ramos-apresenta-coligacao-a-paranagua-de-todos-numa-das-maiores-convencoes-do-republicanos-no-parana","status":"publish","type":"post","link":"https:\/\/www.paranapraia.com.br\/index.php\/2024\/08\/03\/adriano-ramos-apresenta-coligacao-a-paranagua-de-todos-numa-das-maiores-convencoes-do-republicanos-no-parana\/","title":{"rendered":"Adriano Ramos apresenta coliga\u00e7\u00e3o \u201cA Paranagu\u00e1 de Todos\u201d numa das maiores conven\u00e7\u00f5es do Republicanos no Paran\u00e1"},"content":{"rendered":"\n<p>O Republicanos de Paranagu\u00e1 realizou na noite de sexta (2) a maior conven\u00e7\u00e3o na cidade e uma das maiores do Paran\u00e1. Com participa\u00e7\u00e3o de mais sete partidos que j\u00e1 confirmaram apoio \u00e0 coliga\u00e7\u00e3o \u201cA Paranagu\u00e1 de Todos\u201d, Adriano Ramos foi escolhido candidato a prefeito da maior cidade do litoral paranaense.<\/p>\n\n\n\n<p>O nome do candidato a vice ainda n\u00e3o foi informado. Mais de 1.200 pessoas compareceram ao evento, realizado no Jardim Samambaia. Formada por oito partidos &#8211; al\u00e9m do Republicanos \u00e9 integrada por Podemos, Solidariedade, Uni\u00e3o Brasil, Novo, PRTB, DC e Mobiliza &#8211; a coliga\u00e7\u00e3o apresentou tamb\u00e9m chapas completas num total de 160 candidatos a vereador.<\/p>\n\n\n\n<p>O diret\u00f3rio do Republicanos de Paranagu\u00e1 \u00e9 o primeiro a ser comandado por mulheres no Paran\u00e1 e a coliga\u00e7\u00e3o confirmou um grande n\u00famero de candidatas \u00e0 C\u00e2mara da cidade, que foi a primeira capital do Paran\u00e1.<\/p>\n\n\n\n<p>Adriano Ramos (56), l\u00edder republicano de maior express\u00e3o no litoral, contou com as presen\u00e7as de autoridades como Santin Roveda, secret\u00e1rio do governo Ratinho Junior (Justi\u00e7a e Cidadania), os deputados estaduais Alexandre Amaro (Republicanos), Fl\u00e1via Francischini (Uni\u00e3o Brasil) e Paulo Gomes (PP), al\u00e9m do deputado federal Felipe Franscischini.<\/p>\n\n\n\n<p>O deputado estadual F\u00e1bio Oliveira (Podemos) enviou representante e enviaram mo\u00e7\u00f5es de apoio os secret\u00e1rios estaduais do Trabalho Qualifica\u00e7\u00e3o e Renda, Mauro Moraes, e do Desenvolvimento Sustent\u00e1vel, Valdemar Jorge, o deputado federal Geraldo Mendes (Uni\u00e3o Brasil) e os deputados estaduais Denian Couto Podemos), Alisson Wandscheer (Solidariedade), tamb\u00e9m compareceram l\u00edderes partid\u00e1rios, vereadores e um p\u00fablico que superou as expectativas.<\/p>\n\n\n\n<p>Acompanhado dos filhos, neto, da esposa Patr\u00edcia Bamvakiades Ramos, e da presidente do Republicanos de Paranagu\u00e1, Acsa Bonjardim, Adriano Ramos recepcionou o presidente do Republicanos no Paran\u00e1, Marcelo Almeida, que confirmou a for\u00e7a do partido no litoral e no Paran\u00e1.<\/p>\n\n\n\n<p>Adriano Ramos sempre mostrou sua inten\u00e7\u00e3o de cuidar das pessoas, promovendo pol\u00edticas p\u00fablicas inclusivas, estimuladoras do pleno desenvolvimento do potencial da cidade. Ele defende interven\u00e7\u00f5es em setores como o turismo, a gera\u00e7\u00e3o de empregos e a inova\u00e7\u00e3o para que Paranagu\u00e1 dependa menos de ser uma cidade portu\u00e1ria, tida como pouco desenvolvida, al\u00e9m de enfrentar muitos problemas sociais e de crescente viol\u00eancia.<\/p>\n\n\n\n<p>\u201cTemos caminhado por toda a cidade e ouvido nossa popula\u00e7\u00e3o, por isso sabemos as necessidades de cada bairro. Paranagu\u00e1 \u00e9 uma cidade que ainda \u00e9 ref\u00e9m do passado e n\u00f3s temos a miss\u00e3o de reconstruir e devolver a cidade para nossa gente. Vamos entrar em campanha, com o cora\u00e7\u00e3o em paz e cada dia mais acreditando que Paranagu\u00e1, em breve estar\u00e1 de volta para todos n\u00f3s.\u201d<\/p>\n\n\n\n<p>Ramos \u00e9 suplente de deputado estadual com 36.327 votos obtidos na elei\u00e7\u00e3o de 2022, faltando apenas 96 votos para alcan\u00e7ar a vaga. Desses, mais de 91% foram obtidos em Paranagu\u00e1. Ele consolidou sua lideran\u00e7a na regi\u00e3o e ganhou destaque junto \u00e0 executiva estadual no partido, que faz parte da bancada de apoio ao governo Ratinho Jr. na Assembleia Legislativa.<\/p>\n\n\n\n<p>Nos \u00faltimos anos, Ramos visitou v\u00e1rios prefeitos de destaque e cidades mais desenvolvidas do Paran\u00e1 e Santa Catarina para conhecer as gest\u00f5es p\u00fablicas mais atualizadas e algumas iniciativas bem-sucedidas que pretende implantar em Paranagu\u00e1. Ele tamb\u00e9m realizou uma s\u00e9rie de caminhadas pelos bairros para ouvir a popula\u00e7\u00e3o e colher propostas para o Plano de Governo e Desenvolvimento Econ\u00f4mico.<\/p>\n\n\n\n<p>Nascido em Paranagu\u00e1 em 1.968, \u00e9 despachante do Detran, casado, tem quatro filhos e um neto. Vereador por dois mandatos, se notabilizou e obteve apoio popular ao propor e conseguir a aprova\u00e7\u00e3o de leis visando sempre a inclus\u00e3o de portadores de necessidades especiais e diversos benef\u00edcios sociais \u00e0 popula\u00e7\u00e3o menos favorecida.<\/p>\n\n\n\n<p>Assessoria<\/p>\n","protected":false},"excerpt":{"rendered":"<p>O Republicanos de Paranagu\u00e1 realizou na noite de sexta (2) a maior conven\u00e7\u00e3o na cidade e uma das maiores do Paran\u00e1. Com participa\u00e7\u00e3o de mais sete partidos que j\u00e1 confirmaram apoio \u00e0 coliga\u00e7\u00e3o \u201cA Paranagu\u00e1 de Todos\u201d, Adriano Ramos foi escolhido candidato a prefeito da maior cidade do litoral paranaense. O nome do candidato a [&hellip;]<\/p>\n","protected":false},"author":2,"featured_media":60214,"comment_status":"open","ping_status":"open","sticky":false,"template":"","format":"standard","meta":{"advanced_seo_description":"","jetpack_seo_html_title":"","jetpack_seo_noindex":false,"_jetpack_memberships_contains_paid_content":false,"footnotes":""},"categories":[32],"tags":[],"class_list":{"0":"post-60213","1":"post","2":"type-post","3":"status-publish","4":"format-standard","5":"has-post-thumbnail","7":"category-politica"},"jetpack_featured_media_url":"https:\/\/www.paranapraia.com.br\/wp-content\/uploads\/2024\/08\/IMG-20240803-WA0002-scaled.jpg","jetpack_sharing_enabled":true,"_links":{"self":[{"href":"https:\/\/www.paranapraia.com.br\/index.php\/wp-json\/wp\/v2\/posts\/60213"}],"collection":[{"href":"https:\/\/www.paranapraia.com.br\/index.php\/wp-json\/wp\/v2\/posts"}],"about":[{"href":"https:\/\/www.paranapraia.com.br\/index.php\/wp-json\/wp\/v2\/types\/post"}],"author":[{"embeddable":true,"href":"https:\/\/www.paranapraia.com.br\/index.php\/wp-json\/wp\/v2\/users\/2"}],"replies":[{"embeddable":true,"href":"https:\/\/www.paranapraia.com.br\/index.php\/wp-json\/wp\/v2\/comments?post=60213"}],"version-history":[{"count":1,"href":"https:\/\/www.paranapraia.com.br\/index.php\/wp-json\/wp\/v2\/posts\/60213\/revisions"}],"predecessor-version":[{"id":60215,"href":"https:\/\/www.paranapraia.com.br\/index.php\/wp-json\/wp\/v2\/posts\/60213\/revisions\/60215"}],"wp:featuredmedia":[{"embeddable":true,"href":"https:\/\/www.paranapraia.com.br\/index.php\/wp-json\/wp\/v2\/media\/60214"}],"wp:attachment":[{"href":"https:\/\/www.paranapraia.com.br\/index.php\/wp-json\/wp\/v2\/media?parent=60213"}],"wp:term":[{"taxonomy":"category","embeddable":true,"href":"https:\/\/www.paranapraia.com.br\/index.php\/wp-json\/wp\/v2\/categories?post=60213"},{"taxonomy":"post_tag","embeddable":true,"href":"https:\/\/www.paranapraia.com.br\/index.php\/wp-json\/wp\/v2\/tags?post=60213"}],"curies":[{"name":"wp","href":"https:\/\/api.w.org\/{rel}","templated":true}]}}