{"id":60210,"date":"2024-08-02T14:57:57","date_gmt":"2024-08-02T17:57:57","guid":{"rendered":"https:\/\/www.paranapraia.com.br\/?p=60210"},"modified":"2024-08-03T10:01:59","modified_gmt":"2024-08-03T13:01:59","slug":"7o-curso-de-operacoes-policiais-da-pcpr-reune-agentes-de-quatro-regioes-do-pais","status":"publish","type":"post","link":"https:\/\/www.paranapraia.com.br\/index.php\/2024\/08\/02\/7o-curso-de-operacoes-policiais-da-pcpr-reune-agentes-de-quatro-regioes-do-pais\/","title":{"rendered":"7\u00ba Curso de Opera\u00e7\u00f5es Policiais da PCPR re\u00fane agentes de quatro regi\u00f5es do Pa\u00eds"},"content":{"rendered":"\n<p>A Pol\u00edcia Civil do Paran\u00e1 (PCPR) iniciou nesta quinta-feira (1\u00ba) o 7\u00ba Curso de Opera\u00e7\u00f5es Policiais, treinamento destinado a servidores de diversas for\u00e7as de seguran\u00e7a p\u00fablica do Pa\u00eds. A abertura ocorreu na Escola Superior da Pol\u00edcia Civil, em Curitiba. Participam&nbsp;policiais civis, militares, federais, rodovi\u00e1rios federais, penais e guardas municipais. Al\u00e9m do Paran\u00e1, o curso conta com participantes de Santa Catarina, Mato Grosso, Esp\u00edrito Santo e Acre. Refer\u00eancia nacional, ele teve sua primeira edi\u00e7\u00e3o em 2015 e conta com instrutores altamente capacitados.&nbsp;<\/p>\n\n\n\n<p>O objetivo \u00e9 habilitar os agentes para atuar de forma eficaz em miss\u00f5es de alto risco, mediante a abordagem dos eixos \u00e9ticos, t\u00e9cnicos, legais e com o emprego de t\u00e1ticas adotadas internacionalmente em unidades de opera\u00e7\u00f5es especiais. Durante o curso, os alunos participar\u00e3o de exerc\u00edcios pr\u00e1ticos que testar\u00e3o suas habilidades em situa\u00e7\u00f5es extremas. O curso \u00e9 promovido pelo Centro de Opera\u00e7\u00f5es Especiais (Cope) da PCPR e recebeu inscri\u00e7\u00e3o de 82 pessoas, das quais 34 passaram na prova e iniciam o treinamento.<\/p>\n\n\n\n<p>O delegado-geral da Pol\u00edcia Civil do Paran\u00e1, Silvio Jacob Rockembach, destaca que o n\u00famero de inscri\u00e7\u00f5es reflete a credibilidade e a import\u00e2ncia do treinamento. \u201cAs instru\u00e7\u00f5es deste curso foram pensadas e testadas para que os alunos cheguem o mais pr\u00f3ximo poss\u00edvel da realidade que as pol\u00edcias enfrentam nas ruas. Os policiais formados ter\u00e3o uma especializa\u00e7\u00e3o e capacidade de trabalhar e intervir em situa\u00e7\u00f5es de alto risco, em opera\u00e7\u00f5es mais sens\u00edveis que exigem um grau de preparo diferenciado\u201d, disse.<\/p>\n\n\n\n<p>&#8220;Tivemos inscri\u00e7\u00f5es de policiais de diferentes for\u00e7as e estados que quiseram se habilitar e participar deste curso&#8221;, complementou.<\/p>\n\n\n\n<p>O delegado titular do Cope, Rodrigo Brown, tamb\u00e9m destacou a import\u00e2ncia do treinamento. &#8220;Investir em treinamento, preparo e capacita\u00e7\u00e3o resulta na redu\u00e7\u00e3o de erros e no aumento do sucesso das a\u00e7\u00f5es policiais. Por isso, a realiza\u00e7\u00e3o deste curso \u00e9 crucial para qualificar o efetivo e preparar novos policiais, garantindo que possamos oferecer refor\u00e7os de qualidade \u00e0s opera\u00e7\u00f5es&#8221;, afirmou.<\/p>\n\n\n\n<p>A matriz curricular do curso foi cuidadosamente elaborada, segundo a vice-diretora da Escola Superior da Pol\u00edcia Civil (ESPC), Ana Cl\u00e1udia Machado. &#8220;O 7\u00ba Curso de Opera\u00e7\u00f5es Policiais foi meticulosamente desenvolvido para abordar temas essenciais, com foco especial nos eixos \u00e9ticos, t\u00e9cnicos e legais. No caso do COP 7, o foco est\u00e1 em preparar os agentes para enfrentar os desafios das opera\u00e7\u00f5es policiais, garantindo que eles estejam bem equipados para atuar com efic\u00e1cia e seguran\u00e7a em situa\u00e7\u00f5es de alto risco&#8221;, disse.<\/p>\n\n\n\n<p>As instru\u00e7\u00f5es contam com o apoio de unidades especializadas da PCPR como o T\u00e1tico Integrado de Grupos de Repress\u00e3o Especial (Tigre). Essa colabora\u00e7\u00e3o garante uma forma\u00e7\u00e3o completa e alinhada com as mais modernas pr\u00e1ticas de opera\u00e7\u00f5es policiais. Al\u00e9m da Pol\u00edcia Militar do Paran\u00e1, participam a Coordenadoria de Recursos Especiais (Core) do Rio de Janeiro e do Rio Grande do Sul, o N\u00facleo de Opera\u00e7\u00f5es Especiais (NOE) da Pol\u00edcia Rodovi\u00e1ria Federal e o N\u00facleo Especial de Pol\u00edcia Mar\u00edtima (Nepom) da Pol\u00edcia Federal.<\/p>\n\n\n\n<p>Ao final do curso, os agentes ser\u00e3o certificados e estar\u00e3o prontos para aplicar as t\u00e9cnicas aprendidas em suas respectivas \u00e1reas de atua\u00e7\u00e3o, elevando o n\u00edvel de seguran\u00e7a p\u00fablica em todo o Brasil. A formatura est\u00e1 prevista para o dia 30 de agosto, com uma cerim\u00f4nia que reunir\u00e1 autoridades e familiares dos formandos.<\/p>\n\n\n\n<p>AEN<\/p>\n","protected":false},"excerpt":{"rendered":"<p>A Pol\u00edcia Civil do Paran\u00e1 (PCPR) iniciou nesta quinta-feira (1\u00ba) o 7\u00ba Curso de Opera\u00e7\u00f5es Policiais, treinamento destinado a servidores de diversas for\u00e7as de seguran\u00e7a p\u00fablica do Pa\u00eds. A abertura ocorreu na Escola Superior da Pol\u00edcia Civil, em Curitiba. Participam&nbsp;policiais civis, militares, federais, rodovi\u00e1rios federais, penais e guardas municipais. Al\u00e9m do Paran\u00e1, o curso conta [&hellip;]<\/p>\n","protected":false},"author":2,"featured_media":60211,"comment_status":"open","ping_status":"open","sticky":false,"template":"","format":"standard","meta":{"advanced_seo_description":"","jetpack_seo_html_title":"","jetpack_seo_noindex":false,"_jetpack_memberships_contains_paid_content":false,"footnotes":""},"categories":[33],"tags":[],"class_list":{"0":"post-60210","1":"post","2":"type-post","3":"status-publish","4":"format-standard","5":"has-post-thumbnail","7":"category-policia"},"jetpack_featured_media_url":"https:\/\/www.paranapraia.com.br\/wp-content\/uploads\/2024\/08\/img_1026-scaled.jpg","jetpack_sharing_enabled":true,"_links":{"self":[{"href":"https:\/\/www.paranapraia.com.br\/index.php\/wp-json\/wp\/v2\/posts\/60210"}],"collection":[{"href":"https:\/\/www.paranapraia.com.br\/index.php\/wp-json\/wp\/v2\/posts"}],"about":[{"href":"https:\/\/www.paranapraia.com.br\/index.php\/wp-json\/wp\/v2\/types\/post"}],"author":[{"embeddable":true,"href":"https:\/\/www.paranapraia.com.br\/index.php\/wp-json\/wp\/v2\/users\/2"}],"replies":[{"embeddable":true,"href":"https:\/\/www.paranapraia.com.br\/index.php\/wp-json\/wp\/v2\/comments?post=60210"}],"version-history":[{"count":1,"href":"https:\/\/www.paranapraia.com.br\/index.php\/wp-json\/wp\/v2\/posts\/60210\/revisions"}],"predecessor-version":[{"id":60212,"href":"https:\/\/www.paranapraia.com.br\/index.php\/wp-json\/wp\/v2\/posts\/60210\/revisions\/60212"}],"wp:featuredmedia":[{"embeddable":true,"href":"https:\/\/www.paranapraia.com.br\/index.php\/wp-json\/wp\/v2\/media\/60211"}],"wp:attachment":[{"href":"https:\/\/www.paranapraia.com.br\/index.php\/wp-json\/wp\/v2\/media?parent=60210"}],"wp:term":[{"taxonomy":"category","embeddable":true,"href":"https:\/\/www.paranapraia.com.br\/index.php\/wp-json\/wp\/v2\/categories?post=60210"},{"taxonomy":"post_tag","embeddable":true,"href":"https:\/\/www.paranapraia.com.br\/index.php\/wp-json\/wp\/v2\/tags?post=60210"}],"curies":[{"name":"wp","href":"https:\/\/api.w.org\/{rel}","templated":true}]}}