{"id":60198,"date":"2024-08-01T11:53:10","date_gmt":"2024-08-01T14:53:10","guid":{"rendered":"https:\/\/www.paranapraia.com.br\/?p=60198"},"modified":"2024-08-01T11:53:12","modified_gmt":"2024-08-01T14:53:12","slug":"pontal-do-parana-abre-renovacao-de-licencas-para-ambulantes-que-ja-trabalharam-na-temporada-de-verao","status":"publish","type":"post","link":"https:\/\/www.paranapraia.com.br\/index.php\/2024\/08\/01\/pontal-do-parana-abre-renovacao-de-licencas-para-ambulantes-que-ja-trabalharam-na-temporada-de-verao\/","title":{"rendered":"Pontal do Paran\u00e1 abre renova\u00e7\u00e3o de licen\u00e7as para ambulantes que j\u00e1 trabalharam na temporada de ver\u00e3o"},"content":{"rendered":"\n<p>Vendedores ambulantes que j\u00e1 trabalharam durante a temporada de ver\u00e3o nas praias de Pontal do Paran\u00e1 devem renovar suas licen\u00e7as para a temporada 24\/25. O recadastramento \u00e9 para atualizar informa\u00e7\u00f5es junto \u00e0 Prefeitura e vai at\u00e9 31 de agosto.<\/p>\n\n\n\n<figure class=\"wp-block-image size-large\"><img loading=\"lazy\" decoding=\"async\" width=\"1024\" height=\"768\" src=\"https:\/\/www.paranapraia.com.br\/wp-content\/uploads\/2024\/08\/1000059675-1024x768.jpg\" alt=\"\" class=\"wp-image-60200\" srcset=\"https:\/\/www.paranapraia.com.br\/wp-content\/uploads\/2024\/08\/1000059675-1024x768.jpg 1024w, https:\/\/www.paranapraia.com.br\/wp-content\/uploads\/2024\/08\/1000059675-300x225.jpg 300w, https:\/\/www.paranapraia.com.br\/wp-content\/uploads\/2024\/08\/1000059675-768x576.jpg 768w, https:\/\/www.paranapraia.com.br\/wp-content\/uploads\/2024\/08\/1000059675-696x522.jpg 696w, https:\/\/www.paranapraia.com.br\/wp-content\/uploads\/2024\/08\/1000059675-1068x801.jpg 1068w, https:\/\/www.paranapraia.com.br\/wp-content\/uploads\/2024\/08\/1000059675-scaled.jpg 800w\" sizes=\"(max-width: 1024px) 100vw, 1024px\" \/><\/figure>\n\n\n\n<p>Os ambulantes devem buscar atendimento a partir de segunda (5), de segunda \u00e0 sexta, das 8 \u00e0s 12 horas e das 13h30 \u00e0s 17 horas, e podem optar por dois locais: na Prefeitura de Pontal do Paran\u00e1 (Rodovia PR 407, 215, km 19), Sala do Empreendedor, em Praia de Leste; e na nova Subprefeitura (Alameda Yolando Pinheiro, 629) em Pontal do Sul.<\/p>\n\n\n\n<figure class=\"wp-block-image size-full\"><img loading=\"lazy\" decoding=\"async\" width=\"800\" height=\"600\" src=\"https:\/\/www.paranapraia.com.br\/wp-content\/uploads\/2024\/08\/1000059668.jpg\" alt=\"\" class=\"wp-image-60201\" srcset=\"https:\/\/www.paranapraia.com.br\/wp-content\/uploads\/2024\/08\/1000059668.jpg 800w, https:\/\/www.paranapraia.com.br\/wp-content\/uploads\/2024\/08\/1000059668-300x225.jpg 300w, https:\/\/www.paranapraia.com.br\/wp-content\/uploads\/2024\/08\/1000059668-768x576.jpg 768w, https:\/\/www.paranapraia.com.br\/wp-content\/uploads\/2024\/08\/1000059668-696x522.jpg 696w\" sizes=\"(max-width: 800px) 100vw, 800px\" \/><\/figure>\n\n\n\n<p>O atendimento ser\u00e1 feito por agentes da Sala do Empreendedor, da Secretaria de Turismo e Desenvolvimento Econ\u00f4mico. Uma lista com os nomes dos ambulantes credenciados que trabalharam na \u00faltima temporada e devem fazer o recadastramento foi publicada no site da Prefeitura e pode ser consultada acessando www.pontaldoparana.pr.gov.br e, em seguida, clicando na aba \u201ceditais diversos\u201d.<\/p>\n\n\n\n<figure class=\"wp-block-image size-full\"><img loading=\"lazy\" decoding=\"async\" width=\"800\" height=\"600\" src=\"https:\/\/www.paranapraia.com.br\/wp-content\/uploads\/2024\/08\/1000059666.jpg\" alt=\"\" class=\"wp-image-60202\" srcset=\"https:\/\/www.paranapraia.com.br\/wp-content\/uploads\/2024\/08\/1000059666.jpg 800w, https:\/\/www.paranapraia.com.br\/wp-content\/uploads\/2024\/08\/1000059666-300x225.jpg 300w, https:\/\/www.paranapraia.com.br\/wp-content\/uploads\/2024\/08\/1000059666-768x576.jpg 768w, https:\/\/www.paranapraia.com.br\/wp-content\/uploads\/2024\/08\/1000059666-696x522.jpg 696w\" sizes=\"(max-width: 800px) 100vw, 800px\" \/><\/figure>\n\n\n\n<p>INFORMA\u00c7\u00d5ES: Fone\/whats (41) 93500 7977.<br>E-mail: salapontal@gmail.com<\/p>\n","protected":false},"excerpt":{"rendered":"<p>Vendedores ambulantes que j\u00e1 trabalharam durante a temporada de ver\u00e3o nas praias de Pontal do Paran\u00e1 devem renovar suas licen\u00e7as para a temporada 24\/25. O recadastramento \u00e9 para atualizar informa\u00e7\u00f5es junto \u00e0 Prefeitura e vai at\u00e9 31 de agosto. Os ambulantes devem buscar atendimento a partir de segunda (5), de segunda \u00e0 sexta, das 8 [&hellip;]<\/p>\n","protected":false},"author":2,"featured_media":60199,"comment_status":"open","ping_status":"open","sticky":false,"template":"","format":"standard","meta":{"advanced_seo_description":"","jetpack_seo_html_title":"","jetpack_seo_noindex":false,"_jetpack_memberships_contains_paid_content":false,"footnotes":""},"categories":[1],"tags":[],"class_list":{"0":"post-60198","1":"post","2":"type-post","3":"status-publish","4":"format-standard","5":"has-post-thumbnail","7":"category-sem-categoria"},"jetpack_featured_media_url":"https:\/\/www.paranapraia.com.br\/wp-content\/uploads\/2024\/08\/IMG-20240801-WA0005.jpg","jetpack_sharing_enabled":true,"_links":{"self":[{"href":"https:\/\/www.paranapraia.com.br\/index.php\/wp-json\/wp\/v2\/posts\/60198"}],"collection":[{"href":"https:\/\/www.paranapraia.com.br\/index.php\/wp-json\/wp\/v2\/posts"}],"about":[{"href":"https:\/\/www.paranapraia.com.br\/index.php\/wp-json\/wp\/v2\/types\/post"}],"author":[{"embeddable":true,"href":"https:\/\/www.paranapraia.com.br\/index.php\/wp-json\/wp\/v2\/users\/2"}],"replies":[{"embeddable":true,"href":"https:\/\/www.paranapraia.com.br\/index.php\/wp-json\/wp\/v2\/comments?post=60198"}],"version-history":[{"count":1,"href":"https:\/\/www.paranapraia.com.br\/index.php\/wp-json\/wp\/v2\/posts\/60198\/revisions"}],"predecessor-version":[{"id":60203,"href":"https:\/\/www.paranapraia.com.br\/index.php\/wp-json\/wp\/v2\/posts\/60198\/revisions\/60203"}],"wp:featuredmedia":[{"embeddable":true,"href":"https:\/\/www.paranapraia.com.br\/index.php\/wp-json\/wp\/v2\/media\/60199"}],"wp:attachment":[{"href":"https:\/\/www.paranapraia.com.br\/index.php\/wp-json\/wp\/v2\/media?parent=60198"}],"wp:term":[{"taxonomy":"category","embeddable":true,"href":"https:\/\/www.paranapraia.com.br\/index.php\/wp-json\/wp\/v2\/categories?post=60198"},{"taxonomy":"post_tag","embeddable":true,"href":"https:\/\/www.paranapraia.com.br\/index.php\/wp-json\/wp\/v2\/tags?post=60198"}],"curies":[{"name":"wp","href":"https:\/\/api.w.org\/{rel}","templated":true}]}}