{"id":60136,"date":"2024-07-29T15:31:22","date_gmt":"2024-07-29T18:31:22","guid":{"rendered":"https:\/\/www.paranapraia.com.br\/?p=60136"},"modified":"2024-07-29T15:31:25","modified_gmt":"2024-07-29T18:31:25","slug":"tcp-celebra-376-anos-de-paranagua-a-cidade-mae-do-parana","status":"publish","type":"post","link":"https:\/\/www.paranapraia.com.br\/index.php\/2024\/07\/29\/tcp-celebra-376-anos-de-paranagua-a-cidade-mae-do-parana\/","title":{"rendered":"TCP celebra 376 Anos de Paranagu\u00e1, a cidade m\u00e3e do Paran\u00e1"},"content":{"rendered":"\n<p>A rela\u00e7\u00e3o entre porto e cidade \u00e9 t\u00e3o profunda e estrat\u00e9gica que faz parte da identidade da maioria das cidades portu\u00e1rias. Por isso, nesta segunda-feira (29), data em que Paranagu\u00e1 celebra 376 anos, a TCP, empresa que administra o Terminal de Cont\u00eaineres de Paranagu\u00e1, se orgulha de fazer parte da hist\u00f3ria do munic\u00edpio, impulsionando seu desenvolvimento econ\u00f4mico e social.<\/p>\n\n\n\n<p>O Terminal emprega atualmente 1566 colaboradores, sendo que 579 admiss\u00f5es foram realizadas apenas nos \u00faltimos dois anos. Jonas Albuquerque, coordenador de turno da TCP, foi contratado em janeiro de 2001, apenas tr\u00eas anos ap\u00f3s a cria\u00e7\u00e3o da empresa. Nascido e criado em Paranagu\u00e1, Jonas testemunhou o crescimento da cidade e do Terminal ao longo desses 23 anos, guardando mem\u00f3rias afetivas tanto da TCP quanto do munic\u00edpio.<\/p>\n\n\n\n<p>\u201cLembro que o meu bairro da inf\u00e2ncia era bastante residencial antes; hoje se transformou em uma grande \u00e1rea industrial\u201d, recorda ele. \u201cEu estava aqui quando o terminal teve sua amplia\u00e7\u00e3o de p\u00e1tio, e fiz parte do time que recepcionou e descarregou os primeiros guindastes port\u00eaineres. Paranagu\u00e1 sempre foi a cidade m\u00e3e do Paran\u00e1, e hoje \u00e9 conhecida por ter um dos portos mais organizados e produtivos da Am\u00e9rica do Sul\u201d, acrescenta Jonas.<\/p>\n\n\n\n<p>Gabrielly Cruz, coordenadora de gest\u00e3o de fluxo e vazios na TCP h\u00e1 14 anos, compartilha dessa vis\u00e3o. Quando era crian\u00e7a, gostava de passear na rua da praia com a fam\u00edlia. Hoje, ela percebe que a transforma\u00e7\u00e3o da cidade \u00e9 evidente e que o Terminal \u00e9 uma das empresas que atuou diretamente nesse desenvolvimento.<\/p>\n\n\n\n<p>&#8220;A TCP e a comunidade local se ajudam bastante. O Terminal n\u00e3o s\u00f3 cria empregos diretos e indiretos, como tamb\u00e9m investe em programas sociais e infraestrutura. Tenho muitas esperan\u00e7as para o futuro de Paranagu\u00e1 e acredito que a TCP ser\u00e1 fundamental para impulsionar o crescimento da economia local e melhorar a qualidade de vida por aqui&#8221;, afirma.<\/p>\n\n\n\n<p>A for\u00e7a dos colaboradores parnanguaras tem ajudado a construir essa hist\u00f3ria. Washington Renan Bohnn, gerente de recursos humanos e qualidade da TCP, acredita que o Terminal fechar\u00e1 2024 com 1700 colaboradores. \u201cEstamos com oportunidades em diversos setores e abriremos novas vagas para efetivos at\u00e9 dezembro. O crescimento no n\u00famero de postos de trabalho reflete o nosso compromisso em impulsionar o desenvolvimento social e econ\u00f4mico em Paranagu\u00e1\u201d, explica ele.<\/p>\n\n\n\n<p>O gerente institucional e jur\u00eddico, Rafael Stein, acrescenta: \u201cal\u00e9m de estimularem a gera\u00e7\u00e3o de novos empregos, os investimentos da TCP no Terminal de Cont\u00eaineres de Paranagu\u00e1 t\u00eam impacto direto na economia local, uma vez que o aumento de produtividade da companhia tamb\u00e9m aumenta a arrecada\u00e7\u00e3o do munic\u00edpio, que passa a contar com mais recursos para serem aplicados na melhoria de servi\u00e7os para os cidad\u00e3os parnanguaras. Hoje, a TCP \u00e9 uma das maiores arrecadadoras de impostos de Paranagu\u00e1\u201d.<\/p>\n\n\n\n<p><strong>Projetos socioambientais: compromisso com a comunidade<\/strong><\/p>\n\n\n\n<p>O envolvimento da TCP com a comunidade vai al\u00e9m da gera\u00e7\u00e3o de empregos. O Terminal tem o privil\u00e9gio de estar instalado em uma ba\u00eda protegida, em um lugar rico em&nbsp;cultura, belezas naturais e biodiversidade, e trabalha para preservar esses patrim\u00f4nios por meio de suas iniciativas socioambientais.<\/p>\n\n\n\n<p>Rafael Stein, gerente institucional e jur\u00eddico da TCP, ressalta a import\u00e2ncia desses projetos que beneficiam diretamente a comunidade. Como exemplo, ele cita o Turismo de Base Comunit\u00e1ria, que favorece o empreendedorismo&nbsp;local, e a Troca Solid\u00e1ria,&nbsp;que facilita o acesso a alimentos e itens de necessidade b\u00e1sica a partir da reciclagem de res\u00edduos.<\/p>\n\n\n\n<p>\u201cOutro compromisso que assumimos com orgulho \u00e9 o incentivo \u00e0 difus\u00e3o e ao registro da cultura cai\u00e7ara e&nbsp;ind\u00edgena. Nosso objetivo n\u00e3o \u00e9 apenas resguardar as tradi\u00e7\u00f5es do povo parnanguara, mas tamb\u00e9m promov\u00ea-las, como fazemos por meio do Programa de Gest\u00e3o de Bens Imateriais Fandango Cai\u00e7ara&nbsp;e Culturais Guarani Mbya\u201d, conta Stein.<\/p>\n\n\n\n<p>J\u00e1 na esfera do desenvolvimento sustent\u00e1vel, a TCP possui a\u00e7\u00f5es como a Remada Ambiental e a Coleta de Tampinhas. Ambos s\u00e3o exemplos de projetos que preservam o patrim\u00f4nio natural do munic\u00edpio, as \u00e1guas e a biodiversidade de Paranagu\u00e1. Somente na \u00faltima edi\u00e7\u00e3o da Remada Ambiental, quase&nbsp;uma tonelada&nbsp;de res\u00edduos foram recolhidos&nbsp;do Rio Itiber\u00ea.<\/p>\n\n\n\n<p>&#8220;Para n\u00f3s, \u00e9 fundamental levar o debate sobre a conscientiza\u00e7\u00e3o ambiental para os nossos colaboradores e toda a comunidade parnanguara. Entendemos que faz parte da nossa miss\u00e3o na TCP gerar um impacto positivo na cidade que nos acolhe t\u00e3o bem&#8221;, conclui Stein.<\/p>\n\n\n\n<p>Assessoria<\/p>\n","protected":false},"excerpt":{"rendered":"<p>A rela\u00e7\u00e3o entre porto e cidade \u00e9 t\u00e3o profunda e estrat\u00e9gica que faz parte da identidade da maioria das cidades portu\u00e1rias. Por isso, nesta segunda-feira (29), data em que Paranagu\u00e1 celebra 376 anos, a TCP, empresa que administra o Terminal de Cont\u00eaineres de Paranagu\u00e1, se orgulha de fazer parte da hist\u00f3ria do munic\u00edpio, impulsionando seu [&hellip;]<\/p>\n","protected":false},"author":2,"featured_media":60137,"comment_status":"open","ping_status":"open","sticky":false,"template":"","format":"standard","meta":{"advanced_seo_description":"","jetpack_seo_html_title":"","jetpack_seo_noindex":false,"_jetpack_memberships_contains_paid_content":false,"footnotes":""},"categories":[1],"tags":[],"class_list":{"0":"post-60136","1":"post","2":"type-post","3":"status-publish","4":"format-standard","5":"has-post-thumbnail","7":"category-sem-categoria"},"jetpack_featured_media_url":"https:\/\/www.paranapraia.com.br\/wp-content\/uploads\/2024\/07\/Fotos-3-Banco-de-Imagem-Funcionarios-TCP-2023-Edit-285-scaled.jpg","jetpack_sharing_enabled":true,"_links":{"self":[{"href":"https:\/\/www.paranapraia.com.br\/index.php\/wp-json\/wp\/v2\/posts\/60136"}],"collection":[{"href":"https:\/\/www.paranapraia.com.br\/index.php\/wp-json\/wp\/v2\/posts"}],"about":[{"href":"https:\/\/www.paranapraia.com.br\/index.php\/wp-json\/wp\/v2\/types\/post"}],"author":[{"embeddable":true,"href":"https:\/\/www.paranapraia.com.br\/index.php\/wp-json\/wp\/v2\/users\/2"}],"replies":[{"embeddable":true,"href":"https:\/\/www.paranapraia.com.br\/index.php\/wp-json\/wp\/v2\/comments?post=60136"}],"version-history":[{"count":1,"href":"https:\/\/www.paranapraia.com.br\/index.php\/wp-json\/wp\/v2\/posts\/60136\/revisions"}],"predecessor-version":[{"id":60138,"href":"https:\/\/www.paranapraia.com.br\/index.php\/wp-json\/wp\/v2\/posts\/60136\/revisions\/60138"}],"wp:featuredmedia":[{"embeddable":true,"href":"https:\/\/www.paranapraia.com.br\/index.php\/wp-json\/wp\/v2\/media\/60137"}],"wp:attachment":[{"href":"https:\/\/www.paranapraia.com.br\/index.php\/wp-json\/wp\/v2\/media?parent=60136"}],"wp:term":[{"taxonomy":"category","embeddable":true,"href":"https:\/\/www.paranapraia.com.br\/index.php\/wp-json\/wp\/v2\/categories?post=60136"},{"taxonomy":"post_tag","embeddable":true,"href":"https:\/\/www.paranapraia.com.br\/index.php\/wp-json\/wp\/v2\/tags?post=60136"}],"curies":[{"name":"wp","href":"https:\/\/api.w.org\/{rel}","templated":true}]}}