{"id":60127,"date":"2024-07-29T11:33:08","date_gmt":"2024-07-29T14:33:08","guid":{"rendered":"https:\/\/www.paranapraia.com.br\/?p=60127"},"modified":"2024-07-29T11:33:10","modified_gmt":"2024-07-29T14:33:10","slug":"nucleo-da-uenp-responsavel-por-terapia-com-cavalos-atende-105-pessoas-em-bandeirantes","status":"publish","type":"post","link":"https:\/\/www.paranapraia.com.br\/index.php\/2024\/07\/29\/nucleo-da-uenp-responsavel-por-terapia-com-cavalos-atende-105-pessoas-em-bandeirantes\/","title":{"rendered":"N\u00facleo da UENP respons\u00e1vel por terapia com cavalos atende 105 pessoas em Bandeirantes"},"content":{"rendered":"\n<p>Criado em setembro de 2015, o N\u00facleo de Equoterapia da Universidade Estadual do Norte do Paran\u00e1 (UENP) completa nove anos de atua\u00e7\u00e3o em 2024 como uma refer\u00eancia em pr\u00e1ticas terap\u00eauticas de reabilita\u00e7\u00e3o com o uso de cavalos no tratamento de pessoas com defici\u00eancias f\u00edsicas, mentais, emocionais ou sociais. O espa\u00e7o atende atualmente 105 pessoas no Campus Luiz Meneguel, em Bandeirantes, que praticam semanalmente t\u00e9cnicas de equita\u00e7\u00e3o para melhorar a coordena\u00e7\u00e3o motora, equil\u00edbrio, for\u00e7a muscular, autoestima e a socializa\u00e7\u00e3o.<\/p>\n\n\n\n<p>O projeto foi idealizado pelo m\u00e9dico Raul Hidetoci Mioshi, que d\u00e1 nome ao espa\u00e7o, em conjunto com os professores do curso de Medicina Veterin\u00e1ria da UENP Francisco Souza e Thales Barreiros. A pr\u00e1tica \u00e9 conduzida por uma equipe multidisciplinar nas \u00e1reas de sa\u00fade e educa\u00e7\u00e3o, que inclui fisioterapeutas, psic\u00f3logos, terapeutas ocupacionais, fonoaudi\u00f3logos e instrutores de equita\u00e7\u00e3o.<\/p>\n\n\n\n<p>A infraestrutura do n\u00facleo inclui uma \u00e1rea especialmente adaptada para garantir a seguran\u00e7a e a efic\u00e1cia das sess\u00f5es, com tratamentos personalizados de acordo com as condi\u00e7\u00f5es e caracter\u00edsticas de cada praticante. Al\u00e9m dos benef\u00edcios terap\u00eauticos, o n\u00facleo tamb\u00e9m desenvolve pesquisas e projetos de extens\u00e3o voltados para a forma\u00e7\u00e3o de novos profissionais e a dissemina\u00e7\u00e3o do conhecimento sobre a equoterapia.<\/p>\n\n\n\n<p>Segundo a professora Tha\u00eds Patelli, que coordena o projeto, o cavalo \u00e9 o ponto-chave dentro de uma abordagem multidisciplinar. \u201cBuscamos o desenvolvimento biopsicossocial de pessoas com alguma condi\u00e7\u00e3o de sa\u00fade ou defici\u00eancia, seja ela f\u00edsica ou mental, nas \u00e1reas de educa\u00e7\u00e3o, sa\u00fade e equita\u00e7\u00e3o\u201d, afirmou.<\/p>\n\n\n\n<p>O trabalho do N\u00facleo de Equoterapia da UENP \u00e9 realizado em parceria com a Associa\u00e7\u00e3o de Pais e Amigos dos Excepcionais (APAE) de Bandeirantes, a prefeitura, a Associa\u00e7\u00e3o Anjo Azul e o Instituto Morro dos Anjos. \u201cS\u00e3o essas parcerias que nos permitem trabalhar com uma equipe t\u00e9cnica treinada, para que nossos praticantes tenham o melhor atendimento\u201d, enfatizou a coordenadora.<\/p>\n\n\n\n<p>De acordo com a fisioterapeuta Suellen Tanaka, que integra o projeto, os principais benef\u00edcios, principalmente na \u00e1rea motora, s\u00e3o o fortalecimento muscular, o equil\u00edbrio e o ajuste postural. \u201cAtrav\u00e9s do movimento do cavalo, s\u00e3o transmitidos impulsos que passam pela medula espinhal levando at\u00e9 o sistema nervoso central que tem como resposta o movimento, o que ajuda muito a crian\u00e7a\u201d, explicou.<\/p>\n\n\n\n<p><strong>VOLTA \u00c0 ROTINA<\/strong>&nbsp;\u2013 O pequeno Joaquim Manzini Rocha, de seis anos, \u00e9 uma das crian\u00e7as assistidas pelo projeto. Ele teve uma les\u00e3o neurol\u00f3gica grave em decorr\u00eancia de um atropelamento. Ap\u00f3s 19 dias internado, recebeu alta e iniciou a equoterapia. De acordo com a m\u00e3e, Carolina Manzini, o menino saiu do hospital com muita dificuldade para caminhar tanto pela les\u00e3o quanto pelo tempo de internamento.<\/p>\n\n\n\n<p>Para Carolina, a equoterapia tem sido fundamental no processo de recupera\u00e7\u00e3o do filho. \u201cAl\u00e9m de ajudar com o equil\u00edbrio, a for\u00e7a e a coordena\u00e7\u00e3o motora, o Joaquim voltou a ter uma rotina. Hoje ele pode correr, brincar, conversar do jeito que era antes do acidente\u201d, acrescentou a m\u00e3e do paciente\u201d, comentou Carolina.<\/p>\n\n\n\n<p>Outra crian\u00e7a que frequenta o espa\u00e7o \u00e9 Lucca Barussi Carvalho, de seis anos. Segundo a m\u00e3e, Patr\u00edcia Barussi, a recomenda\u00e7\u00e3o do tratamento veio atrav\u00e9s da escola. \u201cPara o Lucca tem sido excelente. Ele era bem quieto, nervoso e hoje conversa mais, brinca e est\u00e1 mais tranquilo em sala de aula, aprende melhor. Os profissionais do projeto s\u00e3o muito atenciosos e cuidam tanto da crian\u00e7a quanto da fam\u00edlia, tanto \u00e9 que ele adora a equoterapia\u201d, revelou Patr\u00edcia.<\/p>\n\n\n\n<p>AEN<\/p>\n","protected":false},"excerpt":{"rendered":"<p>Criado em setembro de 2015, o N\u00facleo de Equoterapia da Universidade Estadual do Norte do Paran\u00e1 (UENP) completa nove anos de atua\u00e7\u00e3o em 2024 como uma refer\u00eancia em pr\u00e1ticas terap\u00eauticas de reabilita\u00e7\u00e3o com o uso de cavalos no tratamento de pessoas com defici\u00eancias f\u00edsicas, mentais, emocionais ou sociais. O espa\u00e7o atende atualmente 105 pessoas no [&hellip;]<\/p>\n","protected":false},"author":2,"featured_media":60128,"comment_status":"open","ping_status":"open","sticky":false,"template":"","format":"standard","meta":{"advanced_seo_description":"","jetpack_seo_html_title":"","jetpack_seo_noindex":false,"_jetpack_memberships_contains_paid_content":false,"footnotes":""},"categories":[50],"tags":[],"class_list":{"0":"post-60127","1":"post","2":"type-post","3":"status-publish","4":"format-standard","5":"has-post-thumbnail","7":"category-saude"},"jetpack_featured_media_url":"https:\/\/www.paranapraia.com.br\/wp-content\/uploads\/2024\/07\/destaque-scaled.jpg","jetpack_sharing_enabled":true,"_links":{"self":[{"href":"https:\/\/www.paranapraia.com.br\/index.php\/wp-json\/wp\/v2\/posts\/60127"}],"collection":[{"href":"https:\/\/www.paranapraia.com.br\/index.php\/wp-json\/wp\/v2\/posts"}],"about":[{"href":"https:\/\/www.paranapraia.com.br\/index.php\/wp-json\/wp\/v2\/types\/post"}],"author":[{"embeddable":true,"href":"https:\/\/www.paranapraia.com.br\/index.php\/wp-json\/wp\/v2\/users\/2"}],"replies":[{"embeddable":true,"href":"https:\/\/www.paranapraia.com.br\/index.php\/wp-json\/wp\/v2\/comments?post=60127"}],"version-history":[{"count":1,"href":"https:\/\/www.paranapraia.com.br\/index.php\/wp-json\/wp\/v2\/posts\/60127\/revisions"}],"predecessor-version":[{"id":60129,"href":"https:\/\/www.paranapraia.com.br\/index.php\/wp-json\/wp\/v2\/posts\/60127\/revisions\/60129"}],"wp:featuredmedia":[{"embeddable":true,"href":"https:\/\/www.paranapraia.com.br\/index.php\/wp-json\/wp\/v2\/media\/60128"}],"wp:attachment":[{"href":"https:\/\/www.paranapraia.com.br\/index.php\/wp-json\/wp\/v2\/media?parent=60127"}],"wp:term":[{"taxonomy":"category","embeddable":true,"href":"https:\/\/www.paranapraia.com.br\/index.php\/wp-json\/wp\/v2\/categories?post=60127"},{"taxonomy":"post_tag","embeddable":true,"href":"https:\/\/www.paranapraia.com.br\/index.php\/wp-json\/wp\/v2\/tags?post=60127"}],"curies":[{"name":"wp","href":"https:\/\/api.w.org\/{rel}","templated":true}]}}