{"id":60124,"date":"2024-07-29T11:29:06","date_gmt":"2024-07-29T14:29:06","guid":{"rendered":"https:\/\/www.paranapraia.com.br\/?p=60124"},"modified":"2024-07-29T11:29:08","modified_gmt":"2024-07-29T14:29:08","slug":"sesc-pr-abre-processo-para-bolsas-de-estudo-para-o-ensino-medio-em-curitiba","status":"publish","type":"post","link":"https:\/\/www.paranapraia.com.br\/index.php\/2024\/07\/29\/sesc-pr-abre-processo-para-bolsas-de-estudo-para-o-ensino-medio-em-curitiba\/","title":{"rendered":"Sesc PR abre processo para bolsas de estudo para o Ensino M\u00e9dio, em Curitiba\u00a0"},"content":{"rendered":"\n<p><em>S\u00e3o 240 vagas para alunos que desejam ingressar no primeiro ano do Ensino M\u00e9dio<\/em><\/p>\n\n\n\n<p>Est\u00e3o abertas at\u00e9 o dia 30 de agosto as inscri\u00e7\u00f5es para que interessados possam concorrer a 240 vagas de estudo para o 1\u00ba ano do Ensino M\u00e9dio no Col\u00e9gio Sesc S\u00e3o Jos\u00e9, em Curitiba. A proposta do col\u00e9gio \u00e9 a prepara\u00e7\u00e3o e a coloca\u00e7\u00e3o do jovem no mercado de trabalho e para isso, oferta educa\u00e7\u00e3o de qualidade e qualifica\u00e7\u00e3o profissional. A bolsa educacional concedida pelo Sesc PR aos alunos selecionados no processo seletivo \u00e9 integral, ou seja, al\u00e9m da gratuidade em todo o Ensino M\u00e9dio, est\u00e3o inclusos o uniforme, material did\u00e1tico, curso de qualifica\u00e7\u00e3o profissional oferecido pelo Senac PR, almo\u00e7o nos dias em que houver aula em contraturno escolar, atividades recreativas, cerim\u00f4nia de formatura ao t\u00e9rmino do terceiro ano, cursos optativos de Espanhol e de Rob\u00f3tica, al\u00e9m de acesso a todos os servi\u00e7os das unidades do Sesc PR.&nbsp;<\/p>\n\n\n\n<p><strong>Como concorrer \u00e0s bolsas<\/strong>&nbsp;<\/p>\n\n\n\n<p>Para concorrer a uma das bolsas de estudo para o ano de 2025, o candidato deve comprovar renda bruta familiar de at\u00e9 dois sal\u00e1rios-m\u00ednimos per capita, estar em processo de conclus\u00e3o do nono ano do Ensino Fundamental no ano de 2024, ser dependente ou trabalhar do com\u00e9rcio de bens, servi\u00e7os e turismo ou ser estudante da Educa\u00e7\u00e3o B\u00e1sica.&nbsp;<\/p>\n\n\n\n<p>As inscri\u00e7\u00f5es ser\u00e3o realizadas presencialmente no Col\u00e9gio Sesc S\u00e3o Jos\u00e9, mediante agendamento pr\u00e9vio.&nbsp;<\/p>\n\n\n\n<p><strong>Prova de Conhecimento<\/strong>&nbsp;<\/p>\n\n\n\n<p>O processo seletivo para os alunos interessados em concorrer \u00e0s vagas no Col\u00e9gio Sesc S\u00e3o Jos\u00e9 inclui uma prova de conhecimentos, que est\u00e1 prevista para ser aplicada no dia 28 de setembro. A avalia\u00e7\u00e3o ser\u00e1 composta por 20 quest\u00f5es de m\u00faltipla escolha, sendo 10 de Matem\u00e1tica e 10 de Portugu\u00eas, que abordar\u00e3o, entre outros conte\u00fados, conjuntos num\u00e9ricos, opera\u00e7\u00f5es, \u00e1lgebra, geometria, grandezas, medidas, estat\u00edstica, proporcionalidade, leitura e interpreta\u00e7\u00e3o de texto e gram\u00e1tica.&nbsp;<\/p>\n\n\n\n<p>O Sesc PR oferece um curso preparat\u00f3rio, online e gratuito para a prova, que ser\u00e1 realizado de 3 a 26 de setembro. O intuito das aulas \u00e9 a resolu\u00e7\u00e3o de quest\u00f5es e a revis\u00e3o de conte\u00fados. O candidato poder\u00e1 se inscrever de acordo com a disponibilidade das turmas de&nbsp;<a href=\"https:\/\/www.sescpr.com.br\/curso\/curso-preparatorio-colegio-sesc-sao-jose\/\" target=\"_blank\" rel=\"noreferrer noopener\">Portugu\u00eas<\/a>&nbsp;e de&nbsp;<a href=\"https:\/\/www.sescpr.com.br\/curso\/curso-preparatorio-matematica-colegio-sesc-sao-jose\/\" target=\"_blank\" rel=\"noreferrer noopener\">Matem\u00e1tica.<\/a>&nbsp;&nbsp;<\/p>\n\n\n\n<p><strong>Col\u00e9gio Sesc S\u00e3o Jos\u00e9<\/strong>&nbsp;<\/p>\n\n\n\n<p>Resultado de uma parceria do Sistema Fecom\u00e9rcio Sesc Senac PR com o Grupo Bom Jesus, desde 2009, o col\u00e9gio j\u00e1 formou dez turmas, totalizando 2.847 formandos, e tem possibilitado o acesso gratuito \u00e0 educa\u00e7\u00e3o inovadora e de qualidade.&nbsp;<\/p>\n\n\n\n<p>O col\u00e9gio utiliza a Metodologia de Ensino Bom Jesus, que proporciona a inicia\u00e7\u00e3o cient\u00edfica e prepara o aluno para o ingresso no Ensino Superior, tanto \u00e9 verdade que nesses 13 anos de parceria, mais de 71% dos alunos foram aprovados em cursos superiores.&nbsp;<\/p>\n\n\n\n<p>O curso tamb\u00e9m prepara o aluno para o mercado de trabalho, permitindo que ele desenvolva compet\u00eancias e habilidades.&nbsp;<\/p>\n\n\n\n<p>Outras informa\u00e7\u00f5es podem ser obtidas na secretaria do Col\u00e9gio Sesc S\u00e3o Jos\u00e9, na Pra\u00e7a Rui Barbosa, 661, ou pelos telefones (41) 3326-2390 (WhatsApp), (41) 2105-5200, pelo e-mail&nbsp;<a href=\"mailto:colegio.saojose@sescpr.com.br\">colegio.saojose@sescpr.com.br<\/a>&nbsp;ou no&nbsp;<a href=\"https:\/\/www.sescpr.com.br\/projeto\/colegio-sesc-sao-jose-cssj\/\" target=\"_blank\" rel=\"noreferrer noopener\">site do Sesc PR<\/a>. &nbsp; &nbsp;&nbsp;&nbsp;<\/p>\n","protected":false},"excerpt":{"rendered":"<p>S\u00e3o 240 vagas para alunos que desejam ingressar no primeiro ano do Ensino M\u00e9dio Est\u00e3o abertas at\u00e9 o dia 30 de agosto as inscri\u00e7\u00f5es para que interessados possam concorrer a 240 vagas de estudo para o 1\u00ba ano do Ensino M\u00e9dio no Col\u00e9gio Sesc S\u00e3o Jos\u00e9, em Curitiba. A proposta do col\u00e9gio \u00e9 a prepara\u00e7\u00e3o [&hellip;]<\/p>\n","protected":false},"author":2,"featured_media":60125,"comment_status":"open","ping_status":"open","sticky":false,"template":"","format":"standard","meta":{"advanced_seo_description":"","jetpack_seo_html_title":"","jetpack_seo_noindex":false,"_jetpack_memberships_contains_paid_content":false,"footnotes":""},"categories":[71],"tags":[],"class_list":{"0":"post-60124","1":"post","2":"type-post","3":"status-publish","4":"format-standard","5":"has-post-thumbnail","7":"category-curitiba"},"jetpack_featured_media_url":"https:\/\/www.paranapraia.com.br\/wp-content\/uploads\/2024\/07\/450357245-875897777906077-5490123779933048970-n-scaled.jpg","jetpack_sharing_enabled":true,"_links":{"self":[{"href":"https:\/\/www.paranapraia.com.br\/index.php\/wp-json\/wp\/v2\/posts\/60124"}],"collection":[{"href":"https:\/\/www.paranapraia.com.br\/index.php\/wp-json\/wp\/v2\/posts"}],"about":[{"href":"https:\/\/www.paranapraia.com.br\/index.php\/wp-json\/wp\/v2\/types\/post"}],"author":[{"embeddable":true,"href":"https:\/\/www.paranapraia.com.br\/index.php\/wp-json\/wp\/v2\/users\/2"}],"replies":[{"embeddable":true,"href":"https:\/\/www.paranapraia.com.br\/index.php\/wp-json\/wp\/v2\/comments?post=60124"}],"version-history":[{"count":1,"href":"https:\/\/www.paranapraia.com.br\/index.php\/wp-json\/wp\/v2\/posts\/60124\/revisions"}],"predecessor-version":[{"id":60126,"href":"https:\/\/www.paranapraia.com.br\/index.php\/wp-json\/wp\/v2\/posts\/60124\/revisions\/60126"}],"wp:featuredmedia":[{"embeddable":true,"href":"https:\/\/www.paranapraia.com.br\/index.php\/wp-json\/wp\/v2\/media\/60125"}],"wp:attachment":[{"href":"https:\/\/www.paranapraia.com.br\/index.php\/wp-json\/wp\/v2\/media?parent=60124"}],"wp:term":[{"taxonomy":"category","embeddable":true,"href":"https:\/\/www.paranapraia.com.br\/index.php\/wp-json\/wp\/v2\/categories?post=60124"},{"taxonomy":"post_tag","embeddable":true,"href":"https:\/\/www.paranapraia.com.br\/index.php\/wp-json\/wp\/v2\/tags?post=60124"}],"curies":[{"name":"wp","href":"https:\/\/api.w.org\/{rel}","templated":true}]}}