{"id":60118,"date":"2024-07-29T09:11:28","date_gmt":"2024-07-29T12:11:28","guid":{"rendered":"https:\/\/www.paranapraia.com.br\/?p=60118"},"modified":"2024-07-29T09:11:30","modified_gmt":"2024-07-29T12:11:30","slug":"geracao-olimpica-e-paralimpica-edwarda-oliveira-busca-ouro-inedito-do-volei-sentado","status":"publish","type":"post","link":"https:\/\/www.paranapraia.com.br\/index.php\/2024\/07\/29\/geracao-olimpica-e-paralimpica-edwarda-oliveira-busca-ouro-inedito-do-volei-sentado\/","title":{"rendered":"Gera\u00e7\u00e3o Ol\u00edmpica e Paral\u00edmpica: Edwarda Oliveira busca ouro in\u00e9dito do v\u00f4lei sentado"},"content":{"rendered":"\n<p>Marcada no peito, no bra\u00e7o e na hist\u00f3ria. \u00c9 assim que a paratleta paranaense de v\u00f4lei sentado Edwarda Oliveira, de 25 anos, apoiada pelo programa Gera\u00e7\u00e3o Ol\u00edmpica e Paral\u00edmpica do Governo do Estado, quer voltar de Paris. Disputando sua terceira Paralimp\u00edada, ela vem da sequ\u00eancia de duas medalhas de bronze, conquistadas ns Rio-2016 e T\u00f3quio-2020. Agora, Edwarda quer trazer a de ouro para casa.&nbsp;A trajet\u00f3ria de Ewarda Oliveira \u00e9 o tema da vez na&nbsp;<a href=\"https:\/\/www.aen.pr.gov.br\/Geracao-Olimpica-e-Paralimpica-Paris-2024\" target=\"_blank\" rel=\"noreferrer noopener\">s\u00e9rie de reportagens Gera\u00e7\u00e3o Ol\u00edmpica e Paral\u00edmpica da Ag\u00eancia Estadual de Not\u00edcias<\/a>&nbsp;que mostra a import\u00e2ncia do apoio do Governo do Paran\u00e1 na carreira dos atletas, paratletas e t\u00e9cnicos que disputar\u00e3o os Jogos de 2024.<\/p>\n\n\n\n<p>Duda, como \u00e9 conhecida, tatua todos os mascotes das principais competi\u00e7\u00f5es que disputa. E para a disputa de Paris-2024, ela j\u00e1 planeja o local da pr\u00f3xima.\u201cVou ter que ir para o outro bra\u00e7o porque nesse n\u00e3o cabe mais\u201d, afirma, apontando no bra\u00e7o esquerdo as tatuagens dos mascotes das Paralimp\u00edadas do Rio-2016 e T\u00f3quio-2020, e dos Jogos Pan-Americanos de Lima-2019 e Santiago-2023.<\/p>\n\n\n\n<p>\u00c9 tamb\u00e9m uma maneira de lembrar dos pontos altos da carreira. \u201cEu queria colocar na pele a minha hist\u00f3ria. Todos os atletas que participam de Paralimp\u00edada, de Olimp\u00edada, tentam marcar esse momento na sua vida, e a tatuagem funcionou para mim. Eu tenho tatuado todos os mascotes das competi\u00e7\u00f5es que eu participo\u201d, explica, com espa\u00e7o de sobra no bra\u00e7o direito para mais algumas.<\/p>\n\n\n\n<p>Natural de Pinh\u00e3o, no Centro-Sul do Paran\u00e1, Duda nasceu sem a perna direita ap\u00f3s o cord\u00e3o umbilical enrolar e impedir o desenvolvimento do membro durante a gesta\u00e7\u00e3o. \u201cNaquele tempo as pessoas julgavam os deficientes f\u00edsicos como incapazes e a minha m\u00e3e nunca gostou desse r\u00f3tulo. Ela me dizia \u2018se voc\u00ea quer jogar v\u00f4lei, voc\u00ea vai jogar v\u00f4lei\u2019, e foi isso que eu fiz\u201d, conta Edwarda. \u201cO que me salvou foi a minha cria\u00e7\u00e3o\u201d.<\/p>\n\n\n\n<p>A m\u00e3e e os tios s\u00e3o professores e a ensinaram desde pequena que a defici\u00eancia n\u00e3o poderia ser um empecilho em sua vida. \u201cTinha que ser apenas um detalhe no modo como eu faria as coisas, que seria um pouco diferente\u201d, destaca.<\/p>\n\n\n\n<p>Com habilidade para a pr\u00e1tica de esportes, foi na escola que Duda teve o primeiro contato com o v\u00f4lei, mas em p\u00e9, jogando com pessoas sem defici\u00eancia. Era uma forma de fortalecer a musculatura e facilitar o encaixe das pr\u00f3teses, recebidas do Sistema \u00danico de Sa\u00fade (SUS) e que tinham que ser trocadas todos os anos devido ao seu crescimento. Era como se fosse um sapato apertado, como ela mesma diz.<\/p>\n\n\n\n<p>Depois de competir no v\u00f4lei em p\u00e9 ainda na inf\u00e2ncia, um olheiro de Maring\u00e1 a viu jogando com a pr\u00f3tese e a apresentou ao v\u00f4lei paral\u00edmpico, com o convite para jogar na cidade do Noroeste paranaense. Aliado a isso, a transmiss\u00e3o dos Jogos Paral\u00edmpicos de Londres, em 2012, ao qual ela viu pela televis\u00e3o, foi o empurr\u00e3o que faltava para Edwarda mudar de modalidade.<\/p>\n\n\n\n<p>O caminho desde ent\u00e3o foi r\u00e1pido. Edwarda mudou-se sozinha para S\u00e3o Paulo, aos cuidados do t\u00e9cnico Ronaldo Gon\u00e7alves de Oliveira, um dos precursores do voleibol paral\u00edmpico no Brasil. Com olhar \u00e0 dist\u00e2ncia atento da m\u00e3e, a mudan\u00e7a tinha motivo: jogar no Sesi-SP, aos 13 anos. Em um m\u00eas ela j\u00e1 integrava a Sele\u00e7\u00e3o Brasileira de V\u00f4lei Sentado.<\/p>\n\n\n\n<p>Edwarda est\u00e1 na classe VS1, de atletas com defici\u00eancias mais severas e que t\u00eam maior impacto nas fun\u00e7\u00f5es essenciais do v\u00f4lei sentado, como amputados de perna. \u201cComo no meu caso nada vai crescer mesmo, automaticamente j\u00e1 fui enquadrada nessa classe\u201d, brinca.<\/p>\n\n\n\n<p>H\u00e1 pouco mais de 10 anos praticando o esporte, Edwarda j\u00e1 fez hist\u00f3ria: al\u00e9m das medalhas paral\u00edmpicas, sendo a atleta mais jovem entre todas as delega\u00e7\u00f5es na Rio-2016, tamb\u00e9m conquistou junto com a equipe o primeiro mundial do v\u00f4lei sentado feminino, em 2022, na B\u00f3snia. Para 2024, o objetivo \u00e9 trazer o ouro para casa. \u201cN\u00f3s temos chance de medalha de ouro e vamos em busca disso\u201d, afirma.<\/p>\n\n\n\n<p><strong>APOIO&nbsp;<\/strong>\u2013 Ao longo de sua carreira, Duda contou com o apoio do Gera\u00e7\u00e3o Ol\u00edmpica e Paral\u00edmpica (GOP), do Governo do Paran\u00e1. Criado em 2011, o GOP \u00e9 o maior programa estadual de incentivo ao esporte na modalidade bolsa-atleta, conforme pesquisa da Universidade Federal do Paran\u00e1 (UFPR) divulgada na Revista Latino-Americana de Estudos Socioculturais do Esporte. Desde ent\u00e3o, tem sido uma iniciativa de destaque no fomento e apoio aos talentos esportivos no Paran\u00e1. Em 2024 o programa est\u00e1 em sua 13\u00aa edi\u00e7\u00e3o e ter\u00e1 investimento da Copel de R$ 5,2 milh\u00f5es.<\/p>\n\n\n\n<p>\u201cEu recebi a bolsa desde quando morava em Pinh\u00e3o, em 2012. Depois fui morar em S\u00e3o Paulo e parei de receber, mas um dos motivos que me fizeram voltar ao Paran\u00e1 foi o Gera\u00e7\u00e3o Ol\u00edmpica e Paral\u00edmpica. O ruim da vida do atleta \u00e9 que n\u00e3o podemos contar com o dinheiro certo no m\u00eas. Por isso bolsa do Gera\u00e7\u00e3o Ol\u00edmpica e Paral\u00edmpica \u00e9 muito importante\u201d, comenta.<\/p>\n\n\n\n<p>Ela tamb\u00e9m destaca que o aux\u00edlio financeiro \u00e9 essencial para a manuten\u00e7\u00e3o da rotina de um atleta de alto rendimento, com preparador f\u00edsico, t\u00e9cnico, psic\u00f3logo, nutricionista, entre outros profissionais. \u201cO dia a dia do atleta \u00e9 muito caro, porque tem que se alimentar bem, fazer suplementa\u00e7\u00e3o, academia, fortalecimento, e tudo isso gera gasto. Toda ajuda que chega n\u00f3s agradecemos muito, e o Gera\u00e7\u00e3o tem possibilitado me manter no alto rendimento\u201d, complementa.<\/p>\n\n\n\n<p><strong>CARREIRA DUPLA&nbsp;<\/strong>\u2013 Edwarda tamb\u00e9m tem enveredado para outro esporte paral\u00edmpico: parabadminton. Incentivada pelo noivo e atleta da modalidade, Rog\u00e9rio Oliveira, conquistou no Parapan-Americano de Santiago-2023 o ouro jogando na dupla mista, fazendo par com o companheiro, e a prata no individual. \u201cEstar nas duas modalidades \u00e9 dif\u00edcil, mas eu consigo manter isso. Claro que 100% nas duas n\u00e3o consigo dar, ent\u00e3o hoje meu foco \u00e9 o v\u00f4lei sentado por conta dos Jogos, encerrar esse ciclo t\u00e3o bonito que constru\u00ed na modalidade\u201d, salienta.<\/p>\n\n\n\n<p>Ao saber que n\u00e3o poderia participar da Paralimp\u00edada disputando as duas modalidades, ela voltou para a Sele\u00e7\u00e3o Brasileira de V\u00f4lei Sentado no in\u00edcio de 2024. \u201cTer as portas abertas para voltar para sele\u00e7\u00e3o \u00e9 um reconhecimento a todo o trabalho que fiz at\u00e9 aqui. N\u00f3s temos chance de conseguir a medalha de ouro e eu tenho consci\u00eancia dessa ajuda que posso dar para a equipe\u201d, afirma.<\/p>\n\n\n\n<p>AEN<\/p>\n","protected":false},"excerpt":{"rendered":"<p>Foto: Ricardo Ribeiro\/AEN<\/p>\n","protected":false},"author":2,"featured_media":60119,"comment_status":"open","ping_status":"open","sticky":false,"template":"","format":"standard","meta":{"advanced_seo_description":"","jetpack_seo_html_title":"","jetpack_seo_noindex":false,"_jetpack_memberships_contains_paid_content":false,"footnotes":""},"categories":[40],"tags":[],"class_list":{"0":"post-60118","1":"post","2":"type-post","3":"status-publish","4":"format-standard","5":"has-post-thumbnail","7":"category-destaques"},"jetpack_featured_media_url":"https:\/\/www.paranapraia.com.br\/wp-content\/uploads\/2024\/07\/2_2-scaled.jpg","jetpack_sharing_enabled":true,"_links":{"self":[{"href":"https:\/\/www.paranapraia.com.br\/index.php\/wp-json\/wp\/v2\/posts\/60118"}],"collection":[{"href":"https:\/\/www.paranapraia.com.br\/index.php\/wp-json\/wp\/v2\/posts"}],"about":[{"href":"https:\/\/www.paranapraia.com.br\/index.php\/wp-json\/wp\/v2\/types\/post"}],"author":[{"embeddable":true,"href":"https:\/\/www.paranapraia.com.br\/index.php\/wp-json\/wp\/v2\/users\/2"}],"replies":[{"embeddable":true,"href":"https:\/\/www.paranapraia.com.br\/index.php\/wp-json\/wp\/v2\/comments?post=60118"}],"version-history":[{"count":1,"href":"https:\/\/www.paranapraia.com.br\/index.php\/wp-json\/wp\/v2\/posts\/60118\/revisions"}],"predecessor-version":[{"id":60120,"href":"https:\/\/www.paranapraia.com.br\/index.php\/wp-json\/wp\/v2\/posts\/60118\/revisions\/60120"}],"wp:featuredmedia":[{"embeddable":true,"href":"https:\/\/www.paranapraia.com.br\/index.php\/wp-json\/wp\/v2\/media\/60119"}],"wp:attachment":[{"href":"https:\/\/www.paranapraia.com.br\/index.php\/wp-json\/wp\/v2\/media?parent=60118"}],"wp:term":[{"taxonomy":"category","embeddable":true,"href":"https:\/\/www.paranapraia.com.br\/index.php\/wp-json\/wp\/v2\/categories?post=60118"},{"taxonomy":"post_tag","embeddable":true,"href":"https:\/\/www.paranapraia.com.br\/index.php\/wp-json\/wp\/v2\/tags?post=60118"}],"curies":[{"name":"wp","href":"https:\/\/api.w.org\/{rel}","templated":true}]}}