{"id":60100,"date":"2024-07-26T17:53:28","date_gmt":"2024-07-26T20:53:28","guid":{"rendered":"https:\/\/www.paranapraia.com.br\/?p=60100"},"modified":"2024-07-26T17:53:30","modified_gmt":"2024-07-26T20:53:30","slug":"aula-de-globalizacao-escolas-estaduais-mobilizaram-alunos-para-a-abertura-das-olimpiadas","status":"publish","type":"post","link":"https:\/\/www.paranapraia.com.br\/index.php\/2024\/07\/26\/aula-de-globalizacao-escolas-estaduais-mobilizaram-alunos-para-a-abertura-das-olimpiadas\/","title":{"rendered":"Aula de globaliza\u00e7\u00e3o: escolas estaduais mobilizaram alunos para a abertura das Olimp\u00edadas"},"content":{"rendered":"\n<p>A tarde da sexta-feira (26) foi de pausa na rotina de estudos em algumas escolas paranaenses, mas por um bom motivo. As dire\u00e7\u00f5es e coordena\u00e7\u00f5es prepararam as salas de aulas e os p\u00e1tios para que os alunos pudessem assistir a abertura das Olimp\u00edadas de Paris. Em Curitiba, por exemplo, os estudantes do Instituto de Educa\u00e7\u00e3o Erasmo Pilotto, no Centro, e do Col\u00e9gio Algacyr Munhoz Maeder, no Bairro Alto, vestiram verde e amarelo como forma de prestigiar os atletas brasileiros que competir\u00e3o nas pr\u00f3ximas semanas nos jogos ol\u00edmpicos.<\/p>\n\n\n\n<p>No Instituto de Educa\u00e7\u00e3o, houve vibra\u00e7\u00e3o e entusiasmo a cada apari\u00e7\u00e3o dos atletas da Delega\u00e7\u00e3o Brasileira, que tamb\u00e9m conta com&nbsp;<a href=\"https:\/\/www.aen.pr.gov.br\/Noticia\/Maior-delegacao-da-historia-veja-o-calendario-dos-63-atletas-e-tecnicos-do-Parana-em-Paris\" target=\"_blank\" rel=\"noreferrer noopener\">atletas paranaenses<\/a>. A coordena\u00e7\u00e3o aproveita datas e eventos como estes para estimular nos alunos a import\u00e2ncia de valorizar as diferen\u00e7as culturais dos povos, a diversidade e o respeito entre as na\u00e7\u00f5es, mas, acima de tudo, enfeitar a escola e reunir os alunos em grupos significa despertar o amor ao pa\u00eds, ao esporte e demonstra a confian\u00e7a nos atletas brasileiros.<\/p>\n\n\n\n<p>\u201cA gente procura desenvolver em todos os nossos componentes curriculares, em especial, com nossos alunos da forma\u00e7\u00e3o de docentes, que est\u00e3o saindo daqui para formar outros alunos\u201d, diz Ana Paula de Melo Mano Pacheco, coordenadora pedag\u00f3gica da institui\u00e7\u00e3o.&nbsp;<\/p>\n\n\n\n<p>Aluna da 3\u00aa s\u00e9rie do curso de Forma\u00e7\u00e3o de Docentes do Instituto de Educa\u00e7\u00e3o, a estudante Beatriz Iansen adianta que se inspirou no trabalho realizado pela coordena\u00e7\u00e3o para futuras a\u00e7\u00f5es. \u201cQuando eu for professora, quero motivar meus alunos com esse tipo de a\u00e7\u00e3o, pelo fato de eles aprenderem a valorizar os atletas brasileiros\u201d, afirma.<\/p>\n\n\n\n<p>\u201cA uni\u00e3o que esse projeto proporcionou aqui na escola me chamou muito a aten\u00e7\u00e3o. Todo mundo vibrou por participar desse momento\u201d, refor\u00e7a Luiza Kosak, da mesma turma.<\/p>\n\n\n\n<p>No Algacyr Maeder, a mobiliza\u00e7\u00e3o come\u00e7ou bem antes da cerim\u00f4nia de abertura, que deixou os alunos vidrados no tel\u00e3o montado no p\u00e1tio. No fim do m\u00eas de junho foram entregues cartas para os atletas do skate park que estavam treinando na Capital. As atividades ganharam at\u00e9 um tema: \u201cCom educa\u00e7\u00e3o, esporte e arte, podemos mudar o mundo\u201d, tendo como foco as Olimp\u00edadas. Professores, coordenadores e dire\u00e7\u00e3o da institui\u00e7\u00e3o de ensino envolveram todos os alunos do Ensino Fundamental II e do Ensino M\u00e9dio para participar da proposta.&nbsp;<\/p>\n\n\n\n<p>As atividades foram realizadas em todas as disciplinas. Por exemplo, em Matem\u00e1tica, os alunos estudaram a diferen\u00e7a das moedas entre os pa\u00edses, com \u00eanfase para o Real e o Euro, moeda oficial do pa\u00eds sede das olimp\u00edadas. Tamb\u00e9m estudaram gr\u00e1ficos comparativos sobre o PIB e a renda per capita dos pa\u00edses que participar\u00e3o dos jogos, o que \u00e9 o c\u00e2mbio e como diferenciar os valores dos ingressos utilizando \u20ac.<\/p>\n\n\n\n<p>Em Geografia, Hist\u00f3ria, Sociologia e Filosofia, por exemplo, as aulas envolveram a hist\u00f3ria das Olimp\u00edadas, fatos econ\u00f4micos, culturais ou sociais ocorridos nos per\u00edodos em que ocorreram as competi\u00e7\u00f5es, estudos dos mapas, costumes, cultura local e os aspectos pol\u00edticos e sociais.&nbsp;<\/p>\n\n\n\n<p>Em Linguagens, Artes, Ingl\u00eas e Espanhol, os estudantes aprenderam mais sobre as l\u00ednguas de cada pa\u00eds, a literatura envolvidos nos Jogos Ol\u00edmpicos, origem das palavras, cria\u00e7\u00e3o de textos para cartazes, panfletos, material publicit\u00e1rio, tradu\u00e7\u00e3o dos hinos e entrevistas com jogadores da regi\u00e3o que j\u00e1 participaram dos jogos e at\u00e9 mesmo a produ\u00e7\u00e3o de um dicion\u00e1rio com palavras e express\u00f5es mais utilizadas pelos pa\u00edses participantes.&nbsp;<\/p>\n\n\n\n<p>\u201cAl\u00e9m disso, foram feitas pesquisas sobre as bandeiras de cada pa\u00eds e o trajeto da tocha ol\u00edmpica, esportes coletivos e o estudo das regras dos esportes. Paralelamente, os alunos resolveram enviar as cartas de incentivo. A maioria ser\u00e1 levada pelos pr\u00f3prios atletas aos colegas de equipe, que est\u00e3o treinando em outras pistas\u201d, conta a&nbsp;diretora-auxiliar da escola, Edna da Silva.<\/p>\n\n\n\n<p>A ideia \u00e9 ir ainda al\u00e9m: realizar competi\u00e7\u00f5es de esportes ol\u00edmpicos dentro do col\u00e9gio. \u201cVamos promover disputas saud\u00e1veis entre o alunos para que eles entendam cada vez mais a import\u00e2ncia do que \u00e9 o verdadeiro esp\u00edrito ol\u00edmpico\u201d, completa Edna.&nbsp;&nbsp;&nbsp;<\/p>\n\n\n\n<p><strong>BRASILEIROS EM PARIS<\/strong>&nbsp;\u2013 De acordo com o Comit\u00ea Ol\u00edmpico Brasileiro (COB), a delega\u00e7\u00e3o brasileira conta com mais de 250 atletas, classificados em 39 modalidades. Dentre os atletas convocados, a maioria \u00e9 feminina: a delega\u00e7\u00e3o conta com 153 mulheres (55%) e 124 homens (45%).&nbsp;O Paran\u00e1 enviou aos Jogos Ol\u00edmpicos de Paris a maior delega\u00e7\u00e3o de sua hist\u00f3ria: 63 pessoas, entre atletas e t\u00e9cnicos, das quais 35 representantes nas Olimp\u00edadas, que j\u00e1 iniciaram e seguem at\u00e9 o dia 11 de agosto, e 28 nas Paralimp\u00edadas, que acontecem entre 28 de agosto e 8 de setembro.&nbsp;<\/p>\n\n\n\n<p>AEN<\/p>\n","protected":false},"excerpt":{"rendered":"<p>Aula de globaliza\u00e7\u00e3o: escolas estaduais mobilizaram alunos para a abertura das Olimp\u00edadas<br \/>\nFoto: Lucas Fermin\/SEED<\/p>\n","protected":false},"author":2,"featured_media":60101,"comment_status":"open","ping_status":"open","sticky":false,"template":"","format":"standard","meta":{"advanced_seo_description":"","jetpack_seo_html_title":"","jetpack_seo_noindex":false,"_jetpack_memberships_contains_paid_content":false,"footnotes":""},"categories":[37],"tags":[],"class_list":{"0":"post-60100","1":"post","2":"type-post","3":"status-publish","4":"format-standard","5":"has-post-thumbnail","7":"category-esporte"},"jetpack_featured_media_url":"https:\/\/www.paranapraia.com.br\/wp-content\/uploads\/2024\/07\/dsc04457-aprimorado-nr-scaled.jpg","jetpack_sharing_enabled":true,"_links":{"self":[{"href":"https:\/\/www.paranapraia.com.br\/index.php\/wp-json\/wp\/v2\/posts\/60100"}],"collection":[{"href":"https:\/\/www.paranapraia.com.br\/index.php\/wp-json\/wp\/v2\/posts"}],"about":[{"href":"https:\/\/www.paranapraia.com.br\/index.php\/wp-json\/wp\/v2\/types\/post"}],"author":[{"embeddable":true,"href":"https:\/\/www.paranapraia.com.br\/index.php\/wp-json\/wp\/v2\/users\/2"}],"replies":[{"embeddable":true,"href":"https:\/\/www.paranapraia.com.br\/index.php\/wp-json\/wp\/v2\/comments?post=60100"}],"version-history":[{"count":1,"href":"https:\/\/www.paranapraia.com.br\/index.php\/wp-json\/wp\/v2\/posts\/60100\/revisions"}],"predecessor-version":[{"id":60102,"href":"https:\/\/www.paranapraia.com.br\/index.php\/wp-json\/wp\/v2\/posts\/60100\/revisions\/60102"}],"wp:featuredmedia":[{"embeddable":true,"href":"https:\/\/www.paranapraia.com.br\/index.php\/wp-json\/wp\/v2\/media\/60101"}],"wp:attachment":[{"href":"https:\/\/www.paranapraia.com.br\/index.php\/wp-json\/wp\/v2\/media?parent=60100"}],"wp:term":[{"taxonomy":"category","embeddable":true,"href":"https:\/\/www.paranapraia.com.br\/index.php\/wp-json\/wp\/v2\/categories?post=60100"},{"taxonomy":"post_tag","embeddable":true,"href":"https:\/\/www.paranapraia.com.br\/index.php\/wp-json\/wp\/v2\/tags?post=60100"}],"curies":[{"name":"wp","href":"https:\/\/api.w.org\/{rel}","templated":true}]}}