{"id":60097,"date":"2024-07-26T15:20:31","date_gmt":"2024-07-26T18:20:31","guid":{"rendered":"https:\/\/www.paranapraia.com.br\/?p=60097"},"modified":"2024-07-26T15:20:32","modified_gmt":"2024-07-26T18:20:32","slug":"arquivo-publico-do-parana-celebra-170-anos-da-policia-militar-com-exposicao","status":"publish","type":"post","link":"https:\/\/www.paranapraia.com.br\/index.php\/2024\/07\/26\/arquivo-publico-do-parana-celebra-170-anos-da-policia-militar-com-exposicao\/","title":{"rendered":"Arquivo P\u00fablico do Paran\u00e1 celebra 170 anos da Pol\u00edcia Militar com exposi\u00e7\u00e3o"},"content":{"rendered":"\n<p>O Arquivo P\u00fablico do Paran\u00e1 promover\u00e1 uma exposi\u00e7\u00e3o especial de 29 de julho a 2 de agosto. A mostra \u201cRa\u00edzes Paranaenses &#8211; Celebrando 170 anos da Pol\u00edcia Militar\u201d contar\u00e1 com uma variedade de pe\u00e7as e itens do acervo da PMPR, incluindo ve\u00edculos, vestu\u00e1rio e outros artefatos marcantes da trajet\u00f3ria da corpora\u00e7\u00e3o.<\/p>\n\n\n\n<p>Tamb\u00e9m estar\u00e3o expostos registros preservados pelo pr\u00f3prio Arquivo P\u00fablico, \u00f3rg\u00e3o vinculado \u00e0 Secretaria da Administra\u00e7\u00e3o e da Previd\u00eancia, respons\u00e1vel por guardar e preservar documentos que narram a hist\u00f3ria do Paran\u00e1 desde o per\u00edodo em que o Estado era uma prov\u00edncia. Entre eles, registros que documentam a cria\u00e7\u00e3o e o desenvolvimento da corpora\u00e7\u00e3o, correspond\u00eancias trocadas que ilustram a import\u00e2ncia e a atua\u00e7\u00e3o da PM ao longo dos anos.<\/p>\n\n\n\n<p>Alguns exemplos s\u00e3o a Lei n\u00b0 7, de agosto de 1854, que criou no Paran\u00e1 a Companhia de For\u00e7a Policial, que se tornaria a Pol\u00edcia Militar do Paran\u00e1; a Lei n\u00b030, de mar\u00e7o de 1857, que criou oficialmente a Banda da PMPR; e o Bras\u00e3o de Armas do Estado do Paran\u00e1, originalmente pintado pelo artista Alfredo Andersen.<\/p>\n\n\n\n<p>&#8220;\u00c9 uma honra para o Arquivo P\u00fablico do Paran\u00e1 poder celebrar os 170 anos da Pol\u00edcia Militar com esta exposi\u00e7\u00e3o. Atrav\u00e9s dela, esperamos oferecer ao p\u00fablico uma oportunidade \u00fanica de conhecer mais sobre a evolu\u00e7\u00e3o da nossa PMPR, que desempenha um papel fundamental na seguran\u00e7a e na prote\u00e7\u00e3o da&nbsp; sociedade\u201d, afirma a chefe do Departamento de Arquivo P\u00fablico, Kassia Cavalari Basso.<\/p>\n\n\n\n<p><strong>Servi\u00e7o:<\/strong><\/p>\n\n\n\n<p>Exposi\u00e7\u00e3o &#8220;Ra\u00edzes Paranaenses &#8211; Celebrando 170 anos da Pol\u00edcia Militar&#8221;<\/p>\n\n\n\n<p>Data: de 29\/07 a 02\/08<\/p>\n\n\n\n<p>Hor\u00e1rio: de segunda a sexta-feira das 09h \u00e0s 12h e das 13h \u00e0s 17h<\/p>\n\n\n\n<p>Local: Arquivo P\u00fablico do Paran\u00e1 &#8211; Rua dos Funcion\u00e1rios, 1796 &#8211; bairro Cabral &#8211; Curitiba<\/p>\n\n\n\n<p>Entrada gratuita<\/p>\n\n\n\n<p>AEN<\/p>\n","protected":false},"excerpt":{"rendered":"<p>Foto: Gabriel Rosa\/AEN<\/p>\n","protected":false},"author":2,"featured_media":60098,"comment_status":"open","ping_status":"open","sticky":false,"template":"","format":"standard","meta":{"advanced_seo_description":"","jetpack_seo_html_title":"","jetpack_seo_noindex":false,"_jetpack_memberships_contains_paid_content":false,"footnotes":""},"categories":[33],"tags":[],"class_list":{"0":"post-60097","1":"post","2":"type-post","3":"status-publish","4":"format-standard","5":"has-post-thumbnail","7":"category-policia"},"jetpack_featured_media_url":"https:\/\/www.paranapraia.com.br\/wp-content\/uploads\/2024\/07\/raizes-paranaense-02-scaled.jpg","jetpack_sharing_enabled":true,"_links":{"self":[{"href":"https:\/\/www.paranapraia.com.br\/index.php\/wp-json\/wp\/v2\/posts\/60097"}],"collection":[{"href":"https:\/\/www.paranapraia.com.br\/index.php\/wp-json\/wp\/v2\/posts"}],"about":[{"href":"https:\/\/www.paranapraia.com.br\/index.php\/wp-json\/wp\/v2\/types\/post"}],"author":[{"embeddable":true,"href":"https:\/\/www.paranapraia.com.br\/index.php\/wp-json\/wp\/v2\/users\/2"}],"replies":[{"embeddable":true,"href":"https:\/\/www.paranapraia.com.br\/index.php\/wp-json\/wp\/v2\/comments?post=60097"}],"version-history":[{"count":1,"href":"https:\/\/www.paranapraia.com.br\/index.php\/wp-json\/wp\/v2\/posts\/60097\/revisions"}],"predecessor-version":[{"id":60099,"href":"https:\/\/www.paranapraia.com.br\/index.php\/wp-json\/wp\/v2\/posts\/60097\/revisions\/60099"}],"wp:featuredmedia":[{"embeddable":true,"href":"https:\/\/www.paranapraia.com.br\/index.php\/wp-json\/wp\/v2\/media\/60098"}],"wp:attachment":[{"href":"https:\/\/www.paranapraia.com.br\/index.php\/wp-json\/wp\/v2\/media?parent=60097"}],"wp:term":[{"taxonomy":"category","embeddable":true,"href":"https:\/\/www.paranapraia.com.br\/index.php\/wp-json\/wp\/v2\/categories?post=60097"},{"taxonomy":"post_tag","embeddable":true,"href":"https:\/\/www.paranapraia.com.br\/index.php\/wp-json\/wp\/v2\/tags?post=60097"}],"curies":[{"name":"wp","href":"https:\/\/api.w.org\/{rel}","templated":true}]}}