{"id":59999,"date":"2024-07-24T11:39:03","date_gmt":"2024-07-24T14:39:03","guid":{"rendered":"https:\/\/www.paranapraia.com.br\/?p=59999"},"modified":"2024-07-24T11:39:05","modified_gmt":"2024-07-24T14:39:05","slug":"olhando-o-passado-para-energizar-o-futuro","status":"publish","type":"post","link":"https:\/\/www.paranapraia.com.br\/index.php\/2024\/07\/24\/olhando-o-passado-para-energizar-o-futuro\/","title":{"rendered":"Olhando o passado para energizar o futuro"},"content":{"rendered":"\n<p><em>* Por Rodrigo Bourscheidt, CEO e fundador da Energy+<\/em><\/p>\n\n\n\n<p>O Brasil come\u00e7ou a olhar para a energia solar de forma mais significativa a partir de 2012, com a Resolu\u00e7\u00e3o Normativa n\u00ba 482 da ANEEL (Ag\u00eancia Nacional de Energia El\u00e9trica), que regulamentou a microgera\u00e7\u00e3o e minigera\u00e7\u00e3o distribu\u00edda. Antes disso, o pa\u00eds era altamente dependente de hidroeletricidade, com pouca diversifica\u00e7\u00e3o nas fontes de energia renov\u00e1vel. A energia solar era praticamente inexistente no cen\u00e1rio energ\u00e9tico brasileiro.<\/p>\n\n\n\n<p>Hoje temos pol\u00edticas de incentivo, com a isen\u00e7\u00e3o de impostos como ICMS, PIS e COFINS para sistemas de gera\u00e7\u00e3o distribu\u00edda em muitos estados, mas ainda estamos uns 20 anos atrasados em rela\u00e7\u00e3o ao mundo.&nbsp;&nbsp;A expectativa \u00e9 que a matriz energ\u00e9tica brasileira fique bem mais diversa nas pr\u00f3ximas d\u00e9cadas, afinal o pa\u00eds \u00e9 um dos que possui maior potencial na produ\u00e7\u00e3o de energia limpa e renov\u00e1vel. Em 2050, segundo estudo da consultoria Bloomberg New Energy Finance, cerca de 32% da energia nacional viria do sol, enquanto a hidrel\u00e9trica cairia para 30%, e a e\u00f3lica subiria para 14,2%.&nbsp;<\/p>\n\n\n\n<p>Atualmente, um dos desafios \u00e9 a necessidade de praticidade das leis e dos regulamentos. Por exemplo, uma concession\u00e1ria precisa ser mais \u00e1gil no momento de dar o acesso ao microgerador, pois conseguir essa autoriza\u00e7\u00e3o \u00e9 bem demorado e desestimula o crescimento do setor. Tamb\u00e9m a burocracia, que envolve a simplifica\u00e7\u00e3o de processos de conex\u00e3o \u00e0 rede el\u00e9trica, \u00e9 morosa. \u00c9 preciso mais infraestrutura, com investimentos em rede el\u00e9trica para suportar a integra\u00e7\u00e3o de mais energia solar.<\/p>\n\n\n\n<p>Vale ressaltar que a produ\u00e7\u00e3o de equipamentos para gerar energia solar tem um custo cada vez menor, mas ainda alto se comparado \u00e0 conta de luz. \u00c9 fazendo esta compara\u00e7\u00e3o que se calcula o retorno do capital investido e ser\u00e1 determinante para o consumidor decidir ou n\u00e3o pela sua instala\u00e7\u00e3o. Ent\u00e3o \u00e9 necess\u00e1rio desenhar uma forma de financiamento adequada para que o usu\u00e1rio final possa equilibrar a conta de luz que paga com o financiamento de seu equipamento. Quando atingirmos esse equil\u00edbrio, teremos pessoas migrando para a energia solar. Al\u00e9m disso, quanto mais as concession\u00e1rias, o governo, as prefeituras, entre outros agentes, entrarem no mercado, utilizarem o sistema e divulgarem que est\u00e3o utilizando, maior ser\u00e1 a percep\u00e7\u00e3o de confiabilidade do consumidor.<\/p>\n\n\n\n<p>Portanto,&nbsp;olhar para o passado nos permite entender os desafios superados, os acertos realizados e pode orientar decis\u00f5es mais assertivas no futuro. Aprender com a evolu\u00e7\u00e3o tecnol\u00f3gica e as mudan\u00e7as de mercado contribuem para guiar estrat\u00e9gias que maximizam o potencial da energia solar.<\/p>\n\n\n\n<p>Por isso, \u00e9 primordial definir programas e incentivos, alinhados \u00e0 pol\u00edtica p\u00fablica e \u00e0 legisla\u00e7\u00e3o vigentes para que o Brasil se consolide como refer\u00eancia mundial no aumento do uso de fontes alternativas, capazes de abastecer \u00e0 crescente demanda energ\u00e9tica da popula\u00e7\u00e3o, de atender grupos sem acesso \u00e0 energia de qualidade e, ainda, mantendo a matriz altamente renov\u00e1vel.&nbsp;<\/p>\n\n\n\n<p>A energia solar n\u00e3o \u00e9 apenas uma solu\u00e7\u00e3o para o presente, mas um pilar fundamental para um futuro energ\u00e9tico mais limpo, justo e que ainda a veremos sendo amplamente utilizada.<\/p>\n","protected":false},"excerpt":{"rendered":"<p>* Por Rodrigo Bourscheidt, CEO e fundador da Energy+ O Brasil come\u00e7ou a olhar para a energia solar de forma mais significativa a partir de 2012, com a Resolu\u00e7\u00e3o Normativa n\u00ba 482 da ANEEL (Ag\u00eancia Nacional de Energia El\u00e9trica), que regulamentou a microgera\u00e7\u00e3o e minigera\u00e7\u00e3o distribu\u00edda. Antes disso, o pa\u00eds era altamente dependente de hidroeletricidade, [&hellip;]<\/p>\n","protected":false},"author":2,"featured_media":60000,"comment_status":"open","ping_status":"open","sticky":false,"template":"","format":"standard","meta":{"advanced_seo_description":"","jetpack_seo_html_title":"","jetpack_seo_noindex":false,"_jetpack_memberships_contains_paid_content":false,"footnotes":""},"categories":[776],"tags":[],"class_list":{"0":"post-59999","1":"post","2":"type-post","3":"status-publish","4":"format-standard","5":"has-post-thumbnail","7":"category-opiniao"},"jetpack_featured_media_url":"https:\/\/www.paranapraia.com.br\/wp-content\/uploads\/2024\/07\/Rodrigo-Bourscheidt-CEO-da-Energy-8-scaled.jpg","jetpack_sharing_enabled":true,"_links":{"self":[{"href":"https:\/\/www.paranapraia.com.br\/index.php\/wp-json\/wp\/v2\/posts\/59999"}],"collection":[{"href":"https:\/\/www.paranapraia.com.br\/index.php\/wp-json\/wp\/v2\/posts"}],"about":[{"href":"https:\/\/www.paranapraia.com.br\/index.php\/wp-json\/wp\/v2\/types\/post"}],"author":[{"embeddable":true,"href":"https:\/\/www.paranapraia.com.br\/index.php\/wp-json\/wp\/v2\/users\/2"}],"replies":[{"embeddable":true,"href":"https:\/\/www.paranapraia.com.br\/index.php\/wp-json\/wp\/v2\/comments?post=59999"}],"version-history":[{"count":1,"href":"https:\/\/www.paranapraia.com.br\/index.php\/wp-json\/wp\/v2\/posts\/59999\/revisions"}],"predecessor-version":[{"id":60001,"href":"https:\/\/www.paranapraia.com.br\/index.php\/wp-json\/wp\/v2\/posts\/59999\/revisions\/60001"}],"wp:featuredmedia":[{"embeddable":true,"href":"https:\/\/www.paranapraia.com.br\/index.php\/wp-json\/wp\/v2\/media\/60000"}],"wp:attachment":[{"href":"https:\/\/www.paranapraia.com.br\/index.php\/wp-json\/wp\/v2\/media?parent=59999"}],"wp:term":[{"taxonomy":"category","embeddable":true,"href":"https:\/\/www.paranapraia.com.br\/index.php\/wp-json\/wp\/v2\/categories?post=59999"},{"taxonomy":"post_tag","embeddable":true,"href":"https:\/\/www.paranapraia.com.br\/index.php\/wp-json\/wp\/v2\/tags?post=59999"}],"curies":[{"name":"wp","href":"https:\/\/api.w.org\/{rel}","templated":true}]}}