{"id":59913,"date":"2024-07-22T16:22:32","date_gmt":"2024-07-22T19:22:32","guid":{"rendered":"https:\/\/www.paranapraia.com.br\/?p=59913"},"modified":"2024-07-22T16:22:33","modified_gmt":"2024-07-22T19:22:33","slug":"ultima-semana-de-apresentacoes-de-o-vira-lata-na-tenda-ave-lola-para-toda-a-familia","status":"publish","type":"post","link":"https:\/\/www.paranapraia.com.br\/index.php\/2024\/07\/22\/ultima-semana-de-apresentacoes-de-o-vira-lata-na-tenda-ave-lola-para-toda-a-familia\/","title":{"rendered":"\u00daltima semana de apresenta\u00e7\u00f5es de O Vira-Lata, na Tenda Ave Lola, para toda a fam\u00edlia"},"content":{"rendered":"\n<p><em>Espet\u00e1culo infanto-juvenil que j\u00e1 foi sucesso em v\u00e1rias cidades do Brasil e na Dinamarca tem apresenta\u00e7\u00f5es at\u00e9 28 de julho (domingo) em Curitiba<\/em><\/p>\n\n\n\n<p>Uma pe\u00e7a sens\u00edvel, cr\u00edtica e tocante para toda a fam\u00edlia no m\u00eas das f\u00e9rias. Esse seria um breve resumo de&nbsp;<a href=\"https:\/\/youtu.be\/J7_3cDK-pIs\" target=\"_blank\" rel=\"noreferrer noopener\"><em><strong>O Vira-Lata<\/strong><\/em><\/a>, pe\u00e7a da trupe Ave Lola, criada em parceria com o grupo dinamarqu\u00eas&nbsp;<em>Teatergruppen Batida.<\/em><em>&nbsp;O espet\u00e1culo, criado em 2022 e que j\u00e1 foi sucesso em diversas cidades brasileiras e na Dinamarca, volta a estar em cartaz at\u00e9 28 de julho, na Tenda Ave Lola, em Curitiba. Os ingressos seguem a pol\u00edtica Pague O Quanto Vale, como todas as pe\u00e7as da companhia desde sua funda\u00e7\u00e3o, permitindo que mais pessoas possam ter acesso \u00e0 arte.<\/em><\/p>\n\n\n\n<p>A dramaturgia, assinada pelo dinamarqu\u00eas&nbsp;S\u00f8ren Valente, conta a hist\u00f3ria de uma jovem que acredita que s\u00f3 pode ser feliz se encontrar um grande amor e, ent\u00e3o, vive sonhando com este encontro. Um homem, maltratado pela fome e pelo desamparo, acredita que \u00e9 um cachorro vira-lata. A jovem e o homem-cachorro se conhecem e viram grandes amigos at\u00e9 que, um dia, um homem desconhecido bate \u00e0 porta da mo\u00e7a e se apresenta com palavras bonitas, flores e agrados. Ela se encanta e se entrega ao romance. Quem n\u00e3o gosta nada do rumo da hist\u00f3ria \u00e9 seu fiel amigo-cachorro.<\/p>\n\n\n\n<p>\u201cO Vira-Lata\u201d \u00e9 uma hist\u00f3ria que toca em temas como as desigualdades social e de g\u00eanero, apresentando uma vis\u00e3o otimista a partir do fortalecimento dos afetos, da esperan\u00e7a e da capacidade de transforma\u00e7\u00e3o&#8221;, conta a diretora da Ave Lola,&nbsp;Ana Rosa Tezza. &#8220;O espet\u00e1culo tem forte presen\u00e7a da m\u00fasica, que foi criada especialmente para o espet\u00e1culo e \u00e9 executada ao vivo e por Arthur Jaime e Breno Monte Serrat de Moura. E claro, com tr\u00eas atores maravilhosos em cena&nbsp;&#8211; Cesar Matheus, Eduardo Giacomini e Helena Tezza. Um espet\u00e1culo rico e muito emocionante, que toca de diferentes formas p\u00fablico de todas as idades&#8221;, finaliza a diretora.<\/p>\n\n\n\n<p><strong><br>Sobre a parceria entre Ave Lola e&nbsp;<\/strong><em><strong>Teatergruppen Batida<\/strong><\/em><\/p>\n\n\n\n<p>O grupo&nbsp;<em>Teatergruppen Batida<\/em>, que j\u00e1 veio v\u00e1rias vezes ao Brasil e cujo nome \u00e9 uma refer\u00eancia \u00e0 batida da m\u00fasica brasileira, \u00e9 um tradicional coletivo dinamarqu\u00eas de atores e m\u00fasicos. Ao longo de 30 anos, criou uma s\u00e9rie de espet\u00e1culos para todas as faixas et\u00e1rias e percorreu mais de 45 pa\u00edses. Desde o in\u00edcio, mant\u00e9m uma marca de atribuir \u00e0 m\u00fasica ao vivo e ao movimento a mesma import\u00e2ncia do texto e do visual.<\/p>\n\n\n\n<p>O processo criativo de O Vira-Lata brindou a parceria entre a Trupe Ave Lola e&nbsp;<em>Teatergruppen Batida,&nbsp;<\/em><em>que j\u00e1 acontecia&nbsp;<\/em>por meio de encontros e resid\u00eancias art\u00edsticas. Ap\u00f3s o lan\u00e7amento da pe\u00e7a, em 2022, foram realizadas apresenta\u00e7\u00f5es no Brasil e na Dinamarca, criando um espa\u00e7o de troca entre os integrantes das companhias. Em agosto, inclusive, Ave Lola retorna \u00e0 Dinamarca para novas apresenta\u00e7\u00f5es da pe\u00e7a.<\/p>\n\n\n\n<p><strong><br>Sobre Ave Lola<\/strong><\/p>\n\n\n\n<p>A Ave Lola \u00e9 uma companhia de teatro que h\u00e1 mais de uma d\u00e9cada vem encantando o p\u00fablico com espet\u00e1culos premiados que j\u00e1 circularam o Brasil, cidades fronteiri\u00e7as do extremo norte e tamb\u00e9m pa\u00edses como Chile e Dinamarca. Entre seus espet\u00e1culos est\u00e3o O&nbsp;<em>Malef\u00edcio da Mariposa<\/em>&nbsp;(2012),&nbsp;<em>Tchekhov<\/em>&nbsp;(2013),&nbsp;<em>Nuon<\/em>&nbsp;(2016),&nbsp;<em>Mana\u00f3s \u2013 Uma Saga de Luz e Sombra<\/em>&nbsp;(2019),&nbsp;<em>C\u00e3o Vadio<\/em>&nbsp;(2021),&nbsp;<em>O Vira Lata<\/em>&nbsp;(2022) e&nbsp;<em>Sonho de Uma Noite de Ver\u00e3o<\/em>&nbsp;(2024). Reconhecida por sua pesquisa no teatro popular brasileiro, a companhia busca constantemente aprimorar sua linguagem teatral por meio de interc\u00e2mbios culturais, pesquisa e muitas realiza\u00e7\u00f5es.<\/p>\n\n\n\n<p>Hoje \u00e9 considerada um espa\u00e7o de cria\u00e7\u00e3o por extrapolar as barreiras do teatro, com produ\u00e7\u00e3o de livros, filmes, exposi\u00e7\u00f5es, oficinas e articula\u00e7\u00e3o com artistas do mundo todo \u2013 sendo ber\u00e7o de projetos art\u00edsticos de diversas \u00e1reas. J\u00e1 conquistou 34 pr\u00eamios, entre eles 20 premia\u00e7\u00f5es do Gralha Azul e indica\u00e7\u00f5es para o Shell e Cesgranrio. Desde a funda\u00e7\u00e3o, em 2010, a Ave Lola soma um p\u00fablico de mais de 90 mil pessoas em seus espet\u00e1culos.<\/p>\n\n\n\n<p>Toda a gest\u00e3o \u00e9 feita por mulheres, como forma de abrir espa\u00e7o e visibilidade \u00e0 capacidade de lideran\u00e7a feminina no mundo das artes. Um grande exemplo \u00e9 Ana Rosa Genari Tezza, fundadora, diretora e dramaturga. Nascida em Curitiba e criada na Amaz\u00f4nia Brasileira (Rio Branco \u2013 AC), tem mais de 30 anos de teatro, tendo seus \u00faltimos trabalhos como artista e diretora de produ\u00e7\u00e3o amplamente reconhecidos pelo p\u00fablico e pela cr\u00edtica especializada. Conta com indica\u00e7\u00f5es e premia\u00e7\u00f5es nacionais e internacionais, al\u00e9m de parcerias firmadas com grupos do Chile, Alemanha, Dinamarca, Holanda e Fran\u00e7a.<\/p>\n\n\n\n<p><strong>SERVI\u00c7O:<\/strong><\/p>\n\n\n\n<p><strong>NOVA TEMPORADA DE O VIRA LATA &#8211; CURITIBA<br><\/strong><strong>Quando:&nbsp;<\/strong>25 a 28 de julho: 19h30<br><strong>Onde?&nbsp;<\/strong>Ave Lola Espa\u00e7o de Cria\u00e7\u00e3o (Rua Marechal Deodoro, 1227)<br><strong>Ingressos:&nbsp;<\/strong>Pague O Quanto Vale (distribu\u00eddos por ordem de chegada ao teatro. O espa\u00e7o abre 1h antes do hor\u00e1rio do espet\u00e1culo)<br><strong>G\u00eanero:<\/strong>&nbsp;infantojuvenil<br><strong>Classifica\u00e7\u00e3o Indicativa:&nbsp;<\/strong>acima de 7 anos<br><strong>Dura\u00e7\u00e3o:<\/strong>&nbsp;45 minutos<br><strong>Texto:&nbsp;<\/strong>S\u00f8ren Valente<br><strong>Dire\u00e7\u00e3o:&nbsp;<\/strong>Ana Rosa Genari Tezza<br><strong>Elenco:<br><\/strong>Cesar Matheus como&nbsp;<em>O Vira-lata<br><\/em>Eduardo Giacomini como&nbsp;<em>O Homem<br><\/em>Helena Tezza como&nbsp;<em>A Mulher<\/em><\/p>\n\n\n\n<p><em>A temporada de \u201cO Vira-Lata\u201d \u00e9 uma realiza\u00e7\u00e3o do Minist\u00e9rio da Cultura e da Ave Lola, pela Lei de Incentivo \u00e0 Cultura, tem como produ\u00e7\u00e3o a Entre Mundos, institui\u00e7\u00e3o beneficiada o Hospital Pequeno Pr\u00edncipe e patroc\u00ednio de BHS Corrugated, Valfertil, Big Safra, Parecis M\u00e1quinas, TCP, Gem\u00fc e Grupo Pegoraro.<\/em><\/p>\n","protected":false},"excerpt":{"rendered":"<p>Espet\u00e1culo infanto-juvenil que j\u00e1 foi sucesso em v\u00e1rias cidades do Brasil e na Dinamarca tem apresenta\u00e7\u00f5es at\u00e9 28 de julho (domingo) em Curitiba Uma pe\u00e7a sens\u00edvel, cr\u00edtica e tocante para toda a fam\u00edlia no m\u00eas das f\u00e9rias. Esse seria um breve resumo de&nbsp;O Vira-Lata, pe\u00e7a da trupe Ave Lola, criada em parceria com o grupo [&hellip;]<\/p>\n","protected":false},"author":2,"featured_media":59914,"comment_status":"open","ping_status":"open","sticky":false,"template":"","format":"standard","meta":{"advanced_seo_description":"","jetpack_seo_html_title":"","jetpack_seo_noindex":false,"_jetpack_memberships_contains_paid_content":false,"footnotes":""},"categories":[71],"tags":[],"class_list":{"0":"post-59913","1":"post","2":"type-post","3":"status-publish","4":"format-standard","5":"has-post-thumbnail","7":"category-curitiba"},"jetpack_featured_media_url":"https:\/\/www.paranapraia.com.br\/wp-content\/uploads\/2024\/07\/ViraLata-AveLola-by-GusBenke-35-scaled.jpg","jetpack_sharing_enabled":true,"_links":{"self":[{"href":"https:\/\/www.paranapraia.com.br\/index.php\/wp-json\/wp\/v2\/posts\/59913"}],"collection":[{"href":"https:\/\/www.paranapraia.com.br\/index.php\/wp-json\/wp\/v2\/posts"}],"about":[{"href":"https:\/\/www.paranapraia.com.br\/index.php\/wp-json\/wp\/v2\/types\/post"}],"author":[{"embeddable":true,"href":"https:\/\/www.paranapraia.com.br\/index.php\/wp-json\/wp\/v2\/users\/2"}],"replies":[{"embeddable":true,"href":"https:\/\/www.paranapraia.com.br\/index.php\/wp-json\/wp\/v2\/comments?post=59913"}],"version-history":[{"count":1,"href":"https:\/\/www.paranapraia.com.br\/index.php\/wp-json\/wp\/v2\/posts\/59913\/revisions"}],"predecessor-version":[{"id":59915,"href":"https:\/\/www.paranapraia.com.br\/index.php\/wp-json\/wp\/v2\/posts\/59913\/revisions\/59915"}],"wp:featuredmedia":[{"embeddable":true,"href":"https:\/\/www.paranapraia.com.br\/index.php\/wp-json\/wp\/v2\/media\/59914"}],"wp:attachment":[{"href":"https:\/\/www.paranapraia.com.br\/index.php\/wp-json\/wp\/v2\/media?parent=59913"}],"wp:term":[{"taxonomy":"category","embeddable":true,"href":"https:\/\/www.paranapraia.com.br\/index.php\/wp-json\/wp\/v2\/categories?post=59913"},{"taxonomy":"post_tag","embeddable":true,"href":"https:\/\/www.paranapraia.com.br\/index.php\/wp-json\/wp\/v2\/tags?post=59913"}],"curies":[{"name":"wp","href":"https:\/\/api.w.org\/{rel}","templated":true}]}}