{"id":59904,"date":"2024-07-22T11:56:31","date_gmt":"2024-07-22T14:56:31","guid":{"rendered":"https:\/\/www.paranapraia.com.br\/?p=59904"},"modified":"2024-07-22T11:56:33","modified_gmt":"2024-07-22T14:56:33","slug":"grande-reserva-da-mata-atlantica-recebe-agenda-turistica-com-experiencia-cultural","status":"publish","type":"post","link":"https:\/\/www.paranapraia.com.br\/index.php\/2024\/07\/22\/grande-reserva-da-mata-atlantica-recebe-agenda-turistica-com-experiencia-cultural\/","title":{"rendered":"Grande Reserva da Mata Atl\u00e2ntica recebe agenda tur\u00edstica com experi\u00eancia cultural"},"content":{"rendered":"\n<p>A Grande Reserva da Mata Atl\u00e2ntica do Paran\u00e1,&nbsp;projeto que re\u00fane Paran\u00e1, Santa Catarina e S\u00e3o Paulo, promove nos dias 27 e 28 atividades especiais voltadas ao turismo. Os dois dias contemplam pr\u00e1ticas que aliam o turismo \u00e0 cultura ind\u00edgena Guarani. S\u00e3o passeios que remontam a hist\u00f3ria da antiguidade, culin\u00e1ria, contempla\u00e7\u00e3o da natureza e tamb\u00e9m conhecimentos sobre ervas medicinais.<\/p>\n\n\n\n<p>A imers\u00e3o \u00e9 com base no tema \u201cAncestralidade: Cultura Ind\u00edgena no Ek\u00f4a com Ju Kerexu\u201d, conduzida pela cacique da&nbsp;Aldeia Tekoa Takuaty. Ju Kerexu \u00e9 nascida na terra ind\u00edgena ilha da Cotinga, em Paranagu\u00e1 (Litoral), professora da l\u00edngua Mbya-Guarani, poetisa e ativista ind\u00edgena.<\/p>\n\n\n\n<p>As atividades acontecem no&nbsp;<strong><a href=\"https:\/\/ekoapark.com.br\/\" target=\"_blank\" rel=\"noreferrer noopener\">Ek\u00f4a Park<\/a><\/strong>, atrativo integrante da Grande Reserva da Mata Atl\u00e2ntica. O parque, considerado um para\u00edso ecol\u00f3gico voltado ao turismo de natureza, faz parte de uma s\u00e9rie de atrativos que est\u00e3o listados na &nbsp;<strong><a href=\"https:\/\/grandereservamataatlantica.com.br\/rede-portais\/\" target=\"_blank\" rel=\"noreferrer noopener\">Rede de Portais da Grande Reserva<\/a><\/strong>, um grupo composto atualmente por mais de 700 pessoas que apoiam a iniciativa.<\/p>\n\n\n\n<p>A Grande Reserva Mata Atl\u00e2ntica \u00e9 uma iniciativa volunt\u00e1ria que re\u00fane diversos atores \u2013 p\u00fablicos, privados, n\u00e3o governamentais e da academia \u2013 que, juntos, promovem a\u00e7\u00f5es de desenvolvimento regional com foco no turismo de natureza. S\u00e3o cerca de 3 milh\u00f5es de hectares de ambientes naturais conservados, localizado entre os tr\u00eas estados. \u201cTemos atrativos bel\u00edssimos e atividades para todas as idades e gostos nesse cont\u00ednuo do Bioma Mata Atl\u00e2ntica. \u00c9 o turismo aliado \u00e0 sustentabilidade\u201d, disse o secret\u00e1rio estadual do Turismo, M\u00e1rcio Nunes.<\/p>\n\n\n\n<p>\u201cVer o turismo crescente nessa regi\u00e3o \u00e9 de fato um grande ganho para o Paran\u00e1. Estamos, cada vez mais, vendo os paranaenses entendendo o turismo como neg\u00f3cio e gera\u00e7\u00e3o de emprego e renda\u201d, acrescenta o diretor-presidente do Viaje Paran\u00e1, Irapuan Cortes.<\/p>\n\n\n\n<p><strong>PROGRAMA\u00c7\u00c3O<\/strong>&nbsp;\u2013 No s\u00e1bado (27), \u00e0s 14h, acontece a oficina \u201cCultura Guarani e Artesanato Ind\u00edgena\u201d, na qual os participantes v\u00e3o conhecer a rica hist\u00f3ria e origem do Guarani, explorando suas narrativas orais e seus mitos de cria\u00e7\u00e3o. Uma das atividades \u00e9 a imers\u00e3o nas t\u00e9cnicas e tradi\u00e7\u00f5es do artesanato ind\u00edgena, em os participantes aprendem a criar cestos e fazer trabalho em madeira e adornos, utilizando materiais e m\u00e9todos tradicionais.<\/p>\n\n\n\n<p>J\u00e1 \u00e0s 16h haver\u00e1 apresenta\u00e7\u00e3o do coral ind\u00edgena no restaurante do parque, com m\u00fasicas tradicionais cantadas em l\u00ednguas nativas, que transmitem hist\u00f3rias, rituais e conhecimentos ancestrais. Para os amantes da natureza noturna, entre \u00e0s 19h e 22h, acontece a experi\u00eancia \u201cLeitura do C\u00e9u\u201d, a partir de conhecimentos ancestrais. O objetivo \u00e9 aprender a identificar constela\u00e7\u00f5es e estrelas importantes, entendendo seus significados culturais e a conex\u00e3o com a natureza. As inscri\u00e7\u00f5es para essa atividade espec\u00edfica da Leitura do C\u00e9u podem ser feitas&nbsp;<strong><a href=\"https:\/\/www.ekoapark.com.br\/bilheteria\/produto\/leituradoceu\/\" target=\"_blank\" rel=\"noreferrer noopener\">AQUI<\/a><\/strong>.<\/p>\n\n\n\n<p>No domingo (28), \u00e0s 10h30, acontece a oficina &#8220;Ervas Medicinais Ind\u00edgenas&#8221; na Trilha do Peabiru, na qual os participantes aprendem a identificar ervas medicinais nativas, suas propriedades curativas e m\u00e9todos de preparo sustent\u00e1vel. \u00c0s 14h, no restaurante do parque, haver\u00e1 uma oficina culin\u00e1ria ind\u00edgena.<\/p>\n\n\n\n<p>O foco gastron\u00f4mico \u00e9 o Xipa, um p\u00e3o frito n\u00e3o fermentado, de origem Guarani. Os participantes aprender\u00e3o a preparar duas vers\u00f5es da especialidade: uma com farinha de milho e outra com farinha de trigo. O alimento foi importante para os Guaranis na Guerra do Paraguai.<\/p>\n\n\n\n<p>Encerrando a programa\u00e7\u00e3o do final de semana, \u00e0s 16h, o coral ind\u00edgena se apresenta mais uma vez no Oka Gastronomia, restaurante do Ek\u00f4a Park.<\/p>\n\n\n\n<p>O agendamento para participar das atividades e a compra dos ingressos podem ser feitos&nbsp;<strong><a href=\"https:\/\/www.ekoapark.com.br\/bilheteria\/\" target=\"_blank\" rel=\"noreferrer noopener\">AQUI<\/a><\/strong>. As vagas s\u00e3o limitadas.<\/p>\n\n\n\n<p><strong>Servi\u00e7o:<\/strong><\/p>\n\n\n\n<p><strong>Turismo com imers\u00e3o pela cultura ind\u00edgena Guarani<\/strong><\/p>\n\n\n\n<p>Local: Ek\u00f4a Park &#8211; Estrada da Graciosa, Km 18,5 \u2013 S\u00e3o Jo\u00e3o da Graciosa\/Morretes<\/p>\n\n\n\n<p>Data: 27 (s\u00e1bado)<\/p>\n\n\n\n<p>Hor\u00e1rio: 14h \u00e0s 15h30<\/p>\n\n\n\n<p>Atividade: Oficina \u201cCultura Guarani e Artesanato Ind\u00edgena\u201d<\/p>\n\n\n\n<p>Hor\u00e1rio: 16h \u00e0s 16h45<\/p>\n\n\n\n<p>Atividade: apresenta\u00e7\u00e3o do coral ind\u00edgena<\/p>\n\n\n\n<p>Hor\u00e1rio: 19h \u00e0s 22h<\/p>\n\n\n\n<p>Atividade: experi\u00eancia \u201cLeitura do C\u00e9u\u201d<\/p>\n\n\n\n<p>Data: 28 (domingo)<\/p>\n\n\n\n<p>Hor\u00e1rio: 10h30 \u00e0s 12h<\/p>\n\n\n\n<p>Atividade: oficina &#8220;Ervas Medicinais Ind\u00edgenas&#8221;<\/p>\n\n\n\n<p>Hor\u00e1rio: 14h \u00e0s 15h30<\/p>\n\n\n\n<p>Atividade: oficina culin\u00e1ria ind\u00edgena<\/p>\n\n\n\n<p>Hor\u00e1rio: 16h \u00e0s 16h45<\/p>\n\n\n\n<p>Atividade: apresenta\u00e7\u00e3o do coral ind\u00edgena<\/p>\n\n\n\n<p>AEN<\/p>\n","protected":false},"excerpt":{"rendered":"<p>A Grande Reserva da Mata Atl\u00e2ntica do Paran\u00e1,&nbsp;projeto que re\u00fane Paran\u00e1, Santa Catarina e S\u00e3o Paulo, promove nos dias 27 e 28 atividades especiais voltadas ao turismo. Os dois dias contemplam pr\u00e1ticas que aliam o turismo \u00e0 cultura ind\u00edgena Guarani. S\u00e3o passeios que remontam a hist\u00f3ria da antiguidade, culin\u00e1ria, contempla\u00e7\u00e3o da natureza e tamb\u00e9m conhecimentos [&hellip;]<\/p>\n","protected":false},"author":2,"featured_media":59905,"comment_status":"open","ping_status":"open","sticky":false,"template":"","format":"standard","meta":{"advanced_seo_description":"","jetpack_seo_html_title":"","jetpack_seo_noindex":false,"_jetpack_memberships_contains_paid_content":false,"footnotes":""},"categories":[40],"tags":[],"class_list":{"0":"post-59904","1":"post","2":"type-post","3":"status-publish","4":"format-standard","5":"has-post-thumbnail","7":"category-destaques"},"jetpack_featured_media_url":"https:\/\/www.paranapraia.com.br\/wp-content\/uploads\/2024\/07\/whatsapp_image_2024-06-26_at_11.24.17_2-scaled.jpg","jetpack_sharing_enabled":true,"_links":{"self":[{"href":"https:\/\/www.paranapraia.com.br\/index.php\/wp-json\/wp\/v2\/posts\/59904"}],"collection":[{"href":"https:\/\/www.paranapraia.com.br\/index.php\/wp-json\/wp\/v2\/posts"}],"about":[{"href":"https:\/\/www.paranapraia.com.br\/index.php\/wp-json\/wp\/v2\/types\/post"}],"author":[{"embeddable":true,"href":"https:\/\/www.paranapraia.com.br\/index.php\/wp-json\/wp\/v2\/users\/2"}],"replies":[{"embeddable":true,"href":"https:\/\/www.paranapraia.com.br\/index.php\/wp-json\/wp\/v2\/comments?post=59904"}],"version-history":[{"count":1,"href":"https:\/\/www.paranapraia.com.br\/index.php\/wp-json\/wp\/v2\/posts\/59904\/revisions"}],"predecessor-version":[{"id":59906,"href":"https:\/\/www.paranapraia.com.br\/index.php\/wp-json\/wp\/v2\/posts\/59904\/revisions\/59906"}],"wp:featuredmedia":[{"embeddable":true,"href":"https:\/\/www.paranapraia.com.br\/index.php\/wp-json\/wp\/v2\/media\/59905"}],"wp:attachment":[{"href":"https:\/\/www.paranapraia.com.br\/index.php\/wp-json\/wp\/v2\/media?parent=59904"}],"wp:term":[{"taxonomy":"category","embeddable":true,"href":"https:\/\/www.paranapraia.com.br\/index.php\/wp-json\/wp\/v2\/categories?post=59904"},{"taxonomy":"post_tag","embeddable":true,"href":"https:\/\/www.paranapraia.com.br\/index.php\/wp-json\/wp\/v2\/tags?post=59904"}],"curies":[{"name":"wp","href":"https:\/\/api.w.org\/{rel}","templated":true}]}}