{"id":59894,"date":"2024-07-20T09:20:30","date_gmt":"2024-07-20T12:20:30","guid":{"rendered":"https:\/\/www.paranapraia.com.br\/?p=59894"},"modified":"2024-08-07T15:43:14","modified_gmt":"2024-08-07T18:43:14","slug":"geracao-olimpica-e-paralimpica-tecnico-adailton-goncalves-mira-medalhas-em-paris-de-olho-no-futuro-do-boxe","status":"publish","type":"post","link":"https:\/\/www.paranapraia.com.br\/index.php\/2024\/07\/20\/geracao-olimpica-e-paralimpica-tecnico-adailton-goncalves-mira-medalhas-em-paris-de-olho-no-futuro-do-boxe\/","title":{"rendered":"Gera\u00e7\u00e3o Ol\u00edmpica e Paral\u00edmpica: t\u00e9cnico Adailton Gon\u00e7alves mira medalhas em Paris de olho no futuro do boxe"},"content":{"rendered":"\n<p>O t\u00e9cnico de boxe Adailton Gon\u00e7alves, bolsista do programa estadual Gera\u00e7\u00e3o Ol\u00edmpica e Paral\u00edmpica, treina a equipe de boxe que vai \u00e0 Olimp\u00edada de Paris neste ano. Com 10 atletas, a delega\u00e7\u00e3o brasileira tem chance de medalhas, inclusive de ouro, no maior evento esportivo do mundo. \u00c9 tamb\u00e9m a chance de manter a tradi\u00e7\u00e3o conquistada a partir dos Jogos de Londres em 2012: o boxe leva medalhas em todas as edi\u00e7\u00f5es.<\/p>\n\n\n\n<p>Boxeador desde os 9 anos, Adailton disputou as carreiras ol\u00edmpica, com 68 lutas e seis derrotas, e a profissional, com 10 lutas e duas derrotas. J\u00e1 como t\u00e9cnico, em 1998, Adailton se consagrou como campe\u00e3o baiano por equipe, repetindo o feito no ano seguinte.&nbsp;<\/p>\n\n\n\n<p>Desde ent\u00e3o sua carreira deu um salto, contribuindo para o auge do boxe brasileiro, como ele mesmo destaca o momento em que a modalidade se encontra hoje. As maiores equipes que v\u00e3o para Paris s\u00e3o Austr\u00e1lia (13 atletas), Uzbequist\u00e3o (12 atletas) e Brasil (10 atletas), \u00e0 frente de pa\u00edses com maior tradi\u00e7\u00e3o na modalidade, como Estados Unidos e Cuba.<\/p>\n\n\n\n<p>\u201cEu n\u00e3o posso dizer nem que sim nem que n\u00e3o\u201d, afirma sobre a sua influ\u00eancia nos resultados recentes do boxe brasileiro. \u201cSomos uma equipe, ent\u00e3o todo mundo trabalha. Quando estamos em alto rendimento, s\u00e3o pequenos ajustes que levam ao resultado melhor ou pior, mas eu n\u00e3o tiro meus m\u00e9ritos\u201d, salientou. \u201cEu entrei em uma equipe que j\u00e1 vinha vencendo e desde ent\u00e3o evolu\u00edmos mais, sem cair, superando metas que antes n\u00e3o eram superadas\u201d.<\/p>\n\n\n\n<p><strong>SELE\u00c7\u00c3O BRASILEIRA&nbsp;<\/strong>\u2013 O caminho at\u00e9 ser convocado pela Sele\u00e7\u00e3o Brasileira de Boxe, em 2021, foi vitorioso. Adailton mudou-se da Bahia para o Esp\u00edrito Santo (ES) em 2005, ap\u00f3s um convite do diretor t\u00e9cnico da Federa\u00e7\u00e3o de Boxe capixaba, e elevou a sele\u00e7\u00e3o local de 23\u00ba para 3\u00ba lugar no ranking nacional. L\u00e1 abriu a Dudhal Boxing Club, academia refer\u00eancia no boxe e o embri\u00e3o para projetos sociais que ele viria a realizar na sua carreira.<\/p>\n\n\n\n<p>No Esp\u00edrito Santo ele conseguia suprir a demanda da equipe capixaba e colocar seus atletas em outras sele\u00e7\u00f5es, inclusive com uma segunda equipe pelo Paran\u00e1, uma vez que o Estado n\u00e3o tinha todos os atletas. Foi durante essas seletivas que ele teve a oportunidade de conhecer, gostar e mudar-se para Curitiba, em 2015, a convite da Federa\u00e7\u00e3o Paranaense.<\/p>\n\n\n\n<p>Logo no ano seguinte, Adailton ajudou Lucas Collado a ser campe\u00e3o brasileiro na categoria 75 kg juvenil. \u201cEm 2019, eu conquistei o t\u00edtulo de melhor t\u00e9cnico do Brasil, levando o Paran\u00e1 de 21\u00aa para 1\u00aa lugar do Brasil por equipe, \u00e0 frente de Bahia, S\u00e3o Paulo e Rio de Janeiro, estados que t\u00eam o esporte mais difundido\u201d, conta.<\/p>\n\n\n\n<p><strong>CHANCE DE MEDALHA&nbsp;<\/strong>\u2013 O Brasil chega a Paris 2024 com um excelente hist\u00f3rico recente no boxe. At\u00e9 Londres 2012, a \u00fanica medalha conquistada em uma Olimp\u00edada havia sido o bronze de Serv\u00edlio de Oliveira, na Cidade do M\u00e9xico, em 1968. Na capital inglesa, o Brasil quebrou o jejum de 44 anos e conquistou tr\u00eas medalhas (dois bronzes e uma prata). Em casa, no Rio 2016, veio o primeiro ouro e, em T\u00f3quio 2020, a melhor campanha nacional entre todas as modalidades: um ouro, uma prata e um bronze, superando esportes mais tradicionais como o jud\u00f4, por exemplo.<\/p>\n\n\n\n<p>Mas \u00e9 em Paris que o boxe brasileiro chega como um dos favoritos. Ser\u00e3o 10 atletas, sendo cinco no masculino (Abner Teixeira, Michael Douglas, Keno Machado, Luis de Oliveira e Wanderley Pereira) e cinco no feminino (B\u00e1rbara Santos, Beatriz Ferreira, Carol Santos, Jucieli Romeo e Tatiana Chagas). Todos eles passaram pelas m\u00e3os e treinos de Adailton.<\/p>\n\n\n\n<p>Junto com seus atletas, Adailton conquistou medalhas nos campeonatos Sul-Americano, Pan-Americano, Continental e Europeu, principais conquistas poss\u00edveis dentro do boxe. Falta a medalha ol\u00edmpica. \u201cEu praticamente zerei o game. O que se entende de boxe ol\u00edmpico no mundo eu participei com m\u00e9ritos\u201d, celebra. \u201cEsse ciclo 2021\/2024 ser\u00e1 dif\u00edcil de ser superado pela nova gera\u00e7\u00e3o de atletas e t\u00e9cnicos\u201d.<\/p>\n\n\n\n<p>Com chance de medalha em praticamente todas as categorias, uma delas chama a aten\u00e7\u00e3o. Vice-campe\u00e3o mundial em 2023, Wanderley Pereira, tamb\u00e9m bolsista do Gera\u00e7\u00e3o Ol\u00edmpica e Paral\u00edmpica (GOP), \u00e9 baiano, mas representa o Paran\u00e1 em competi\u00e7\u00f5es e veio at\u00e9 Adailton para trabalhar em sua carreira nacional e internacional.<\/p>\n\n\n\n<p>\u201c\u00c9 um garoto jovem, de 22 anos, com uma promessa imensa\u201d, comenta. \u201cO Wanderley \u00e9 pe\u00e7a-chave. Um garoto que n\u00e3o tinha o dinheiro da passagem para da academia ao Centro. Hoje ele tem um bom sal\u00e1rio, com bolsas como a P\u00f3dio e o Gera\u00e7\u00e3o Ol\u00edmpica\u201d, comentou. \u201cO Gera\u00e7\u00e3o tem grande parte nisso que ele est\u00e1 vivendo hoje, porque esse apoio na base \u00e9 fundamental para que os atletas n\u00e3o deixem de treinar para ter que suprir as necessidades em casa\u201d.<\/p>\n\n\n\n<p><strong>BASE FORTE&nbsp;<\/strong>\u2013 Apoiar o boxe desde a base, formando atletas de alto rendimento e colocar atletas paranaenses na Sele\u00e7\u00e3o Brasileira. Esse \u00e9 o objetivo de Adailton assim que voltar de Paris. Envolvido com projetos sociais desde que come\u00e7ou a ser t\u00e9cnico, ele quer fazer do Paran\u00e1 um celeiro do boxe nacional.<\/p>\n\n\n\n<p>\u201cO meu ideal de vida \u00e9 forma\u00e7\u00e3o de atletas. \u00c9 formar campe\u00f5es e tenho conseguido isso na minha longa trajet\u00f3ria. N\u00f3s captamos atletas aqui da regi\u00e3o, junto com as academias. Tamb\u00e9m vamos fazer a forma\u00e7\u00e3o de novos t\u00e9cnicos e \u00e1rbitros em Curitiba e em outras cidades do Estado, como Londrina e Maring\u00e1\u201d, explica.<\/p>\n\n\n\n<p>O objetivo \u00e9, ap\u00f3s a forma\u00e7\u00e3o de novos t\u00e9cnicos e \u00e1rbitros, iniciar o projeto com alunos, com visitas de atletas ol\u00edmpicos em escolas e comunidades. O trabalho ter\u00e1 como base a planifica\u00e7\u00e3o, com forma\u00e7\u00e3o acad\u00eamica planejada, modelos de treino di\u00e1rios e bases de treinamento em v\u00e1rios pontos pelo Brasil. Tudo com relat\u00f3rios para posterior an\u00e1lise.<\/p>\n\n\n\n<p>\u201cA ideia \u00e9 fazer do Paran\u00e1 um polo grande como \u00e9 a Bahia, S\u00e3o Paulo e Rio de Janeiro, e existe esse material humano aqui. Curitiba j\u00e1 \u00e9 um polo de muay thai e MMA, ent\u00e3o a gente s\u00f3 precisa colocar o boxe em evid\u00eancia\u201d, acrescenta.<\/p>\n\n\n\n<p><strong>APOIO&nbsp;<\/strong>\u2013 Logo ap\u00f3s chegar ao Paran\u00e1, Adailton conseguiu um apoio importante: a bolsa do Gera\u00e7\u00e3o Ol\u00edmpica e Paral\u00edmpica (GOP), do Governo do Paran\u00e1. Criado em 2011, o GOP \u00e9 o maior programa estadual de incentivo ao esporte na modalidade bolsa-atleta, conforme pesquisa da Universidade Federal do Paran\u00e1 (UFPR) divulgada na Revista Latino-Americana de Estudos Socioculturais do Esporte. Desde ent\u00e3o, tem sido uma iniciativa de destaque no fomento e apoio aos talentos esportivos no Paran\u00e1. Em 2024 o programa est\u00e1 em sua 13\u00aa edi\u00e7\u00e3o e ter\u00e1 investimento da Copel de R$ 5,2 milh\u00f5es.<\/p>\n\n\n\n<p>\u201cQuando eu cheguei em Curitiba eu nem sabia que existia a bolsa. Eu comecei a dar aula na Secretaria Municipal do Esporte, Lazer e Juventude como volunt\u00e1rio. L\u00e1 me falaram sobre o Gera\u00e7\u00e3o e isso me manteve aqui por um bom tempo\u201d, lembrou o t\u00e9cnico. \u201cEu conseguia n\u00e3o s\u00f3 dar aula de personal, mas tamb\u00e9m ter liberdade para trabalhar em projetos\u201d, afirmou.<\/p>\n\n\n\n<p>Ele tamb\u00e9m destaca que logo que seu projeto estiver a todo vapor, o GOP ser\u00e1 um aliado importante. \u201cEu sei que quando a gente implantar esse projeto, o Gera\u00e7\u00e3o vai ser uma base forte para continuar formando na base, que \u00e9 o que estamos fazendo\u201d, conclui.<\/p>\n\n\n\n<p><strong>COPEL&nbsp;<\/strong>\u2013 At\u00e9 o final de 2024, o programa Gera\u00e7\u00e3o Ol\u00edmpica e Paral\u00edmpica ter\u00e1 investido mais de R$ 55 milh\u00f5es em bolsas financeiras para atletas e t\u00e9cnicos vinculados a institui\u00e7\u00f5es paranaenses (federa\u00e7\u00f5es e escolas), atendendo desde jovens promessas a estrelas de renome internacional. A iniciativa \u00e9 patrocinada pela Copel desde o in\u00edcio &#8211; e de forma exclusiva desde 2013.<\/p>\n\n\n\n<p>Para o presidente da Copel, Daniel Slaviero, o apoio busca tornar o Paran\u00e1 refer\u00eancia de esporte ol\u00edmpico e paral\u00edmpico no Brasil, ao valorizar os atuais talentos do estado. &#8220;N\u00f3s temos orgulho de apoiar, junto com o governo do Paran\u00e1, esses atletas e profissionais que por muito tempo v\u00eam se preparando para um dos momentos mais significativos da hist\u00f3ria dos esportes. Estamos torcendo com toda energia\u201d, comenta.<\/p>\n\n\n\n<p>O programa abrange, al\u00e9m do pagamento mensal de bolsas financeiras a atletas e t\u00e9cnicos, recursos necess\u00e1rios para a execu\u00e7\u00e3o e gest\u00e3o das atividades previstas, confec\u00e7\u00e3o de uniformes, material de divulga\u00e7\u00e3o e promo\u00e7\u00e3o, infraestrutura de log\u00edstica (hospedagem, alimenta\u00e7\u00e3o e transporte), programas de treinamento e capacita\u00e7\u00e3o, bem como avalia\u00e7\u00f5es m\u00e9dicas e laboratoriais dos atletas.<\/p>\n","protected":false},"excerpt":{"rendered":"<p>O t\u00e9cnico de boxe Adailton Gon\u00e7alves, bolsista do programa estadual Gera\u00e7\u00e3o Ol\u00edmpica e Paral\u00edmpica, treina a equipe de boxe que vai \u00e0 Olimp\u00edada de Paris neste ano. Com 10 atletas, a delega\u00e7\u00e3o brasileira tem chance de medalhas, inclusive de ouro, no maior evento esportivo do mundo. \u00c9 tamb\u00e9m a chance de manter a tradi\u00e7\u00e3o conquistada [&hellip;]<\/p>\n","protected":false},"author":2,"featured_media":59895,"comment_status":"open","ping_status":"open","sticky":false,"template":"","format":"standard","meta":{"advanced_seo_description":"","jetpack_seo_html_title":"","jetpack_seo_noindex":false,"_jetpack_memberships_contains_paid_content":false,"footnotes":""},"categories":[40],"tags":[],"class_list":{"0":"post-59894","1":"post","2":"type-post","3":"status-publish","4":"format-standard","5":"has-post-thumbnail","7":"category-destaques"},"jetpack_featured_media_url":"https:\/\/www.paranapraia.com.br\/wp-content\/uploads\/2024\/07\/vlcsnap-2024-06-25-10h09m31s843-scaled.jpg","jetpack_sharing_enabled":true,"_links":{"self":[{"href":"https:\/\/www.paranapraia.com.br\/index.php\/wp-json\/wp\/v2\/posts\/59894"}],"collection":[{"href":"https:\/\/www.paranapraia.com.br\/index.php\/wp-json\/wp\/v2\/posts"}],"about":[{"href":"https:\/\/www.paranapraia.com.br\/index.php\/wp-json\/wp\/v2\/types\/post"}],"author":[{"embeddable":true,"href":"https:\/\/www.paranapraia.com.br\/index.php\/wp-json\/wp\/v2\/users\/2"}],"replies":[{"embeddable":true,"href":"https:\/\/www.paranapraia.com.br\/index.php\/wp-json\/wp\/v2\/comments?post=59894"}],"version-history":[{"count":1,"href":"https:\/\/www.paranapraia.com.br\/index.php\/wp-json\/wp\/v2\/posts\/59894\/revisions"}],"predecessor-version":[{"id":59896,"href":"https:\/\/www.paranapraia.com.br\/index.php\/wp-json\/wp\/v2\/posts\/59894\/revisions\/59896"}],"wp:featuredmedia":[{"embeddable":true,"href":"https:\/\/www.paranapraia.com.br\/index.php\/wp-json\/wp\/v2\/media\/59895"}],"wp:attachment":[{"href":"https:\/\/www.paranapraia.com.br\/index.php\/wp-json\/wp\/v2\/media?parent=59894"}],"wp:term":[{"taxonomy":"category","embeddable":true,"href":"https:\/\/www.paranapraia.com.br\/index.php\/wp-json\/wp\/v2\/categories?post=59894"},{"taxonomy":"post_tag","embeddable":true,"href":"https:\/\/www.paranapraia.com.br\/index.php\/wp-json\/wp\/v2\/tags?post=59894"}],"curies":[{"name":"wp","href":"https:\/\/api.w.org\/{rel}","templated":true}]}}