{"id":59882,"date":"2024-07-19T12:54:48","date_gmt":"2024-07-19T15:54:48","guid":{"rendered":"https:\/\/www.paranapraia.com.br\/?p=59882"},"modified":"2024-07-19T12:54:50","modified_gmt":"2024-07-19T15:54:50","slug":"acoes-especiais-domingo-e-dia-de-parque-em-unidades-de-conservacao-do-parana","status":"publish","type":"post","link":"https:\/\/www.paranapraia.com.br\/index.php\/2024\/07\/19\/acoes-especiais-domingo-e-dia-de-parque-em-unidades-de-conservacao-do-parana\/","title":{"rendered":"A\u00e7\u00f5es especiais: domingo \u00e9 dia de parque em Unidades de Conserva\u00e7\u00e3o do Paran\u00e1"},"content":{"rendered":"\n<p>Para incentivar a visita\u00e7\u00e3o nos parques estaduais do Paran\u00e1, o Instituto \u00c1gua e Terra (IAT) promove neste domingo, 21 de julho, uma nova edi\u00e7\u00e3o da programa\u00e7\u00e3o \u201cUm Dia no Parque\u201d. Com o tema &#8220;Natureza para todas as pessoas&#8221;, a agenda busca incentivar a popula\u00e7\u00e3o, especialmente \u00e0queles que vivem pr\u00f3ximos a Unidades de Conserva\u00e7\u00e3o (UCs), a conhecer e frequentar os espa\u00e7os ambientais.<\/p>\n\n\n\n<p>As atividades especiais est\u00e3o previstas em sete dos 26 parques estaduais paranaenses abertos \u00e0 visita\u00e7\u00e3o: Vale do Cod\u00f3, Guartel\u00e1, Lago Azul, Serra da Baitaca, Pico Marumbi, Mata S\u00e3o Francisco e Monge.<\/p>\n\n\n\n<p>\u201cA ideia \u00e9 disponibilizar atividades para crian\u00e7as, jovens e adultos, para que possam conhecer melhor as Unidades de Conserva\u00e7\u00e3o das suas cidades e assim aprender sobre a import\u00e2ncia da conserva\u00e7\u00e3o dessas \u00e1reas\u201d, afirma a chefe da Divis\u00e3o de UCs do IAT, Lorena Frandini.<\/p>\n\n\n\n<p><strong>VALE DO COD\u00d3&nbsp;<\/strong>\u2013 O Parque Estadual Vale do Cod\u00f3, em Jaguaria\u00edva, nos Campos Gerais, est\u00e1 repleto de novidades. Al\u00e9m de visitas guiadas pelas trilhas das cachoeiras do V\u00e9u da Noiva e outras trilhas interpretativas do complexo, duas novas estruturas ser\u00e3o inauguradas na UC.<\/p>\n\n\n\n<p>Uma delas \u00e9 um mirante instalado em \u00e1rea de seis metros quadrados, que leva a uma bela vista da Cachoeira do Lago Azul. A entrada ao mirante ser\u00e1 por meio de uma passarela acess\u00edvel a pessoas com defici\u00eancia. A estrutura tem 17 metros de extens\u00e3o. Outra passarela com acessibilidade, de 25 metros de extens\u00e3o, tamb\u00e9m ir\u00e1 conectar a entrada do parque \u00e0 Ponte do Rio Jaguaria\u00edva.<\/p>\n\n\n\n<p>O acesso ao Vale do Cod\u00f3 pode ser feito pela rodovia PR-151. Partindo de Ponta Grossa, no sentido Seng\u00e9s, nas proximidades da \u00e1rea urbana do munic\u00edpio de Jaguaria\u00edva, no km 211 \u00e9 poss\u00edvel adentrar numa estrada vicinal, sem pavimenta\u00e7\u00e3o. O parque fica aberto das 9h \u00e0s 17h. N\u00e3o precisa de inscri\u00e7\u00e3o pr\u00e9via.<\/p>\n\n\n\n<p><strong>GUARTEL\u00c1<\/strong>&nbsp;\u2013 Tamb\u00e9m nos Campos Gerais, o Parque Estadual do Guartel\u00e1, em Tibagi, vai oferecer uma visita guiada \u00e0s trilhas com pinturas rupestres caracter\u00edsticas da UC. As visitas acontecer\u00e3o \u00e0s 9h e \u00e0s 14h, com 30 vagas cada sess\u00e3o. Para participar \u00e9 necess\u00e1rio se inscrever gratuitamente pelo&nbsp;<strong><a href=\"https:\/\/www.sympla.com.br\/evento\/um-dia-no-parque-estadual-do-guartela\/2545863?referrer=www.google.com\" target=\"_blank\" rel=\"noreferrer noopener\">Sympla<\/a>.<\/strong>. A trilha tem duas horas de dura\u00e7\u00e3o, e a caminhada \u00e9 recomendada apenas para maiores de 12 anos.<\/p>\n\n\n\n<p>O parque fica aberto das 8h \u00e0s 16h. Para chegar partindo de Curitiba basta pegar a BR-376 at\u00e9 Ponta Grossa. De Ponta Grossa, siga pela PR-151 at\u00e9 Castro. De Castro, v\u00e1 pela PR-340 at\u00e9 a rotat\u00f3ria no Km 247. Em seguida, percorra a estrada sem pavimenta\u00e7\u00e3o por 1,5 Km at\u00e9 o Parque Estadual do Guartel\u00e1. Esta UC ter\u00e1<a href=\"https:\/\/www.aen.pr.gov.br\/Noticia\/Parque-Estadual-do-Guartela-tera-gestao-compartilhada-entre-IAT-e-Prefeitura-de-Tibagi\" target=\"_blank\" rel=\"noreferrer noopener\">&nbsp;gest\u00e3o compartilhada<\/a>&nbsp;entre IAT e a&nbsp;Prefeitura de Tibagi<\/p>\n\n\n\n<p><strong>LAGO AZUL\u00a0<\/strong>\u2013 No Parque Estadual do Lago Azul, em Campo Mour\u00e3o, no Centro-Oeste, a programa\u00e7\u00e3o de domingo inclui gincanas, ioga ao ar livre e atividades art\u00edsticas. A inscri\u00e7\u00e3o \u00e9 gratuita e pode ser feita atrav\u00e9s\u00a0<strong><a href=\"https:\/\/docs.google.com\/forms\/d\/e\/1FAIpQLSdmtB-Pot8PJL8za1GrjkpRRJvHs0GQKb1n0Av-dZrEwynxRw\/viewform\" target=\"_blank\" rel=\"noreferrer noopener\">deste link<\/a><\/strong>.\u00a0O parque est\u00e1 aberto das 9h \u00e0s 17h. Para chegar ao local, siga pela BR-487 (sentido Campo Mour\u00e3o a Iretama) at\u00e9 passar pelo Parque Industrial da Coamo e pela barragem da Usina Mour\u00e3o. A primeira entrada \u00e0 esquerda ap\u00f3s a Barragem \u00e9 o acesso ao parque.<\/p>\n\n\n\n<p><strong>SERRA DA BAITACA<\/strong>&nbsp;\u2013 Em Quatro Barras, na Regi\u00e3o Metropolitana de Curitiba, o Parque Estadual Serra da Baitaca ter\u00e1 uma s\u00e9rie de a\u00e7\u00f5es de educa\u00e7\u00e3o ambiental a partir das 8h30, incluindo a distribui\u00e7\u00e3o de panfletos educativos, iniciativas para conscientiza\u00e7\u00e3o dos visitantes sobre o descarte de lixo e um momento onde os frequentadores poder\u00e3o compartilhar impress\u00f5es sobre o parque. Al\u00e9m disso, \u00e0s 10 horas, ser\u00e1 feita uma a\u00e7\u00e3o volunt\u00e1ria de remo\u00e7\u00e3o da planta ex\u00f3tica pinus em um ponto determinado do parque. N\u00e3o precisa de inscri\u00e7\u00e3o pr\u00e9via.<\/p>\n\n\n\n<p>O acesso \u00e0 UC \u00e9 feito via Quatro Barras. Partindo do trevo do Atuba, em Curitiba, siga pela BR-116, sentido S\u00e3o Paulo, at\u00e9 o trevo de Quatro Barras \u00e0 direita, seguindo as placas que indicam Borda do Campo e Morro do Anhangava. Chegando ao centro da cidade h\u00e1 uma pra\u00e7a (refer\u00eancia Avenida das Pedreiras), siga o&nbsp; trecho asfaltado at\u00e9 o trailer do IAT \u00e0 direita. H\u00e1 funcion\u00e1rios 24 horas para recep\u00e7\u00e3o e cadastro de visitantes. Por \u00f4nibus, \u00e9 poss\u00edvel pegar o Curitiba &#8211; Quatro Barras no terminal do Guadalupe (centro de Curitiba), descer no terminal de Quatro Barras e embarcar no circular at\u00e9 a Borda do Campo, descendo no ponto final.<\/p>\n\n\n\n<p><strong>PICO MARUMB<\/strong>I \u2013 As atividades no Parque Estadual Pico Marumbi, entre Quatro Barras, Piraquara e Morretes, ser\u00e3o feitas em parceria com diferentes entidades. Ao longo de todo o dia, o Corpo de Socorro em Montanha (Cosmo) ministrar\u00e1 orienta\u00e7\u00f5es de seguran\u00e7a para os frequentadores. Com grupos \u00e0s 11h e \u00e0s 14h, o grupo SOS Casa Ipiranga organiza uma atividade focada no patrim\u00f4nio ferrovi\u00e1rio da Serra do Mar.<\/p>\n\n\n\n<p>Tamb\u00e9m a partir das 11h, a Coordena\u00e7\u00e3o de Patrim\u00f4nio Cultural (CPC) promover\u00e1 atividades educativas sobre a a hist\u00f3ria da regi\u00e3o. Haver\u00e1, ainda, uma caminhada para observa\u00e7\u00e3o de aves a partir das 6h30, para at\u00e9 20 participantes. N\u00e3o precisa de inscri\u00e7\u00e3o pr\u00e9via.<\/p>\n\n\n\n<p>A principal forma de acesso ao parque \u00e9 por trem, que sai diariamente, \u00e0s 8h15, da Rodoferrovi\u00e1ria de Curitiba, e leva duas horas para chegar at\u00e9 a parque, em Morretes. De carro, \u00e9 poss\u00edvel seguir pela BR-116 e entrar na Estrada da Graciosa (PR-410), seguindo at\u00e9 o vilarejo de Porto de Cima (PR-411) e chegando no receptivo do IAT de Prainhas. Este trajeto tamb\u00e9m pode ser feito pela BR-277, virando na PR-408 (acesso a Morretes), seguindo pela PR-411 chegando no receptivo do IAT de Prainhas.<\/p>\n\n\n\n<p><strong>MATA S\u00c3O FRANCISCO<\/strong>&nbsp;\u2013 Na regi\u00e3o Norte, o Parque Estadual Mata S\u00e3o Francisco, entre Corn\u00e9lio Proc\u00f3pio e Santa Mariana, ter\u00e1 uma programa\u00e7\u00e3o bem variada. A agenda conta com a\u00e7\u00e3o educativa sobre a fauna silvestre, uma exposi\u00e7\u00e3o de projetos dos cursos de Geografia e Ci\u00eancias Biol\u00f3gicas da Universidade Estadual do Norte do Paran\u00e1 (UENP), a partir das 9h; oficina de bumerangue, tamb\u00e9m \u00e0s 9h, e aul\u00f5es de ioga, a partir das 10h. N\u00e3o precisa de inscri\u00e7\u00e3o pr\u00e9via.<\/p>\n\n\n\n<p>A UC fica \u00e0s margens da BR-369, no km 79, entre os munic\u00edpios de Corn\u00e9lio Proc\u00f3pio e Santa Mariana, na regi\u00e3o Norte do Paran\u00e1. A BR-369 interliga os principais centros urbanos do Norte Central paranaense ao estado de S\u00e3o Paulo. O parque est\u00e1 aberto das 8h \u00e0s 17h.<\/p>\n\n\n\n<p><strong>MONGE\u00a0<\/strong>\u2013 Na Lapa, Regi\u00e3o Metropolitana de Curitiba, o Parque Estadual do Monge ter\u00e1, \u00e0s 9h, caminhada em um trecho de 4 km na UC, finalizada com o plantio de mudas de esp\u00e9cies nativas. Das 9h \u00e0s 15h, ocorrer\u00e1 uma exposi\u00e7\u00e3o de artesanato tradicional da cidade. Haver\u00e1 tamb\u00e9m distribui\u00e7\u00e3o de materiais informativos ao longo do dia. N\u00e3o precisa de inscri\u00e7\u00e3o pr\u00e9via. O acesso \u00e0 UC \u00e9 pela Rodovia do Xisto BR-476 e no per\u00edmetro urbano da Lapa, pela Avenida Get\u00falio Vargas.<\/p>\n\n\n\n<p>AEN<\/p>\n","protected":false},"excerpt":{"rendered":"<p>Para incentivar a visita\u00e7\u00e3o nos parques estaduais do Paran\u00e1, o Instituto \u00c1gua e Terra (IAT) promove neste domingo, 21 de julho, uma nova edi\u00e7\u00e3o da programa\u00e7\u00e3o \u201cUm Dia no Parque\u201d. Com o tema &#8220;Natureza para todas as pessoas&#8221;, a agenda busca incentivar a popula\u00e7\u00e3o, especialmente \u00e0queles que vivem pr\u00f3ximos a Unidades de Conserva\u00e7\u00e3o (UCs), a [&hellip;]<\/p>\n","protected":false},"author":2,"featured_media":59883,"comment_status":"open","ping_status":"open","sticky":false,"template":"","format":"standard","meta":{"advanced_seo_description":"","jetpack_seo_html_title":"","jetpack_seo_noindex":false,"_jetpack_memberships_contains_paid_content":false,"footnotes":""},"categories":[40],"tags":[],"class_list":{"0":"post-59882","1":"post","2":"type-post","3":"status-publish","4":"format-standard","5":"has-post-thumbnail","7":"category-destaques"},"jetpack_featured_media_url":"https:\/\/www.paranapraia.com.br\/wp-content\/uploads\/2024\/07\/um_dia_no_parque_9_divulgacao-scaled.jpg","jetpack_sharing_enabled":true,"_links":{"self":[{"href":"https:\/\/www.paranapraia.com.br\/index.php\/wp-json\/wp\/v2\/posts\/59882"}],"collection":[{"href":"https:\/\/www.paranapraia.com.br\/index.php\/wp-json\/wp\/v2\/posts"}],"about":[{"href":"https:\/\/www.paranapraia.com.br\/index.php\/wp-json\/wp\/v2\/types\/post"}],"author":[{"embeddable":true,"href":"https:\/\/www.paranapraia.com.br\/index.php\/wp-json\/wp\/v2\/users\/2"}],"replies":[{"embeddable":true,"href":"https:\/\/www.paranapraia.com.br\/index.php\/wp-json\/wp\/v2\/comments?post=59882"}],"version-history":[{"count":1,"href":"https:\/\/www.paranapraia.com.br\/index.php\/wp-json\/wp\/v2\/posts\/59882\/revisions"}],"predecessor-version":[{"id":59884,"href":"https:\/\/www.paranapraia.com.br\/index.php\/wp-json\/wp\/v2\/posts\/59882\/revisions\/59884"}],"wp:featuredmedia":[{"embeddable":true,"href":"https:\/\/www.paranapraia.com.br\/index.php\/wp-json\/wp\/v2\/media\/59883"}],"wp:attachment":[{"href":"https:\/\/www.paranapraia.com.br\/index.php\/wp-json\/wp\/v2\/media?parent=59882"}],"wp:term":[{"taxonomy":"category","embeddable":true,"href":"https:\/\/www.paranapraia.com.br\/index.php\/wp-json\/wp\/v2\/categories?post=59882"},{"taxonomy":"post_tag","embeddable":true,"href":"https:\/\/www.paranapraia.com.br\/index.php\/wp-json\/wp\/v2\/tags?post=59882"}],"curies":[{"name":"wp","href":"https:\/\/api.w.org\/{rel}","templated":true}]}}