{"id":59879,"date":"2024-07-19T12:49:42","date_gmt":"2024-07-19T15:49:42","guid":{"rendered":"https:\/\/www.paranapraia.com.br\/?p=59879"},"modified":"2024-07-19T12:49:44","modified_gmt":"2024-07-19T15:49:44","slug":"mata-ciliar-aumenta-12-no-parana-com-protecao-de-nascentes-e-plantio-de-mudas","status":"publish","type":"post","link":"https:\/\/www.paranapraia.com.br\/index.php\/2024\/07\/19\/mata-ciliar-aumenta-12-no-parana-com-protecao-de-nascentes-e-plantio-de-mudas\/","title":{"rendered":"Mata ciliar aumenta 12% no Paran\u00e1 com prote\u00e7\u00e3o de nascentes e plantio de mudas"},"content":{"rendered":"\n<p>O Paran\u00e1 conseguiu ampliar a cobertura de matas ciliares em 12% nos \u00faltimos anos. O Estado passou de 1,25 milh\u00e3o de hectares de cobertura florestal nestas \u00e1reas em 2008 para 1,41 milh\u00e3o de hectares em 2021, de acordo com&nbsp; levantamento feito pelo Instituto \u00c1gua e Terra (IAT) com base nos dados do MapBiomas. Desde 2019, esta recupera\u00e7\u00e3o foi puxada por medidas como o plantio de 3,9 milh\u00f5es de mudas em \u00e1reas de preserva\u00e7\u00e3o permanente e a recupera\u00e7\u00e3o de mais de 6,9 mil nascentes de rios.<\/p>\n\n\n\n<p>Mata ciliar \u00e9 a vegeta\u00e7\u00e3o que fica \u00e0s margens de rios ou que contorna lagos, nascentes e a\u00e7udes, e a prote\u00e7\u00e3o destas \u00e1reas \u00e9 fundamental para a prote\u00e7\u00e3o de fontes de \u00e1gua que abastecem as cidades, o campo e a biodiversidade local. Por lei, estas \u00e1reas s\u00e3o consideradas \u00c1reas de Preserva\u00e7\u00e3o Permanente (APP).<\/p>\n\n\n\n<p>\u201cCuidar destas \u00e1reas \u00e9 uma prioridade desta gest\u00e3o. A \u00e1gua \u00e9 um recurso que tem que ser tratado com responsabilidade. Proteger nossos rios n\u00e3o \u00e9 importante apenas para preservar a natureza, mas \u00e9 fundamental tamb\u00e9m para garantir a sustentabilidade da produ\u00e7\u00e3o agr\u00edcola e para promover seguran\u00e7a h\u00eddrica para toda a popula\u00e7\u00e3o\u201d, afirmou o governador Carlos Massa Ratinho Junior.<\/p>\n\n\n\n<p>Uma das principais a\u00e7\u00f5es que acelerou esta recupera\u00e7\u00e3o a partir de 2019 foi o programa Paran\u00e1 Mais Verde, desenvolvido pela Secretaria do Desenvolvimento Sustent\u00e1vel (Sedest), em parceria com o Instituto \u00c1gua e Terra (IAT), que distribui mudas de esp\u00e9cies nativas para plantio em \u00e1reas de preserva\u00e7\u00e3o, unidades de conserva\u00e7\u00e3o, \u00e1reas urbanas ou outras finalidades.<\/p>\n\n\n\n<p>Ao todo, ao longo de cinco anos do programa, j\u00e1 foram distribu\u00eddas cerca de 9,8 milh\u00f5es de mudas, sendo 40% deste total \u2013 3,9 milh\u00f5es de mudas \u2013 para \u00c1reas de Preserva\u00e7\u00e3o Permanente (APPs), nas quais est\u00e3o inclu\u00eddas as \u00e1reas de matas ciliares. Isso significa que cerca de 3,5 mil hectares destas regi\u00f5es foram recuperadas ou est\u00e3o em processo de recupera\u00e7\u00e3o por meio do programa de plantio de mudas do Governo do Estado.<\/p>\n\n\n\n<p>\u201c\u00c9 um trabalho fundamental, porque a mata ciliar recuperada nestas \u00e1reas evita o assoreamento dos rios, preserva as margens de \u00e1gua e cumpre um papel de corredor para a fauna local\u201d, explicou a bi\u00f3loga do IAT, Roberta Scheidt Gibertoni.<\/p>\n\n\n\n<p>As mudas que abastecem o programa s\u00e3o cultivadas em 19 viveiros florestais e em dois laborat\u00f3rios de sementes do IAT. Ao todo, o \u00f3rg\u00e3o produz mais de 100 esp\u00e9cies nativas diferentes.<\/p>\n\n\n\n<p><strong>PROTE\u00c7\u00c3O DE NASCENTES&nbsp;<\/strong>\u2013 Para garantir a qualidade das fontes de \u00e1gua do Estado, uma outra medida em curso \u00e9 o Programa Estadual de Prote\u00e7\u00e3o de Nascentes, desenvolvido pelo Instituto de Desenvolvimento Rural do Paran\u00e1 (IDR-PR). O projeto tem como objetivo preservar a produ\u00e7\u00e3o das minas d\u2019\u00e1gua que est\u00e3o dentro de propriedades rurais.<\/p>\n\n\n\n<p>O instituto presta assist\u00eancia aos produtores com 600 t\u00e9cnicas em campo. \u00c9 feita a limpeza das nascentes e a montagem de estruturas que protegem as fontes de \u00e1gua. Lan\u00e7ado h\u00e1 praticamente um ano, em agosto de 2023, o programa j\u00e1 protegeu 6,9 mil nascentes.<\/p>\n\n\n\n<p>\u201cTrabalhamos para proteger as nascentes e toda a regi\u00e3o do entorno. S\u00e3o interven\u00e7\u00f5es simples, que garantem uma nascente saud\u00e1vel, capaz de abastecer a propriedade rural e irrigar a planta\u00e7\u00e3o\u201d, afirmou o gerente estadual de Pol\u00edticas P\u00fablicas do IDR-PR, Amauri Ferreira.<\/p>\n\n\n\n<p>No trabalho de prote\u00e7\u00e3o das fontes de \u00e1gua, a mata ciliar tamb\u00e9m \u00e9 recuperada com o plantio de mudar nativas em uma base de 30 metros das margens dos rios. A meta do programa \u00e9 proteger 30 mil nascentes at\u00e9 2026.<\/p>\n\n\n\n<p><strong>FISCALIZA\u00c7\u00c3O&nbsp;<\/strong>\u2013 Em paralelo \u00e0s medidas de recomposi\u00e7\u00e3o de mata, conscientiza\u00e7\u00e3o e educa\u00e7\u00e3o ambiental, o Estado tamb\u00e9m vem atuando com rigor na fiscaliza\u00e7\u00e3o contra o desmatamento ilegal.<\/p>\n\n\n\n<p>Segundo o IAT, desde 2019 foram aplicados R$ 468,3 milh\u00f5es em multas por danos ambientais em decorr\u00eancia de desmatamento, com mais de 18 mil Autos de Infra\u00e7\u00e3o Ambiental (AIA) emitidos.<\/p>\n\n\n\n<p>Com o fortalecimento das a\u00e7\u00f5es, al\u00e9m do crescimento de cobertura de mata ciliar, o Estado registrou um aumentou significativo de vegeta\u00e7\u00e3o natural como um todo nos \u00faltimos anos, saltando de 54.932 quil\u00f4metros quadrados em 2017 para 55.030 quil\u00f4metros quadrados em 2022. A diferen\u00e7a, de 98 quil\u00f4metros quadrados, equivale a uma \u00e1rea de 9,8 mil campos de futebol.<\/p>\n\n\n\n<p><strong>A\u00c7\u00c3O INTEGRADA&nbsp;<\/strong>\u2013 O trabalho do Governo do Estado conta, ainda, com uma s\u00e9rie de a\u00e7\u00f5es integradas que complementam as medidas sustent\u00e1veis que s\u00e3o realizadas no Paran\u00e1 ao longo dos \u00faltimos anos.<\/p>\n\n\n\n<p>A Sanepar, por exemplo, est\u00e1 investimento cerca de R$ 4,4 milh\u00f5es em a\u00e7\u00f5es ambientais, como o plantio de 138 mil mudas de \u00e1rvores em 250 hectares no entorno das barragens Piraquara II e Ira\u00ed, na Regi\u00e3o Metropolitana de Curitiba.<\/p>\n\n\n\n<p>As a\u00e7\u00f5es est\u00e3o divididas em tr\u00eas frentes. No entorno do Piraquara II, ser\u00e3o plantadas 133 mil \u00e1rvores em \u00e1reas de preserva\u00e7\u00e3o permanente. Na \u00e1rea do reservat\u00f3rio do Ira\u00ed, s\u00e3o outras 5 mil \u00e1rvores. O plantio visa conter a eros\u00e3o e melhorar a qualidade da \u00e1gua dos reservat\u00f3rios.<\/p>\n\n\n\n<p>A Copel, por sua vez, j\u00e1 chegou \u00e0 marca de 25 mil hectares de florestas preservadas, que incluem \u00e1reas de preserva\u00e7\u00e3o ao redor de reservat\u00f3rios das usinas hidrel\u00e9tricas, terrenos na Serra do Mar do Paran\u00e1 e Unidades de Conserva\u00e7\u00e3o Ambiental. Ao todo, a companhia controla mais de 2 mil quil\u00f4metros de per\u00edmetro de bordas de reservat\u00f3rios.<\/p>\n\n\n\n<p><strong>RIO IGUA\u00c7U&nbsp;<\/strong>\u2013 Em outra frente, fruto de um acordo entre o Governo do Estado e os Minist\u00e9rios P\u00fablicos Estadual e Federal, recursos da indeniza\u00e7\u00e3o paga pela Petrobras em virtude do acidente ambiental causado pela empresa no Rio Igua\u00e7u, em Arauc\u00e1ria, na Regi\u00e3o Metropolitana de Curitiba, em 2000, ser\u00e3o usados para projetos ambientais.<\/p>\n\n\n\n<p>Do valor de R$ 1,2 bilh\u00e3o depositado em ju\u00edzo pela Petrobras, pelo menos 5% devem ser usados em programas que beneficiem a bacia hidrogr\u00e1fica do Alto Igua\u00e7u, que envolve \u00e1reas nos munic\u00edpios de Curitiba, Fazenda Rio Grande, Pinhais, Piraquara e S\u00e3o Jos\u00e9 dos Pinhais.<\/p>\n\n\n\n<p>Os recursos servem como compensa\u00e7\u00e3o financeira aos danos causados pelo vazamento de cerca de 4 milh\u00f5es de litros de petr\u00f3leo de uma v\u00e1lvula do oleoduto que transportava o combust\u00edvel f\u00f3ssil do porto de S\u00e3o Francisco, em Santa Catarina, at\u00e9 a Refinaria Presidente Get\u00falio Vargas, em Arauc\u00e1ria. Al\u00e9m dos valores financeiros, a Petrobras se comprometeu a remediar os danos causados e tomar medidas para evitar novos desastres ambientais.<\/p>\n\n\n\n<p>AEN<\/p>\n","protected":false},"excerpt":{"rendered":"<p>O Paran\u00e1 conseguiu ampliar a cobertura de matas ciliares em 12% nos \u00faltimos anos. O Estado passou de 1,25 milh\u00e3o de hectares de cobertura florestal nestas \u00e1reas em 2008 para 1,41 milh\u00e3o de hectares em 2021, de acordo com&nbsp; levantamento feito pelo Instituto \u00c1gua e Terra (IAT) com base nos dados do MapBiomas. Desde 2019, [&hellip;]<\/p>\n","protected":false},"author":2,"featured_media":59880,"comment_status":"open","ping_status":"open","sticky":false,"template":"","format":"standard","meta":{"advanced_seo_description":"","jetpack_seo_html_title":"","jetpack_seo_noindex":false,"_jetpack_memberships_contains_paid_content":false,"footnotes":""},"categories":[40],"tags":[],"class_list":{"0":"post-59879","1":"post","2":"type-post","3":"status-publish","4":"format-standard","5":"has-post-thumbnail","7":"category-destaques"},"jetpack_featured_media_url":"https:\/\/www.paranapraia.com.br\/wp-content\/uploads\/2024\/07\/capanemariosilvajardim_135-scaled.jpg","jetpack_sharing_enabled":true,"_links":{"self":[{"href":"https:\/\/www.paranapraia.com.br\/index.php\/wp-json\/wp\/v2\/posts\/59879"}],"collection":[{"href":"https:\/\/www.paranapraia.com.br\/index.php\/wp-json\/wp\/v2\/posts"}],"about":[{"href":"https:\/\/www.paranapraia.com.br\/index.php\/wp-json\/wp\/v2\/types\/post"}],"author":[{"embeddable":true,"href":"https:\/\/www.paranapraia.com.br\/index.php\/wp-json\/wp\/v2\/users\/2"}],"replies":[{"embeddable":true,"href":"https:\/\/www.paranapraia.com.br\/index.php\/wp-json\/wp\/v2\/comments?post=59879"}],"version-history":[{"count":1,"href":"https:\/\/www.paranapraia.com.br\/index.php\/wp-json\/wp\/v2\/posts\/59879\/revisions"}],"predecessor-version":[{"id":59881,"href":"https:\/\/www.paranapraia.com.br\/index.php\/wp-json\/wp\/v2\/posts\/59879\/revisions\/59881"}],"wp:featuredmedia":[{"embeddable":true,"href":"https:\/\/www.paranapraia.com.br\/index.php\/wp-json\/wp\/v2\/media\/59880"}],"wp:attachment":[{"href":"https:\/\/www.paranapraia.com.br\/index.php\/wp-json\/wp\/v2\/media?parent=59879"}],"wp:term":[{"taxonomy":"category","embeddable":true,"href":"https:\/\/www.paranapraia.com.br\/index.php\/wp-json\/wp\/v2\/categories?post=59879"},{"taxonomy":"post_tag","embeddable":true,"href":"https:\/\/www.paranapraia.com.br\/index.php\/wp-json\/wp\/v2\/tags?post=59879"}],"curies":[{"name":"wp","href":"https:\/\/api.w.org\/{rel}","templated":true}]}}