{"id":59876,"date":"2024-07-19T10:53:08","date_gmt":"2024-07-19T13:53:08","guid":{"rendered":"https:\/\/www.paranapraia.com.br\/?p=59876"},"modified":"2024-07-19T10:53:10","modified_gmt":"2024-07-19T13:53:10","slug":"uem-abre-concurso-com-82-vagas-para-docentes-efetivos-salarios-vao-ate-r-165-mil","status":"publish","type":"post","link":"https:\/\/www.paranapraia.com.br\/index.php\/2024\/07\/19\/uem-abre-concurso-com-82-vagas-para-docentes-efetivos-salarios-vao-ate-r-165-mil\/","title":{"rendered":"UEM abre concurso com 82 vagas para docentes efetivos; sal\u00e1rios v\u00e3o at\u00e9 R$ 16,5 mil"},"content":{"rendered":"\n<p>A&nbsp;<strong><a href=\"https:\/\/www.uem.br\/\" target=\"_blank\" rel=\"noreferrer noopener\">Universidade Estadual de Maring\u00e1 (UEM)<\/a><\/strong>, por meio da Pr\u00f3-Reitoria de Recursos Humanos e Assuntos Comunit\u00e1rios (PRH), abriu concurso p\u00fablico para preencher 82 vagas de professores para o quadro de servidores da institui\u00e7\u00e3o. As inscri\u00e7\u00f5es come\u00e7am no dia 16 de agosto e prosseguem at\u00e9 13 de setembro. As remunera\u00e7\u00f5es variam de R$ 3.982,70 a R$ 16.565,27, dependendo da classe (assistente ou adjunto) e do regime de carga hor\u00e1ria (integral com dedica\u00e7\u00e3o exclusiva ou parcial).<\/p>\n\n\n\n<p>As oportunidades de cargo efetivo abrangem 77 \u00e1reas de conhecimento de todos os centros de ensino da institui\u00e7\u00e3o. O Centro de Ci\u00eancias Agr\u00e1rias (CCA) est\u00e1 ofertando 13 vagas; o de Ci\u00eancias Biol\u00f3gicas (CCB), quatro; os de Ci\u00eancias Exatas (CCE) e de Humanas, Letras e Artes (CCH), nove cada; o da Sa\u00fade (CCS), 21; o de Sociais Aplicadas (CSA), duas; e o de Tecnologia (CTC), 24.&nbsp;<\/p>\n\n\n\n<p>O pr\u00f3-reitor da PRH, Jos\u00e9 Maria de Oliveira Marques, destaca a import\u00e2ncia da abertura do&nbsp;<strong><a href=\"https:\/\/res.uem.br\/concurso-publico-docente-novo\/edital-no-252-2024-prh-concurso-publico-para-professor-efetivo\" target=\"_blank\" rel=\"noreferrer noopener\">edital<\/a><\/strong>&nbsp;para a comunidade universit\u00e1ria e relembra que, pelo segundo ano consecutivo, a UEM lan\u00e7a um concurso p\u00fablico para contratar mais professores efetivos.<\/p>\n\n\n\n<p>\u201cEm 2023 foi aberto um concurso para contratar 152 professores efetivos. Este ano, estamos abrindo mais 82 vagas. Antes de 2023, a contrata\u00e7\u00e3o de docentes efetivos era uma reivindica\u00e7\u00e3o de sete anos, pois o \u00faltimo concurso p\u00fablico havia sido realizado em 2016, com poucos nomeados\u201d, disse. \u201cEntendemos que a contrata\u00e7\u00e3o de professores efetivos \u00e9 essencial para manter a qualidade do ensino j\u00e1 consolidada da UEM, que \u00e9 uma das melhores universidades p\u00fablicas do Brasil, al\u00e9m de trazer maior seguran\u00e7a aos novos contratados\u201d.<\/p>\n\n\n\n<p>De acordo&nbsp;<strong><a href=\"https:\/\/res.uem.br\/concurso-publico-docente-novo\/edital-no-252-2024-prh-concurso-publico-para-professor-efetivo\" target=\"_blank\" rel=\"noreferrer noopener\">com o edital<\/a><\/strong>, ser\u00e3o reservadas 13 vagas para pessoas com defici\u00eancia (PcD), sendo cinco referentes \u00e0 reserva de 5% do total das vagas ofertadas neste edital e oito \u00e0 compensa\u00e7\u00e3o da mesma reserva nos concursos p\u00fablicos para docente lan\u00e7ados em 2023, que n\u00e3o foram providas no sorteio realizado em abril de 2024. Aos candidatos afrodescendentes (pretos ou pardos) ser\u00e3o reservadas 22 vagas, sendo oito relacionadas \u00e0 reserva de 10% do total de vagas neste edital e 14 vagas de reserva tamb\u00e9m n\u00e3o providas em abril de 2024.&nbsp;<\/p>\n\n\n\n<p>O n\u00famero de vagas reservadas para PcD e para afrodescendentes ser\u00e1 distribu\u00eddo entre as \u00e1reas de conhecimento especificadas no edital, por meio de sorteio no dia 30 de julho, \u00e0s 9h, presencialmente no N\u00facleo de Educa\u00e7\u00e3o a Dist\u00e2ncia (Nead) e transmitido ao vivo na p\u00e1gina do N\u00facleo no&nbsp;<strong><a href=\"https:\/\/www.youtube.com\/live\/PHNVtfv7TAY\" target=\"_blank\" rel=\"noreferrer noopener\">YouTube<\/a><\/strong>.&nbsp;<\/p>\n\n\n\n<p>O pagamento da taxa de inscri\u00e7\u00e3o, no valor de R$ 483,56, deve ser efetuado at\u00e9 16 de setembro de 2024 em qualquer ag\u00eancia do Banco do Brasil ou pagamento via pix. De acordo com o edital, embora o pagamento da taxa de inscri\u00e7\u00e3o possa ser feito at\u00e9 tr\u00eas dias ap\u00f3s o t\u00e9rmino das inscri\u00e7\u00f5es, o boleto banc\u00e1rio, gerado no momento da inscri\u00e7\u00e3o, fica dispon\u00edvel para download ou impress\u00e3o apenas at\u00e9 o \u00faltimo dia de inscri\u00e7\u00e3o (13 de setembro).<\/p>\n\n\n\n<p>A homologa\u00e7\u00e3o das inscri\u00e7\u00f5es da primeira etapa ser\u00e1 divulgada por meio de edital no dia 20 de setembro e as provas devem ser realizadas at\u00e9 o dia 30 de novembro, prazo que pode ser prorrogado por 30 dias, caso haja necessidade. Cada departamento ir\u00e1 estabelecer a data, o hor\u00e1rio e o local da prova escrita, por meio de edital a ser publicado com anteced\u00eancia m\u00ednima de 15 dias corridos antes da data. O resultado final do concurso ser\u00e1 publicado no dia 13 de dezembro.<\/p>\n\n\n\n<p>AEN<\/p>\n","protected":false},"excerpt":{"rendered":"<p>A&nbsp;Universidade Estadual de Maring\u00e1 (UEM), por meio da Pr\u00f3-Reitoria de Recursos Humanos e Assuntos Comunit\u00e1rios (PRH), abriu concurso p\u00fablico para preencher 82 vagas de professores para o quadro de servidores da institui\u00e7\u00e3o. As inscri\u00e7\u00f5es come\u00e7am no dia 16 de agosto e prosseguem at\u00e9 13 de setembro. As remunera\u00e7\u00f5es variam de R$ 3.982,70 a R$ 16.565,27, [&hellip;]<\/p>\n","protected":false},"author":2,"featured_media":59877,"comment_status":"open","ping_status":"open","sticky":false,"template":"","format":"standard","meta":{"advanced_seo_description":"","jetpack_seo_html_title":"","jetpack_seo_noindex":false,"_jetpack_memberships_contains_paid_content":false,"footnotes":""},"categories":[72],"tags":[],"class_list":{"0":"post-59876","1":"post","2":"type-post","3":"status-publish","4":"format-standard","5":"has-post-thumbnail","7":"category-educacao"},"jetpack_featured_media_url":"https:\/\/www.paranapraia.com.br\/wp-content\/uploads\/2024\/07\/sala_aula_uem_foto_roberto_dziura_jr-aen_1-scaled.jpg","jetpack_sharing_enabled":true,"_links":{"self":[{"href":"https:\/\/www.paranapraia.com.br\/index.php\/wp-json\/wp\/v2\/posts\/59876"}],"collection":[{"href":"https:\/\/www.paranapraia.com.br\/index.php\/wp-json\/wp\/v2\/posts"}],"about":[{"href":"https:\/\/www.paranapraia.com.br\/index.php\/wp-json\/wp\/v2\/types\/post"}],"author":[{"embeddable":true,"href":"https:\/\/www.paranapraia.com.br\/index.php\/wp-json\/wp\/v2\/users\/2"}],"replies":[{"embeddable":true,"href":"https:\/\/www.paranapraia.com.br\/index.php\/wp-json\/wp\/v2\/comments?post=59876"}],"version-history":[{"count":1,"href":"https:\/\/www.paranapraia.com.br\/index.php\/wp-json\/wp\/v2\/posts\/59876\/revisions"}],"predecessor-version":[{"id":59878,"href":"https:\/\/www.paranapraia.com.br\/index.php\/wp-json\/wp\/v2\/posts\/59876\/revisions\/59878"}],"wp:featuredmedia":[{"embeddable":true,"href":"https:\/\/www.paranapraia.com.br\/index.php\/wp-json\/wp\/v2\/media\/59877"}],"wp:attachment":[{"href":"https:\/\/www.paranapraia.com.br\/index.php\/wp-json\/wp\/v2\/media?parent=59876"}],"wp:term":[{"taxonomy":"category","embeddable":true,"href":"https:\/\/www.paranapraia.com.br\/index.php\/wp-json\/wp\/v2\/categories?post=59876"},{"taxonomy":"post_tag","embeddable":true,"href":"https:\/\/www.paranapraia.com.br\/index.php\/wp-json\/wp\/v2\/tags?post=59876"}],"curies":[{"name":"wp","href":"https:\/\/api.w.org\/{rel}","templated":true}]}}