{"id":59870,"date":"2024-07-19T09:43:44","date_gmt":"2024-07-19T12:43:44","guid":{"rendered":"https:\/\/www.paranapraia.com.br\/?p=59870"},"modified":"2024-07-19T09:43:46","modified_gmt":"2024-07-19T12:43:46","slug":"favretto-promove-nova-exposicao-no-projeto-galeria-do-artista","status":"publish","type":"post","link":"https:\/\/www.paranapraia.com.br\/index.php\/2024\/07\/19\/favretto-promove-nova-exposicao-no-projeto-galeria-do-artista\/","title":{"rendered":"Favretto promove nova exposi\u00e7\u00e3o no projeto Galeria do Artista"},"content":{"rendered":"\n<p><em>O espa\u00e7o inaugurado em maio deste ano, recebe a sua segunda exposi\u00e7\u00e3o com artistas locais<\/em><\/p>\n\n\n\n<p>Neste s\u00e1bado, dia 20, a Favretto M\u00eddia Exterior promove uma nova exposi\u00e7\u00e3o na Galeria do Artista. O evento acontece das 10h \u00e0s 16h e contar\u00e1 com esculturas e telas dos artistas curitibanos: Fern\u00e3o Accioly, Felipe Tosin e Wilson Isfer Filho. O projeto faz parte da iniciativa de gentilezas urbanas, promovidas pela Favretto, como forma de contribuir com as paisagens urbanas de Curitiba e instaurar espa\u00e7os de uso comum para a popula\u00e7\u00e3o ao redor.<\/p>\n\n\n\n<p>Com a curadoria de Fern\u00e3o Accioly R. da Costa Filho, artista pl\u00e1stico curitibano, que tamb\u00e9m estar\u00e1 expondo suas obras, a Galeria do Artista valoriza nomes curitibanos da arte contempor\u00e2nea. Fern\u00e3o conta que busca promover a uni\u00e3o entre artistas e levar a arte para a rua de forma democr\u00e1tica, reunindo pessoas para apreciar, tirar fotos e compartilhar as suas experi\u00eancias, promovendo intera\u00e7\u00e3o e fortalecendo os la\u00e7os da comunidade. \u201cTemos trabalhos incr\u00edveis de artistas locais que merecem visibilidade, este espa\u00e7o \u00e9 um presente para os profissionais que est\u00e3o expondo conosco\u201d, afirma o curador.<\/p>\n\n\n\n<p>A Galeria do Artista \u00e9 um espa\u00e7o de 415m\u00b2 de arte contempor\u00e2nea, que proporciona uma experi\u00eancia visual para os frequentadores da regi\u00e3o. Com um design inovador e elementos como balan\u00e7os suspensos, ilumina\u00e7\u00e3o, esculturas e quadros, a Galeria do Artista \u00e9 uma interven\u00e7\u00e3o cultural na paisagem urbana do bairro Port\u00e3o, em Curitiba. Al\u00e9m disso, o espa\u00e7o tamb\u00e9m incorpora elementos sustent\u00e1veis, como bancos, mesas e lixeiras provenientes do sistema de log\u00edstica reversa do SELO BIOOH, demonstrando o compromisso da empresa com a responsabilidade ambiental.<\/p>\n\n\n\n<p>De acordo com a diretora da Favretto, Janete Favretto, a nova exposi\u00e7\u00e3o refor\u00e7a o apoio aos artistas locais, assim como a responsabilidade da empresa com a comunidade. \u201cAo construirmos a Galeria, nos comprometemos em trazer novidades e trabalhos que encantam quem passa pelo local. Estamos muito felizes em anunciar a segunda exposi\u00e7\u00e3o e queremos convidar a todos para estarem conosco nesse dia\u201d, finaliza. A Galeria do Artista est\u00e1 localizada na Rua Guilherme Pugsley (via r\u00e1pida do Port\u00e3o), ap\u00f3s a trincheira da Av. Pres. Kennedy, sentido Centro e estar\u00e1 aberta ao p\u00fablico de forma permanente.<\/p>\n\n\n\n<p><strong>Sobre a Favretto M\u00eddia Exterior<\/strong><\/p>\n\n\n\n<p>No quintal de uma casa em Curitiba, h\u00e1 45 anos, nasceu a Favretto M\u00eddia Exterior. A hist\u00f3ria da empresa come\u00e7ou com a chegada da fam\u00edlia Favretto na capital paranaense na d\u00e9cada de 1970. A empresa nasce em 1977 e j\u00e1 no primeiro ano de atua\u00e7\u00e3o obt\u00e9m resultados grandiosos. Em mais de 45 anos no mercado, a empresa se reformula a cada ano para proporcionar o que h\u00e1 de mais moderno no mercado para seus clientes. Atualmente, com mais de 2 mil pontos de visualiza\u00e7\u00f5es, a Favretto \u00e9 refer\u00eancia em comunica\u00e7\u00e3o visual, sempre procurando a excel\u00eancia do mercado.<\/p>\n\n\n\n<p>Assessoria<\/p>\n","protected":false},"excerpt":{"rendered":"<p>O espa\u00e7o inaugurado em maio deste ano, recebe a sua segunda exposi\u00e7\u00e3o com artistas locais Neste s\u00e1bado, dia 20, a Favretto M\u00eddia Exterior promove uma nova exposi\u00e7\u00e3o na Galeria do Artista. O evento acontece das 10h \u00e0s 16h e contar\u00e1 com esculturas e telas dos artistas curitibanos: Fern\u00e3o Accioly, Felipe Tosin e Wilson Isfer Filho. [&hellip;]<\/p>\n","protected":false},"author":2,"featured_media":59871,"comment_status":"open","ping_status":"open","sticky":false,"template":"","format":"standard","meta":{"advanced_seo_description":"","jetpack_seo_html_title":"","jetpack_seo_noindex":false,"_jetpack_memberships_contains_paid_content":false,"footnotes":""},"categories":[78,40],"tags":[],"class_list":{"0":"post-59870","1":"post","2":"type-post","3":"status-publish","4":"format-standard","5":"has-post-thumbnail","7":"category-cultura","8":"category-destaques"},"jetpack_featured_media_url":"https:\/\/www.paranapraia.com.br\/wp-content\/uploads\/2024\/07\/IMG-1334-scaled.jpg","jetpack_sharing_enabled":true,"_links":{"self":[{"href":"https:\/\/www.paranapraia.com.br\/index.php\/wp-json\/wp\/v2\/posts\/59870"}],"collection":[{"href":"https:\/\/www.paranapraia.com.br\/index.php\/wp-json\/wp\/v2\/posts"}],"about":[{"href":"https:\/\/www.paranapraia.com.br\/index.php\/wp-json\/wp\/v2\/types\/post"}],"author":[{"embeddable":true,"href":"https:\/\/www.paranapraia.com.br\/index.php\/wp-json\/wp\/v2\/users\/2"}],"replies":[{"embeddable":true,"href":"https:\/\/www.paranapraia.com.br\/index.php\/wp-json\/wp\/v2\/comments?post=59870"}],"version-history":[{"count":1,"href":"https:\/\/www.paranapraia.com.br\/index.php\/wp-json\/wp\/v2\/posts\/59870\/revisions"}],"predecessor-version":[{"id":59872,"href":"https:\/\/www.paranapraia.com.br\/index.php\/wp-json\/wp\/v2\/posts\/59870\/revisions\/59872"}],"wp:featuredmedia":[{"embeddable":true,"href":"https:\/\/www.paranapraia.com.br\/index.php\/wp-json\/wp\/v2\/media\/59871"}],"wp:attachment":[{"href":"https:\/\/www.paranapraia.com.br\/index.php\/wp-json\/wp\/v2\/media?parent=59870"}],"wp:term":[{"taxonomy":"category","embeddable":true,"href":"https:\/\/www.paranapraia.com.br\/index.php\/wp-json\/wp\/v2\/categories?post=59870"},{"taxonomy":"post_tag","embeddable":true,"href":"https:\/\/www.paranapraia.com.br\/index.php\/wp-json\/wp\/v2\/tags?post=59870"}],"curies":[{"name":"wp","href":"https:\/\/api.w.org\/{rel}","templated":true}]}}