{"id":59863,"date":"2024-07-18T16:24:43","date_gmt":"2024-07-18T19:24:43","guid":{"rendered":"https:\/\/www.paranapraia.com.br\/?p=59863"},"modified":"2024-07-18T16:24:44","modified_gmt":"2024-07-18T19:24:44","slug":"pcpr-e-gm-prendem-homem-por-falta-de-pensao-alimenticia-na-ilha-do-mel","status":"publish","type":"post","link":"https:\/\/www.paranapraia.com.br\/index.php\/2024\/07\/18\/pcpr-e-gm-prendem-homem-por-falta-de-pensao-alimenticia-na-ilha-do-mel\/","title":{"rendered":"PCPR e GM prendem homem por falta de pens\u00e3o aliment\u00edcia na Ilha do Mel"},"content":{"rendered":"\n<p>A Pol\u00edcia Civil do Paran\u00e1 (PCPR), em conjunto com a Patrulha Mar\u00edtima da Guarda Municipal (GM), prendeu um homem, de 49 anos, por falta de pagamento de pens\u00e3o aliment\u00edcia. A captura aconteceu na sexta-feira (28), na Ilha do Mel, no Litoral do Estado. &nbsp;<\/p>\n\n\n\n<p>O homem contabilizava uma d\u00edvida que ultrapassava R$ 35 mil. A decis\u00e3o judicial foi determinada pela Vara de Fam\u00edlia e Sucess\u00f5es de Paranagu\u00e1. &nbsp;<\/p>\n\n\n\n<p>Ap\u00f3s dilig\u00eancias investigativas, o indiv\u00edduo foi localizado e a ordem judicial cumprida. &nbsp;<\/p>\n\n\n\n<p>A falta de pagamento de pens\u00e3o aliment\u00edcia \u00e9 o \u00fanico caso de pris\u00e3o por d\u00edvida existente no Direito Brasileiro.&nbsp;<\/p>\n\n\n\n<p>DEN\u00daNCIAS &#8211; A PCPR solicita a colabora\u00e7\u00e3o da popula\u00e7\u00e3o com informa\u00e7\u00f5es que auxiliem na localiza\u00e7\u00e3o de foragidos. As den\u00fancias podem ser repassadas de forma an\u00f4nima, pelos n\u00fameros 197, da PCPR ou 181, do Disque-Den\u00fancia.\u00a0<\/p>\n\n\n\n<p>AEN<\/p>\n","protected":false},"excerpt":{"rendered":"<p>A Pol\u00edcia Civil do Paran\u00e1 (PCPR), em conjunto com a Patrulha Mar\u00edtima da Guarda Municipal (GM), prendeu um homem, de 49 anos, por falta de pagamento de pens\u00e3o aliment\u00edcia. A captura aconteceu na sexta-feira (28), na Ilha do Mel, no Litoral do Estado. &nbsp; O homem contabilizava uma d\u00edvida que ultrapassava R$ 35 mil. A [&hellip;]<\/p>\n","protected":false},"author":2,"featured_media":59864,"comment_status":"open","ping_status":"open","sticky":false,"template":"","format":"standard","meta":{"advanced_seo_description":"","jetpack_seo_html_title":"","jetpack_seo_noindex":false,"_jetpack_memberships_contains_paid_content":false,"footnotes":""},"categories":[33],"tags":[],"class_list":{"0":"post-59863","1":"post","2":"type-post","3":"status-publish","4":"format-standard","5":"has-post-thumbnail","7":"category-policia"},"jetpack_featured_media_url":"https:\/\/www.paranapraia.com.br\/wp-content\/uploads\/2024\/07\/dsc_8673-scaled.jpg","jetpack_sharing_enabled":true,"_links":{"self":[{"href":"https:\/\/www.paranapraia.com.br\/index.php\/wp-json\/wp\/v2\/posts\/59863"}],"collection":[{"href":"https:\/\/www.paranapraia.com.br\/index.php\/wp-json\/wp\/v2\/posts"}],"about":[{"href":"https:\/\/www.paranapraia.com.br\/index.php\/wp-json\/wp\/v2\/types\/post"}],"author":[{"embeddable":true,"href":"https:\/\/www.paranapraia.com.br\/index.php\/wp-json\/wp\/v2\/users\/2"}],"replies":[{"embeddable":true,"href":"https:\/\/www.paranapraia.com.br\/index.php\/wp-json\/wp\/v2\/comments?post=59863"}],"version-history":[{"count":1,"href":"https:\/\/www.paranapraia.com.br\/index.php\/wp-json\/wp\/v2\/posts\/59863\/revisions"}],"predecessor-version":[{"id":59865,"href":"https:\/\/www.paranapraia.com.br\/index.php\/wp-json\/wp\/v2\/posts\/59863\/revisions\/59865"}],"wp:featuredmedia":[{"embeddable":true,"href":"https:\/\/www.paranapraia.com.br\/index.php\/wp-json\/wp\/v2\/media\/59864"}],"wp:attachment":[{"href":"https:\/\/www.paranapraia.com.br\/index.php\/wp-json\/wp\/v2\/media?parent=59863"}],"wp:term":[{"taxonomy":"category","embeddable":true,"href":"https:\/\/www.paranapraia.com.br\/index.php\/wp-json\/wp\/v2\/categories?post=59863"},{"taxonomy":"post_tag","embeddable":true,"href":"https:\/\/www.paranapraia.com.br\/index.php\/wp-json\/wp\/v2\/tags?post=59863"}],"curies":[{"name":"wp","href":"https:\/\/api.w.org\/{rel}","templated":true}]}}