{"id":59544,"date":"2024-07-02T16:02:02","date_gmt":"2024-07-02T19:02:02","guid":{"rendered":"https:\/\/www.paranapraia.com.br\/?p=59544"},"modified":"2024-07-02T16:02:04","modified_gmt":"2024-07-02T19:02:04","slug":"governo-libera-r-25-milhoes-para-construir-espacos-de-assistencia-social-em-21-cidades","status":"publish","type":"post","link":"https:\/\/www.paranapraia.com.br\/index.php\/2024\/07\/02\/governo-libera-r-25-milhoes-para-construir-espacos-de-assistencia-social-em-21-cidades\/","title":{"rendered":"Governo libera R$ 25 milh\u00f5es para construir espa\u00e7os de assist\u00eancia social em 21 cidades"},"content":{"rendered":"\n<p>O Governo do Paran\u00e1, por meio da Secretaria do Desenvolvimento Social e Fam\u00edlia (Sedef), confirmou nesta ter\u00e7a-feira (02) o repasse de recursos para a constru\u00e7\u00e3o de 17 Centros de Refer\u00eancia em Assist\u00eancia Social (Cras) e quatro Centros de Refer\u00eancia Especializados de Assist\u00eancia Social (Creas) em 21 munic\u00edpios. Os novos espa\u00e7os recebem investimento de R$ 25 milh\u00f5es do Governo do Estado, por meio da Sedef e do Conselho Estadual de Assist\u00eancia Social, e t\u00eam como objetivo garantir o acesso da popula\u00e7\u00e3o aos servi\u00e7os socioassistenciais.<\/p>\n\n\n\n<p>Nos Cras s\u00e3o ofertadas a\u00e7\u00f5es de preven\u00e7\u00e3o a situa\u00e7\u00f5es de risco, como a busca de fortalecimento de v\u00ednculos familiares e comunit\u00e1rios. J\u00e1 os Creas oferecem apoio especializado para indiv\u00edduos e fam\u00edlias que vivenciam viola\u00e7\u00f5es de direitos. Os munic\u00edpios recebem os recursos e ficam respons\u00e1vel pelas obras de constru\u00e7\u00e3o.<\/p>\n\n\n\n<p>Para o secret\u00e1rio do Desenvolvimento Social e Fam\u00edlia, Rog\u00e9rio Carboni, o fortalecimento da pol\u00edtica da assist\u00eancia social \u00e9 essencial para a constru\u00e7\u00e3o de um Estado mais igualit\u00e1rio e promissor. \u201cPrecisamos parar de vincular a assist\u00eancia social com as vulnerabilidades ligadas apenas \u00e0 renda, \u00e0 pobreza. Precisamos mostrar que o desenvolvimento das cidades passam pela assist\u00eancia social . Atrav\u00e9s dos servi\u00e7os desta \u00e1rea, como o fortalecimento de v\u00ednculos, o acolhimento familiar, prote\u00e7\u00e3o e aten\u00e7\u00e3o \u00e0 fam\u00edlia, e tantos outros, \u00e9 que teremos uma sociedade cada vez mais justa, com um futuro ainda melhor\u201d, afirmou.<\/p>\n\n\n\n<p>As 21 novas unidades assistenciais ser\u00e3o constru\u00eddas em Reserva, Cambar\u00e1, Jundia\u00ed do Sul, Mau\u00e1 da Serra, Grandes Rios, Maril\u00e2ndia do Sul, Altamira do Paran\u00e1, Assa\u00ed, Itaperu\u00e7u, Pitanga, Guaratuba, Doutor Ulysses, Castro, Santa Tereza do Oeste, Porecatu, Primeiro de Maio, Imbituva, Bandeirantes, Le\u00f3polis, Santa Am\u00e9lia e Esperan\u00e7a Nova.<\/p>\n\n\n\n<p>Itaperu\u00e7u, na Regi\u00e3o Metropolitana de Curitiba, j\u00e1 possui um Cras em constru\u00e7\u00e3o desde 2023 e com o repasse de recursos passar\u00e1 a contar com um Creas. Para a secret\u00e1ria municipal da Assist\u00eancia Social, Rubiene Costa, os equipamentos atendem a uma parcela significativa de Itaperu\u00e7u.<\/p>\n\n\n\n<p>\u201cAtendemos no Cras 6.915 pessoas que est\u00e3o dentro do CAD\u00danico e, dessas, mais de mil em situa\u00e7\u00e3o de extrema vulnerabilidade. N\u00e3o conseguimos imaginar nosso munic\u00edpio sem um Cras, porque essas pessoas n\u00e3o teriam onde ser atendidas&#8221;, diz Rubiene. \u201cAgora teremos mais um refor\u00e7o com o Creas. Poderemos atender pessoas em situa\u00e7\u00f5es de viola\u00e7\u00e3o de direitos em um espa\u00e7o mais acolhedor. O valor que gastamos com o aluguel do espa\u00e7o que est\u00e1 instalado hoje, poderemos fazer mais atividades\u201d.<\/p>\n\n\n\n<p>As 21 cidades foram selecionadas a partir de indicadores sociais e com a prioridade estabelecida pela delibera\u00e7\u00e3o 12\/2024, do Conselho Estadual de Assist\u00eancia Social do Paran\u00e1 (Seas\/PR). Foram avaliados crit\u00e9rios como percentual do total da popula\u00e7\u00e3o do munic\u00edpio inscrita no Cadastro \u00danico para Programas Sociais (Cad\u00danico), do Governo Federal. Outro fator importante considerado no estudo foi que a classifica\u00e7\u00e3o se realizou a partir do porte populacional de cada munic\u00edpio, sendo este um crit\u00e9rio fundamentado no princ\u00edpio equidade.<\/p>\n\n\n\n<p><strong>N\u00daMEROS&nbsp;<\/strong>\u2013 Com esses 21 novos Cras e Creas, o Governo do Paran\u00e1 chega a 37 espa\u00e7os viabilizados em menos de um ano. Em 2023, foram anunciadas outras 16 unidades, no valor total de R$ 19,2 milh\u00f5es, cada com 206 metros cada, dentro do projeto padr\u00e3o da Secretaria estadual das Cidades. Atualmente, o Paran\u00e1 possui 580 Cras, presentes em todos os 399 munic\u00edpios, e 195 Creas em 174 munic\u00edpios.<\/p>\n\n\n\n<p>O prefeito de Guaratuba, Roberto Justus, destacou que no munic\u00edpio, funcionam dois Centros de Refer\u00eancia em Assist\u00eancia Social, que atendem em m\u00e9dia 8 mil pessoas. Para ele, o espa\u00e7o pr\u00f3prio \u00e9 fundamental. \u201cTemos uma estrutura adaptada no antigo f\u00f3rum, que n\u00e3o \u00e9 nada convidativa, n\u00e3o \u00e9 acolhedora da forma que precisa. Neste novo espa\u00e7o, poderemos bem receber as pessoas, transformar a vida delas que tanto precisam\u201d, ressaltou.<\/p>\n\n\n\n<p>Segundo a presidente do Conselho Estadual da Assist\u00eancia Social, Renata Mareziuzek, a parceria entre o Governo do Estado e o colegiado \u00e9 fundamental. \u201cN\u00e3o h\u00e1 como andarmos desunidos, j\u00e1 que nosso principal objetivo \u00e9 fortalecer a pol\u00edtica da assist\u00eancia social. Unidades como essas, que atendem diretamente a popula\u00e7\u00e3o, s\u00e3o essenciais para as a\u00e7\u00f5es exercidas pelos t\u00e9cnicos municipais no dia a dia, afinal, s\u00e3o eles que fazem com que pol\u00edtica chegue a quem mais precisa\u201d, finalizou.<\/p>\n\n\n\n<p><strong>PRESEN\u00c7AS\u00a0<\/strong>\u2013 Estiveram presentes no evento, os deputados estaduais Artag\u00e3o de Matos Le\u00e3o Junior e Luiz Claudio Romanelli, al\u00e9m de prefeitos, prefeitas, secret\u00e1rias e secret\u00e1rios de assist\u00eancia social dos 21 munic\u00edpios.<\/p>\n\n\n\n<p>AEN<\/p>\n","protected":false},"excerpt":{"rendered":"<p>O Governo do Paran\u00e1, por meio da Secretaria do Desenvolvimento Social e Fam\u00edlia (Sedef), confirmou nesta ter\u00e7a-feira (02) o repasse de recursos para a constru\u00e7\u00e3o de 17 Centros de Refer\u00eancia em Assist\u00eancia Social (Cras) e quatro Centros de Refer\u00eancia Especializados de Assist\u00eancia Social (Creas) em 21 munic\u00edpios. Os novos espa\u00e7os recebem investimento de R$ 25 [&hellip;]<\/p>\n","protected":false},"author":2,"featured_media":59545,"comment_status":"open","ping_status":"open","sticky":false,"template":"","format":"standard","meta":{"advanced_seo_description":"","jetpack_seo_html_title":"","jetpack_seo_noindex":false,"_jetpack_memberships_contains_paid_content":false,"footnotes":""},"categories":[40],"tags":[],"class_list":{"0":"post-59544","1":"post","2":"type-post","3":"status-publish","4":"format-standard","5":"has-post-thumbnail","7":"category-destaques"},"jetpack_featured_media_url":"https:\/\/www.paranapraia.com.br\/wp-content\/uploads\/2024\/07\/cras_e_creas_011-scaled.jpg","jetpack_sharing_enabled":true,"_links":{"self":[{"href":"https:\/\/www.paranapraia.com.br\/index.php\/wp-json\/wp\/v2\/posts\/59544"}],"collection":[{"href":"https:\/\/www.paranapraia.com.br\/index.php\/wp-json\/wp\/v2\/posts"}],"about":[{"href":"https:\/\/www.paranapraia.com.br\/index.php\/wp-json\/wp\/v2\/types\/post"}],"author":[{"embeddable":true,"href":"https:\/\/www.paranapraia.com.br\/index.php\/wp-json\/wp\/v2\/users\/2"}],"replies":[{"embeddable":true,"href":"https:\/\/www.paranapraia.com.br\/index.php\/wp-json\/wp\/v2\/comments?post=59544"}],"version-history":[{"count":1,"href":"https:\/\/www.paranapraia.com.br\/index.php\/wp-json\/wp\/v2\/posts\/59544\/revisions"}],"predecessor-version":[{"id":59546,"href":"https:\/\/www.paranapraia.com.br\/index.php\/wp-json\/wp\/v2\/posts\/59544\/revisions\/59546"}],"wp:featuredmedia":[{"embeddable":true,"href":"https:\/\/www.paranapraia.com.br\/index.php\/wp-json\/wp\/v2\/media\/59545"}],"wp:attachment":[{"href":"https:\/\/www.paranapraia.com.br\/index.php\/wp-json\/wp\/v2\/media?parent=59544"}],"wp:term":[{"taxonomy":"category","embeddable":true,"href":"https:\/\/www.paranapraia.com.br\/index.php\/wp-json\/wp\/v2\/categories?post=59544"},{"taxonomy":"post_tag","embeddable":true,"href":"https:\/\/www.paranapraia.com.br\/index.php\/wp-json\/wp\/v2\/tags?post=59544"}],"curies":[{"name":"wp","href":"https:\/\/api.w.org\/{rel}","templated":true}]}}