{"id":59518,"date":"2024-07-02T14:46:33","date_gmt":"2024-07-02T17:46:33","guid":{"rendered":"https:\/\/www.paranapraia.com.br\/?p=59518"},"modified":"2024-07-02T14:46:35","modified_gmt":"2024-07-02T17:46:35","slug":"parana-abre-233-novas-vagas-para-mais-medicos-profissionais-devem-se-inscrever-ate-sabado","status":"publish","type":"post","link":"https:\/\/www.paranapraia.com.br\/index.php\/2024\/07\/02\/parana-abre-233-novas-vagas-para-mais-medicos-profissionais-devem-se-inscrever-ate-sabado\/","title":{"rendered":"Paran\u00e1 abre 233 novas vagas para Mais M\u00e9dicos; profissionais devem se inscrever at\u00e9 s\u00e1bado"},"content":{"rendered":"\n<p>A Secretaria de Estado da Sa\u00fade (Sesa) anunciou nesta ter\u00e7a-feira (2) a abertura de 233 vagas ofertadas pelo Minist\u00e9rio da Sa\u00fade para o Programa Mais M\u00e9dicos.&nbsp;O&nbsp;novo edital,&nbsp;que d\u00e1 in\u00edcio ao 38\u00ba ciclo do programa, prev\u00ea vagas em 133 munic\u00edpios paranaenses. As inscri\u00e7\u00f5es v\u00e3o at\u00e9 as 18h deste s\u00e1bado (6) e podem ser feitas&nbsp;<strong><a href=\"https:\/\/maismedicos.saude.gov.br\/\" target=\"_blank\" rel=\"noreferrer noopener\">AQUI<\/a><\/strong>.<\/p>\n\n\n\n<p>Para aderir ao programa, o m\u00e9dico dever\u00e1 ser formado em uma universidade brasileira, ou possuir diploma revalidado no Brasil, registrado no Conselho Regional de Medicina (CRM). M\u00e9dicos brasileiros e estrangeiros com habilita\u00e7\u00e3o para exercer a profiss\u00e3o no Exterior tamb\u00e9m est\u00e3o eleg\u00edveis para a participa\u00e7\u00e3o. A lista completa dos munic\u00edpios contemplados, bem como o n\u00famero de vagas por munic\u00edpio, pode ser conferida\u00a0<strong><a href=\"https:\/\/www.aen.pr.gov.br\/sites\/default\/arquivos_restritos\/files\/documento\/2024-07\/0107maismedicos.pdf\" target=\"_blank\" rel=\"noreferrer noopener\">neste\u00a0documento<\/a>\u00a0<\/strong>.<\/p>\n\n\n\n<p>O secret\u00e1rio de Estado da Sa\u00fade, C\u00e9sar Neves, ressaltou a import\u00e2ncia do Mais M\u00e9dicos, ao afirmar que \u00e9 um programa imprescind\u00edvel para refor\u00e7ar a capacidade assistencial do Sistema \u00danico de Sa\u00fade (SUS), principalmente da Aten\u00e7\u00e3o Prim\u00e1ria, uma vez que \u00e9 a porta preferencial de acesso para a popula\u00e7\u00e3o aos servi\u00e7os de sa\u00fade, sobretudo em \u00e1reas de maior vulnerabilidade social que possam apresentar escassez e dificuldade de fixa\u00e7\u00e3o de profissionais.<\/p>\n\n\n\n<p>\u201cO Paran\u00e1 \u00e9 um parceiro do Mais M\u00e9dicos e acreditamos que este novo ciclo, assim como nos anteriores, ter\u00e1 uma grande ades\u00e3o\u201d, afirmou.<\/p>\n\n\n\n<p>De acordo com o Minist\u00e9rio da Sa\u00fade, o programa tem como objetivo diminuir a car\u00eancia de profissionais nas regi\u00f5es priorit\u00e1rias para o SUS, com o objetivo de reduzir as desigualdades regionais na \u00e1rea da sa\u00fade; ampliar a inser\u00e7\u00e3o do m\u00e9dico em forma\u00e7\u00e3o nas unidades de atendimento do SUS, desenvolvendo seu conhecimento sobre a realidade da sa\u00fade da popula\u00e7\u00e3o, al\u00e9m de aperfei\u00e7oar m\u00e9dicos para atua\u00e7\u00e3o nas pol\u00edticas p\u00fablicas de sa\u00fade e na organiza\u00e7\u00e3o e no funcionamento do SUS.<\/p>\n\n\n\n<p>No Paran\u00e1, 351 munic\u00edpios j\u00e1 aderiram ao programa, somando 1.334 vagas ocupadas por profissionais m\u00e9dicos.<\/p>\n\n\n\n<p>AEN<\/p>\n","protected":false},"excerpt":{"rendered":"<p>A Secretaria de Estado da Sa\u00fade (Sesa) anunciou nesta ter\u00e7a-feira (2) a abertura de 233 vagas ofertadas pelo Minist\u00e9rio da Sa\u00fade para o Programa Mais M\u00e9dicos.&nbsp;O&nbsp;novo edital,&nbsp;que d\u00e1 in\u00edcio ao 38\u00ba ciclo do programa, prev\u00ea vagas em 133 munic\u00edpios paranaenses. As inscri\u00e7\u00f5es v\u00e3o at\u00e9 as 18h deste s\u00e1bado (6) e podem ser feitas&nbsp;AQUI. Para aderir [&hellip;]<\/p>\n","protected":false},"author":2,"featured_media":59519,"comment_status":"open","ping_status":"open","sticky":false,"template":"","format":"standard","meta":{"advanced_seo_description":"","jetpack_seo_html_title":"","jetpack_seo_noindex":false,"_jetpack_memberships_contains_paid_content":false,"footnotes":""},"categories":[40],"tags":[],"class_list":{"0":"post-59518","1":"post","2":"type-post","3":"status-publish","4":"format-standard","5":"has-post-thumbnail","7":"category-destaques"},"jetpack_featured_media_url":"https:\/\/www.paranapraia.com.br\/wp-content\/uploads\/2024\/07\/image00003_2_0-scaled.jpg","jetpack_sharing_enabled":true,"_links":{"self":[{"href":"https:\/\/www.paranapraia.com.br\/index.php\/wp-json\/wp\/v2\/posts\/59518"}],"collection":[{"href":"https:\/\/www.paranapraia.com.br\/index.php\/wp-json\/wp\/v2\/posts"}],"about":[{"href":"https:\/\/www.paranapraia.com.br\/index.php\/wp-json\/wp\/v2\/types\/post"}],"author":[{"embeddable":true,"href":"https:\/\/www.paranapraia.com.br\/index.php\/wp-json\/wp\/v2\/users\/2"}],"replies":[{"embeddable":true,"href":"https:\/\/www.paranapraia.com.br\/index.php\/wp-json\/wp\/v2\/comments?post=59518"}],"version-history":[{"count":2,"href":"https:\/\/www.paranapraia.com.br\/index.php\/wp-json\/wp\/v2\/posts\/59518\/revisions"}],"predecessor-version":[{"id":59547,"href":"https:\/\/www.paranapraia.com.br\/index.php\/wp-json\/wp\/v2\/posts\/59518\/revisions\/59547"}],"wp:featuredmedia":[{"embeddable":true,"href":"https:\/\/www.paranapraia.com.br\/index.php\/wp-json\/wp\/v2\/media\/59519"}],"wp:attachment":[{"href":"https:\/\/www.paranapraia.com.br\/index.php\/wp-json\/wp\/v2\/media?parent=59518"}],"wp:term":[{"taxonomy":"category","embeddable":true,"href":"https:\/\/www.paranapraia.com.br\/index.php\/wp-json\/wp\/v2\/categories?post=59518"},{"taxonomy":"post_tag","embeddable":true,"href":"https:\/\/www.paranapraia.com.br\/index.php\/wp-json\/wp\/v2\/tags?post=59518"}],"curies":[{"name":"wp","href":"https:\/\/api.w.org\/{rel}","templated":true}]}}