{"id":59513,"date":"2024-07-02T14:09:17","date_gmt":"2024-07-02T17:09:17","guid":{"rendered":"https:\/\/www.paranapraia.com.br\/?p=59513"},"modified":"2024-07-02T14:09:19","modified_gmt":"2024-07-02T17:09:19","slug":"prefeitura-entrega-novos-kits-de-uniformes-para-agentes-comunitarios-de-saude","status":"publish","type":"post","link":"https:\/\/www.paranapraia.com.br\/index.php\/2024\/07\/02\/prefeitura-entrega-novos-kits-de-uniformes-para-agentes-comunitarios-de-saude\/","title":{"rendered":"Prefeitura entrega novos kits de uniformes para Agentes Comunit\u00e1rios de Sa\u00fade"},"content":{"rendered":"\n<p>Na sexta-feira (28), a Prefeitura de Guaratuba distribuiu novos kits de uniformes padronizados para os Agentes Comunit\u00e1rios de Sa\u00fade (ACS).<\/p>\n\n\n\n<figure class=\"wp-block-image size-large\"><img loading=\"lazy\" decoding=\"async\" width=\"1024\" height=\"682\" src=\"https:\/\/www.paranapraia.com.br\/wp-content\/uploads\/2024\/07\/1000026043-1024x682.jpg\" alt=\"\" class=\"wp-image-59515\" srcset=\"https:\/\/www.paranapraia.com.br\/wp-content\/uploads\/2024\/07\/1000026043-1024x682.jpg 1024w, https:\/\/www.paranapraia.com.br\/wp-content\/uploads\/2024\/07\/1000026043-300x200.jpg 300w, https:\/\/www.paranapraia.com.br\/wp-content\/uploads\/2024\/07\/1000026043-768x512.jpg 768w, https:\/\/www.paranapraia.com.br\/wp-content\/uploads\/2024\/07\/1000026043-696x464.jpg 696w, https:\/\/www.paranapraia.com.br\/wp-content\/uploads\/2024\/07\/1000026043-1068x712.jpg 1068w, https:\/\/www.paranapraia.com.br\/wp-content\/uploads\/2024\/07\/1000026043-scaled.jpg 800w\" sizes=\"(max-width: 1024px) 100vw, 1024px\" \/><\/figure>\n\n\n\n<p>A entrega contou com a presen\u00e7a do secret\u00e1rio da Sa\u00fade Gabriel Modesto, que destacou a import\u00e2ncia e o respeito pelo trabalho dos ACS. \u201cEles s\u00e3o a principal porta de entrada dos pacientes do SUS, e \u00e9 essencial que estejam uniformizados e identificados para o exerc\u00edcio do trabalho\u201d, afirmou.<\/p>\n\n\n\n<p><br>O novo uniforme permite a identifica\u00e7\u00e3o e a seguran\u00e7a dos agentes e da popula\u00e7\u00e3o durante as a\u00e7\u00f5es nos bairros. Cada kit, com a identifica\u00e7\u00e3o de Agentes Comunit\u00e1rios de Sa\u00fade, Prefeitura de Guaratuba e Secretaria Municipal de Sa\u00fade, inclui bolsa, camiseta, colete e bon\u00e9 com prote\u00e7\u00e3o para nuca e pesco\u00e7o.<\/p>\n\n\n\n<figure class=\"wp-block-gallery has-nested-images columns-default is-cropped wp-block-gallery-1 is-layout-flex wp-block-gallery-is-layout-flex\">\n<figure class=\"wp-block-image size-large\"><img loading=\"lazy\" decoding=\"async\" width=\"1024\" height=\"683\" data-id=\"59516\" src=\"https:\/\/www.paranapraia.com.br\/wp-content\/uploads\/2024\/07\/1000026042-1024x683.jpg\" alt=\"\" class=\"wp-image-59516\" srcset=\"https:\/\/www.paranapraia.com.br\/wp-content\/uploads\/2024\/07\/1000026042-1024x683.jpg 1024w, https:\/\/www.paranapraia.com.br\/wp-content\/uploads\/2024\/07\/1000026042-300x200.jpg 300w, https:\/\/www.paranapraia.com.br\/wp-content\/uploads\/2024\/07\/1000026042-768x512.jpg 768w, https:\/\/www.paranapraia.com.br\/wp-content\/uploads\/2024\/07\/1000026042-696x464.jpg 696w, https:\/\/www.paranapraia.com.br\/wp-content\/uploads\/2024\/07\/1000026042-1068x712.jpg 1068w, https:\/\/www.paranapraia.com.br\/wp-content\/uploads\/2024\/07\/1000026042-scaled.jpg 800w\" sizes=\"(max-width: 1024px) 100vw, 1024px\" \/><\/figure>\n<\/figure>\n\n\n\n<p> Al\u00e9m disso, para aprimorar o trabalho dos ACS, j\u00e1 foram entregues bicicletas e tablets para todos os agentes.<\/p>\n\n\n\n<p><br>Os Agentes Comunit\u00e1rios de Sa\u00fade desempenham um papel fundamental na promo\u00e7\u00e3o da sa\u00fade da popula\u00e7\u00e3o, orientando e auxiliando na preven\u00e7\u00e3o de doen\u00e7as, al\u00e9m de fortalecerem o v\u00ednculo entre a Unidade B\u00e1sica de Sa\u00fade e a comunidade.<\/p>\n\n\n\n<h1 class=\"wp-block-heading\">prefsguaratuba #guaratubapr #litoralpr #saude<\/h1>\n","protected":false},"excerpt":{"rendered":"<p>Na sexta-feira (28), a Prefeitura de Guaratuba distribuiu novos kits de uniformes padronizados para os Agentes Comunit\u00e1rios de Sa\u00fade (ACS). A entrega contou com a presen\u00e7a do secret\u00e1rio da Sa\u00fade Gabriel Modesto, que destacou a import\u00e2ncia e o respeito pelo trabalho dos ACS. \u201cEles s\u00e3o a principal porta de entrada dos pacientes do SUS, e [&hellip;]<\/p>\n","protected":false},"author":2,"featured_media":59514,"comment_status":"open","ping_status":"open","sticky":false,"template":"","format":"standard","meta":{"advanced_seo_description":"","jetpack_seo_html_title":"","jetpack_seo_noindex":false,"_jetpack_memberships_contains_paid_content":false,"footnotes":""},"categories":[99],"tags":[],"class_list":{"0":"post-59513","1":"post","2":"type-post","3":"status-publish","4":"format-standard","5":"has-post-thumbnail","7":"category-guaratuba"},"jetpack_featured_media_url":"https:\/\/www.paranapraia.com.br\/wp-content\/uploads\/2024\/07\/FB_IMG_1719940066921-scaled.jpg","jetpack_sharing_enabled":true,"_links":{"self":[{"href":"https:\/\/www.paranapraia.com.br\/index.php\/wp-json\/wp\/v2\/posts\/59513"}],"collection":[{"href":"https:\/\/www.paranapraia.com.br\/index.php\/wp-json\/wp\/v2\/posts"}],"about":[{"href":"https:\/\/www.paranapraia.com.br\/index.php\/wp-json\/wp\/v2\/types\/post"}],"author":[{"embeddable":true,"href":"https:\/\/www.paranapraia.com.br\/index.php\/wp-json\/wp\/v2\/users\/2"}],"replies":[{"embeddable":true,"href":"https:\/\/www.paranapraia.com.br\/index.php\/wp-json\/wp\/v2\/comments?post=59513"}],"version-history":[{"count":1,"href":"https:\/\/www.paranapraia.com.br\/index.php\/wp-json\/wp\/v2\/posts\/59513\/revisions"}],"predecessor-version":[{"id":59517,"href":"https:\/\/www.paranapraia.com.br\/index.php\/wp-json\/wp\/v2\/posts\/59513\/revisions\/59517"}],"wp:featuredmedia":[{"embeddable":true,"href":"https:\/\/www.paranapraia.com.br\/index.php\/wp-json\/wp\/v2\/media\/59514"}],"wp:attachment":[{"href":"https:\/\/www.paranapraia.com.br\/index.php\/wp-json\/wp\/v2\/media?parent=59513"}],"wp:term":[{"taxonomy":"category","embeddable":true,"href":"https:\/\/www.paranapraia.com.br\/index.php\/wp-json\/wp\/v2\/categories?post=59513"},{"taxonomy":"post_tag","embeddable":true,"href":"https:\/\/www.paranapraia.com.br\/index.php\/wp-json\/wp\/v2\/tags?post=59513"}],"curies":[{"name":"wp","href":"https:\/\/api.w.org\/{rel}","templated":true}]}}