{"id":59510,"date":"2024-07-02T12:27:29","date_gmt":"2024-07-02T15:27:29","guid":{"rendered":"https:\/\/www.paranapraia.com.br\/?p=59510"},"modified":"2024-07-02T12:27:31","modified_gmt":"2024-07-02T15:27:31","slug":"estado-ja-liberou-r-600-milhoes-para-municipios-adquirirem-veiculos-e-equipamentos","status":"publish","type":"post","link":"https:\/\/www.paranapraia.com.br\/index.php\/2024\/07\/02\/estado-ja-liberou-r-600-milhoes-para-municipios-adquirirem-veiculos-e-equipamentos\/","title":{"rendered":"Estado j\u00e1 liberou R$ 600 milh\u00f5es para munic\u00edpios adquirirem ve\u00edculos e equipamentos"},"content":{"rendered":"\n<p>Desde janeiro de 2019 at\u00e9 o final de junho de 2024, o Governo do Estado, por meio da Secretaria das Cidades (Secid), j\u00e1 investiu mais de R$ 600 milh\u00f5es na aquisi\u00e7\u00e3o de ve\u00edculos e equipamentos rodovi\u00e1rios para as prefeituras. Deste total, R$ 500 milh\u00f5es foram utilizados na aquisi\u00e7\u00e3o de equipamentos rodovi\u00e1rios e R$ 102 milh\u00f5es na compra de ve\u00edculos pelos poderes executivos municipais. Do montante liberado, R$ 112 milh\u00f5es foram via Sistema de Financiamento aos Munic\u00edpios (SFM) e R$ 490 milh\u00f5es a fundo perdido, ou seja, por transfer\u00eancia volunt\u00e1ria.<\/p>\n\n\n\n<p>Os ve\u00edculos comprados pelas prefeituras s\u00e3o fundamentais para a administra\u00e7\u00e3o municipal. S\u00e3o utilizados nas \u00e1reas da sa\u00fade, educa\u00e7\u00e3o, administra\u00e7\u00e3o, obras, agricultura, entre outras que necessitam diretamente dos autom\u00f3veis. J\u00e1 os equipamentos rodovi\u00e1rios compreendem, entre outros, caminh\u00f5es, tratores, retroescavadeiras, p\u00e1 carregadeiras \u2013 maquin\u00e1rios em geral para serem utilizados em obras de infraestrutura e setor agr\u00edcola.<\/p>\n\n\n\n<p>Para a secret\u00e1ria estadual das Cidades, Camila Mileke Scucato, os investimentos demonstram a preocupa\u00e7\u00e3o do Estado no desenvolvimento de todos os munic\u00edpios paranaenses. \u201cEssa \u00e9 uma determina\u00e7\u00e3o do governador Ratinho Junior, de investir diretamente nas cidades, independente do seu tamanho. A Secid tem a fun\u00e7\u00e3o de liberar os recursos aos prefeitos para realiza\u00e7\u00e3o e efetiva\u00e7\u00e3o de projetos, beneficiando o munic\u00edpio e, consequentemente, o cidad\u00e3o que ali vive\u201d, disse.<\/p>\n\n\n\n<p>Espig\u00e3o Alto do Igua\u00e7u, na regi\u00e3o Centro-Sul, \u00e9 uma das 380 cidades que receberam recursos do Estado no per\u00edodo correspondente. Recentemente a prefeitura adquiriu uma motoniveladora no valor de R$ 1.102.000,00, sendo R$ 854 mil por transfer\u00eancia volunt\u00e1ria do Governo do Estado e o restante em contrapartida municipal.<\/p>\n\n\n\n<p>O prefeito Agenor Bertoncelo ressaltou que sem a parceria com o governo seria muito dif\u00edcil a aquisi\u00e7\u00e3o do equipamento. \u201cAgrade\u00e7o muito ao Governo do Estado pela libera\u00e7\u00e3o dos recursos para a prefeitura fazer a compra de mais uma motoniveladora. Sem essa parceria com o Executivo estadual seria praticamente imposs\u00edvel o munic\u00edpio adquirir este equipamento que ser\u00e1 muito importante nas obras de infraestrutura de Espig\u00e3o Alto do Igua\u00e7u\u201d, afirmou.<\/p>\n\n\n\n<p>Tamb\u00e9m no Centro-Sul do Estado, Goioxim \u00e9 mais um munic\u00edpio que foi contemplado no in\u00edcio deste ano com recursos a fundo perdido via Secid. Com a libera\u00e7\u00e3o no valor de R$ 735.800,00, a prefeitura comprou um caminh\u00e3o com plataforma (prancha), zero quil\u00f4metro.<\/p>\n\n\n\n<p>De acordo com a prefeita Mari Terezinha da Silva, o ve\u00edculo ser\u00e1 utilizado para auxiliar o setor agr\u00edcola do munic\u00edpio. \u201cEste equipamento veio num momento crucial para o nosso munic\u00edpio que tem uma extens\u00e3o territorial grande de estradas vicinais e vem nos auxiliar, melhor atender os agricultores nas estradas rurais, pois ele consegue fazer o carregamento de m\u00e1quinas pesadas\u201d, explicou.<\/p>\n\n\n\n<p>AEN<\/p>\n","protected":false},"excerpt":{"rendered":"<p>Desde janeiro de 2019 at\u00e9 o final de junho de 2024, o Governo do Estado, por meio da Secretaria das Cidades (Secid), j\u00e1 investiu mais de R$ 600 milh\u00f5es na aquisi\u00e7\u00e3o de ve\u00edculos e equipamentos rodovi\u00e1rios para as prefeituras. Deste total, R$ 500 milh\u00f5es foram utilizados na aquisi\u00e7\u00e3o de equipamentos rodovi\u00e1rios e R$ 102 milh\u00f5es [&hellip;]<\/p>\n","protected":false},"author":2,"featured_media":59511,"comment_status":"open","ping_status":"open","sticky":false,"template":"","format":"standard","meta":{"advanced_seo_description":"","jetpack_seo_html_title":"","jetpack_seo_noindex":false,"_jetpack_memberships_contains_paid_content":false,"footnotes":""},"categories":[40],"tags":[],"class_list":{"0":"post-59510","1":"post","2":"type-post","3":"status-publish","4":"format-standard","5":"has-post-thumbnail","7":"category-destaques"},"jetpack_featured_media_url":"https:\/\/www.paranapraia.com.br\/wp-content\/uploads\/2024\/07\/whatsapp_image_2024-07-02_at_10.52.33-scaled.jpg","jetpack_sharing_enabled":true,"_links":{"self":[{"href":"https:\/\/www.paranapraia.com.br\/index.php\/wp-json\/wp\/v2\/posts\/59510"}],"collection":[{"href":"https:\/\/www.paranapraia.com.br\/index.php\/wp-json\/wp\/v2\/posts"}],"about":[{"href":"https:\/\/www.paranapraia.com.br\/index.php\/wp-json\/wp\/v2\/types\/post"}],"author":[{"embeddable":true,"href":"https:\/\/www.paranapraia.com.br\/index.php\/wp-json\/wp\/v2\/users\/2"}],"replies":[{"embeddable":true,"href":"https:\/\/www.paranapraia.com.br\/index.php\/wp-json\/wp\/v2\/comments?post=59510"}],"version-history":[{"count":1,"href":"https:\/\/www.paranapraia.com.br\/index.php\/wp-json\/wp\/v2\/posts\/59510\/revisions"}],"predecessor-version":[{"id":59512,"href":"https:\/\/www.paranapraia.com.br\/index.php\/wp-json\/wp\/v2\/posts\/59510\/revisions\/59512"}],"wp:featuredmedia":[{"embeddable":true,"href":"https:\/\/www.paranapraia.com.br\/index.php\/wp-json\/wp\/v2\/media\/59511"}],"wp:attachment":[{"href":"https:\/\/www.paranapraia.com.br\/index.php\/wp-json\/wp\/v2\/media?parent=59510"}],"wp:term":[{"taxonomy":"category","embeddable":true,"href":"https:\/\/www.paranapraia.com.br\/index.php\/wp-json\/wp\/v2\/categories?post=59510"},{"taxonomy":"post_tag","embeddable":true,"href":"https:\/\/www.paranapraia.com.br\/index.php\/wp-json\/wp\/v2\/tags?post=59510"}],"curies":[{"name":"wp","href":"https:\/\/api.w.org\/{rel}","templated":true}]}}