{"id":59496,"date":"2024-07-02T10:27:35","date_gmt":"2024-07-02T13:27:35","guid":{"rendered":"https:\/\/www.paranapraia.com.br\/?p=59496"},"modified":"2024-07-02T10:27:37","modified_gmt":"2024-07-02T13:27:37","slug":"inverno-solidario-governo-do-parana-lanca-campanha-de-arrecadacao-de-cobertores","status":"publish","type":"post","link":"https:\/\/www.paranapraia.com.br\/index.php\/2024\/07\/02\/inverno-solidario-governo-do-parana-lanca-campanha-de-arrecadacao-de-cobertores\/","title":{"rendered":"Inverno solid\u00e1rio: Governo do Paran\u00e1 lan\u00e7a campanha de arrecada\u00e7\u00e3o de cobertores"},"content":{"rendered":"\n<p>O Governo do Paran\u00e1, por meio da Rede Estadual de Ajuda Humanit\u00e1ria, lan\u00e7ou uma nova campanha para ajudar a popula\u00e7\u00e3o e os munic\u00edpios a enfrentar o inverno. Ela tem o objetivo de arrecadar exclusivamente cobertores novos ou em bom estado.<\/p>\n\n\n\n<p>Para participar da a\u00e7\u00e3o, basta levar os cobertores at\u00e9 os postos de arrecada\u00e7\u00e3o nos quart\u00e9is do Corpos de Bombeiros de todo o Paran\u00e1 at\u00e9 31 de julho. A Defesa Civil estadual ser\u00e1 respons\u00e1vel pela distribui\u00e7\u00e3o dos itens arrecadados.<\/p>\n\n\n\n<p>Segundo a primeira-dama do Paran\u00e1, Luciana Saito Massa, a A\u00e7\u00e3o de Enfrentamento ao Frio vai ajudar aqueles que est\u00e3o em situa\u00e7\u00e3o de vulnerabilidade a enfrentar o inverno rigoroso do Paran\u00e1. \u201cSabemos da for\u00e7a, dedica\u00e7\u00e3o e solidariedade que o povo paranaense carrega. As doa\u00e7\u00f5es, al\u00e9m de aquecer, levam dignidade. Esse donativo far\u00e1 a diferen\u00e7a na vida de quem receber\u201d, disse.<\/p>\n\n\n\n<p>O coordenador estadual da Defesa Civil, coronel Fernando Raimundo Schunig, citou a mobiliza\u00e7\u00e3o dos paranaenses para apoiar os ga\u00fachos como exemplo de engajamento. \u201cO povo paranaense se uniu e ajudou, com todo o cora\u00e7\u00e3o, o Rio Grande do Sul. Agora chegou o momento de darmos aux\u00edlio aos nossos irm\u00e3os paranaenses que passam por situa\u00e7\u00f5es dif\u00edceis em decorr\u00eancia do frio\u201d, afirmou.<\/p>\n\n\n\n<p>\u201cA gest\u00e3o estadual tem o importante compromisso de cuidar das pessoas. Para este momento de inverno temos diversas a\u00e7\u00f5es para proteger as pessoas que mais precisam, como o programa Incentivo Vidas Aquecidas, por exemplo, com ajuda financeira aos munic\u00edpios. E as doa\u00e7\u00f5es dos cobertores se somam a esse esfor\u00e7o\u201d, disse o secret\u00e1rio de Desenvolvimento Social e Fam\u00edlia, Rog\u00e9rio Carboni.<\/p>\n\n\n\n<p><strong>BOM ESTADO &#8211;<\/strong>\u00a0Os cobertores doados, se n\u00e3o novos, devem estar em bom estado e prontos para serem usados por quem precisa. \u201c\u00c9 momento de se colocar no lugar do pr\u00f3ximo e ter empatia para que a gente doe cobertores em bom estado, cobertores novos, para que a gente possa alavancar ainda mais a Rede Estadual de Ajuda Humanit\u00e1ria\u201d, complementou o secret\u00e1rio de Justi\u00e7a e Cidadania, Santin Roveda.<\/p>\n\n\n\n<p>O Paran\u00e1 vive atualmente a primeira grande onda de frio do ano. No domingo (30), 91% dos munic\u00edpios do Estado com algum tipo de medi\u00e7\u00e3o feita pelo \u00f3rg\u00e3o apresentaram a temperatura mais baixa do ano. O frio mais intenso foi registrado em General Carneiro, na regi\u00e3o Sul, com -3,5\u00baC.<\/p>\n\n\n\n<p>AEN<\/p>\n","protected":false},"excerpt":{"rendered":"<p>O Governo do Paran\u00e1, por meio da Rede Estadual de Ajuda Humanit\u00e1ria, lan\u00e7ou uma nova campanha para ajudar a popula\u00e7\u00e3o e os munic\u00edpios a enfrentar o inverno. Ela tem o objetivo de arrecadar exclusivamente cobertores novos ou em bom estado. Para participar da a\u00e7\u00e3o, basta levar os cobertores at\u00e9 os postos de arrecada\u00e7\u00e3o nos quart\u00e9is [&hellip;]<\/p>\n","protected":false},"author":2,"featured_media":59497,"comment_status":"open","ping_status":"open","sticky":false,"template":"","format":"standard","meta":{"advanced_seo_description":"","jetpack_seo_html_title":"","jetpack_seo_noindex":false,"_jetpack_memberships_contains_paid_content":false,"footnotes":""},"categories":[40],"tags":[],"class_list":{"0":"post-59496","1":"post","2":"type-post","3":"status-publish","4":"format-standard","5":"has-post-thumbnail","7":"category-destaques"},"jetpack_featured_media_url":"https:\/\/www.paranapraia.com.br\/wp-content\/uploads\/2024\/07\/capa-1-scaled.jpg","jetpack_sharing_enabled":true,"_links":{"self":[{"href":"https:\/\/www.paranapraia.com.br\/index.php\/wp-json\/wp\/v2\/posts\/59496"}],"collection":[{"href":"https:\/\/www.paranapraia.com.br\/index.php\/wp-json\/wp\/v2\/posts"}],"about":[{"href":"https:\/\/www.paranapraia.com.br\/index.php\/wp-json\/wp\/v2\/types\/post"}],"author":[{"embeddable":true,"href":"https:\/\/www.paranapraia.com.br\/index.php\/wp-json\/wp\/v2\/users\/2"}],"replies":[{"embeddable":true,"href":"https:\/\/www.paranapraia.com.br\/index.php\/wp-json\/wp\/v2\/comments?post=59496"}],"version-history":[{"count":1,"href":"https:\/\/www.paranapraia.com.br\/index.php\/wp-json\/wp\/v2\/posts\/59496\/revisions"}],"predecessor-version":[{"id":59498,"href":"https:\/\/www.paranapraia.com.br\/index.php\/wp-json\/wp\/v2\/posts\/59496\/revisions\/59498"}],"wp:featuredmedia":[{"embeddable":true,"href":"https:\/\/www.paranapraia.com.br\/index.php\/wp-json\/wp\/v2\/media\/59497"}],"wp:attachment":[{"href":"https:\/\/www.paranapraia.com.br\/index.php\/wp-json\/wp\/v2\/media?parent=59496"}],"wp:term":[{"taxonomy":"category","embeddable":true,"href":"https:\/\/www.paranapraia.com.br\/index.php\/wp-json\/wp\/v2\/categories?post=59496"},{"taxonomy":"post_tag","embeddable":true,"href":"https:\/\/www.paranapraia.com.br\/index.php\/wp-json\/wp\/v2\/tags?post=59496"}],"curies":[{"name":"wp","href":"https:\/\/api.w.org\/{rel}","templated":true}]}}