{"id":59493,"date":"2024-07-02T09:14:46","date_gmt":"2024-07-02T12:14:46","guid":{"rendered":"https:\/\/www.paranapraia.com.br\/?p=59493"},"modified":"2024-07-02T09:14:48","modified_gmt":"2024-07-02T12:14:48","slug":"festival-de-inverno-gastronomia-e-festas-animam-o-calendario-turistico-do-parana-em-julho","status":"publish","type":"post","link":"https:\/\/www.paranapraia.com.br\/index.php\/2024\/07\/02\/festival-de-inverno-gastronomia-e-festas-animam-o-calendario-turistico-do-parana-em-julho\/","title":{"rendered":"Festival de inverno, gastronomia e festas animam o calend\u00e1rio tur\u00edstico do Paran\u00e1 em julho"},"content":{"rendered":"\n<p>O calend\u00e1rio tur\u00edstico do Paran\u00e1 est\u00e1 repleto de atra\u00e7\u00f5es em julho. S\u00e3o destaques os festivais de inverno e de dan\u00e7a, ambos em Curitiba, e o festival de m\u00fasica, em Londrina, al\u00e9m do Cianorte Festival, no Noroeste do Paran\u00e1, com shows e muitas atra\u00e7\u00f5es. O calend\u00e1rio tamb\u00e9m traz as tradicionais festas nos munic\u00edpios para comemorar datas marcantes, movimentando a economia das cidades e regi\u00f5es.<\/p>\n\n\n\n<p>O Governo do Paran\u00e1 reuniu,&nbsp;em&nbsp;<strong><a href=\"https:\/\/www.parana.pr.gov.br\/Turismo-de-inverno\" target=\"_blank\" rel=\"noreferrer noopener\">um \u00fanico site<\/a><\/strong>, diversas op\u00e7\u00f5es de destinos tur\u00edsticos para aproveitar ao m\u00e1ximo os principais atrativos e destinos. J\u00e1 as op\u00e7\u00f5es de turismo para o frio est\u00e3o no site&nbsp;<a href=\"https:\/\/www.viajeparana.com\/\" target=\"_blank\" rel=\"noreferrer noopener\"><strong>www.viajeparana.org.br<\/strong><\/a>&nbsp;e contemplam gastronomia, rotas de vinhos, resorts de \u00e1guas termais, montanhismo e outras dicas.<\/p>\n\n\n\n<p>No Litoral, o Festival de Gastronomia Cai\u00e7ara movimenta a regi\u00e3o de Pontal do Paran\u00e1 at\u00e9 a pr\u00f3xima sexta-feira, dia 5, com op\u00e7\u00f5es diversas de pratos de restaurantes parceiros. J\u00e1 a Festa da Tainha \u00e9 op\u00e7\u00e3o do turismo em Paranagu\u00e1, at\u00e9 dia 7, e na Ilha do Mel durante todo o m\u00eas.<\/p>\n\n\n\n<p>O munic\u00edpio de\u00a0Boa Esperan\u00e7a, no Oeste, realiza a 24\u00aa edi\u00e7\u00e3o da Festa da Vaca Atolada, prato t\u00edpico regional \u00e0 base costela de boi e mandioca, que remonta \u00e0s origens da cidade. O evento acontece em 28 de julho com muitas apresenta\u00e7\u00f5es musicais. A expectativa \u00e9 superar o n\u00famero de 4 mil convites vendidos no ano passado.<\/p>\n\n\n\n<p><strong>CAPITAL&nbsp;<\/strong>\u2013 Em Curitiba, conhecida como a capital mais fria do Brasil, acontece o Festival de Inverno do Centro Hist\u00f3rico, de 26 de julho a 4 de agosto. A 12\u00aa edi\u00e7\u00e3o do evento mobiliza bares, restaurantes e outros estabelecimentos desta \u00e1rea da cidade, onde est\u00e3o igrejas centen\u00e1rias, monumentos, Casa da Mem\u00f3ria. S\u00e3o ofertadas atividades culturais, m\u00fasica, apresenta\u00e7\u00f5es de dan\u00e7a, teatro, feiras de artesanato e gastronomia t\u00edpica, al\u00e9m de outras atra\u00e7\u00f5es especiais, como visitas guiadas gratuitas em pontos hist\u00f3ricos.<\/p>\n\n\n\n<p>A Capital tamb\u00e9m sediar\u00e1 mais uma etapa do&nbsp;Muscle Contest International, um dos maiores eventos de fisiculturismo, de 19 a 21 de julho.<\/p>\n\n\n\n<p><strong>M\u00daSICA E DAN\u00c7AS&nbsp;<\/strong>\u2013<strong>&nbsp;<\/strong>Logo no come\u00e7o do m\u00eas, de sexta-feira a domingo (5 a 7), ser\u00e1 realizado, tamb\u00e9m em Curitiba, a 21\u00aa edi\u00e7\u00e3o do FIH2 \u2013 Festival Internacional de Dan\u00e7as Urbanas. O evento re\u00fane mais de 100 grupos de dan\u00e7a do Brasil e Am\u00e9rica do Sul. Mais de 2 mil dan\u00e7arinos profissionais far\u00e3o performances ligadas ao hip-hop e g\u00eaneros urbanos diretamente ao palco do Teatro Positivo.<\/p>\n\n\n\n<p>J\u00e1 a regi\u00e3o Norte do Paran\u00e1 recebe a 44\u00aa edi\u00e7\u00e3o do Festival Internacional de M\u00fasica de Londrina, de 13 a 21 de julho. Promovido pelo Governo do Estado, Prefeitura de Londrina e outras institui\u00e7\u00f5es, o Festival dever\u00e1 receber mais de 35 mil pessoas, segundo prev\u00ea a organiza\u00e7\u00e3o.<\/p>\n\n\n\n<p>No Noroeste, o agito fica por conta do Cianorte Festival, de 19 a 28 de julho, parte das comemora\u00e7\u00f5es dos 71 anos da cidade. S\u00e3o shows, atra\u00e7\u00f5es culturais, desfiles, comida t\u00edpica, expositores e parque de divers\u00f5es na regi\u00e3o do Novo Centro. A expectativa \u00e9 superar o p\u00fablico e movimenta\u00e7\u00e3o financeira da \u00faltima edi\u00e7\u00e3o, que contou com mais 183 mil pessoas e movimentou R$ 4,5 milh\u00f5es.<\/p>\n\n\n\n<p>J\u00e1 em Juranda (Centro-Oeste), acontece a Expojur 2024, de 19 a 21, no Centro Municipal de Eventos. A festa tem rodeios, pra\u00e7a de alimenta\u00e7\u00e3o, atra\u00e7\u00f5es culturais e shows.<\/p>\n\n\n\n<p><strong>TURISMO DE PESCA&nbsp;<\/strong>\u2013&nbsp;Nos dias 12 e 13, Guaratuba (Litoral) recebe a 18\u00aa edi\u00e7\u00e3o do Festival Sul Brasileiro de Pesca, no trapiche da popular Pra\u00e7a dos Namorados. O evento vai reunir competidores e entusiastas da pesca esportiva de todo o Brasil.<\/p>\n\n\n\n<p>Dos dias 18 a 21, Iretama (Centro-Oeste), comemora seu 64\u00ba ano de emancipa\u00e7\u00e3o pol\u00edtica com festa t\u00edpica, alegrada por show, alimenta\u00e7\u00e3o, rodeios, prova do tambor, cavalgadas e outras apresenta\u00e7\u00f5es culturais.&nbsp;A programa\u00e7\u00e3o toma conta do Parque de Exposi\u00e7\u00f5es do munic\u00edpio, com expectativa de atrair uma m\u00e9dia de 12 mil pessoas por dia de evento.<\/p>\n\n\n\n<p>Outra comemora\u00e7\u00e3o&nbsp;\u00e9 em&nbsp;Marumbi (Norte) que completa 64 anos de emancipa\u00e7\u00e3o com uma s\u00e9rie de eventos na Pra\u00e7a Central, dos dias 26 a 28. Mais de 4 mil moradores e turistas podem aproveitar shows, apresenta\u00e7\u00f5es e comida tradicional do munic\u00edpio.<\/p>\n\n\n\n<p><strong>Confira a lista dos eventos e datas:<\/strong><\/p>\n\n\n\n<p>At\u00e9 5 de julho \u2013 Festa da Tainha \u2013 Pontal do Paran\u00e1<\/p>\n\n\n\n<p>At\u00e9 7 de julho \u2013 Festa da Tainha \u2013 Paranagu\u00e1<\/p>\n\n\n\n<p>Dias 1 a 31&nbsp;de julho \u2013&nbsp;Festa da Tainha&nbsp;\u2013&nbsp; Ilha do Mel<\/p>\n\n\n\n<p>Dias 5 a 7 de julho \u2013 FIH2 \u2013 Festival Internacional de Dan\u00e7as Urbanas \u2013 Curitiba<\/p>\n\n\n\n<p>Dias 12 e 13 de julho \u2013 Festival Sul Brasileiro de Pesca \u2013 Guaratuba<\/p>\n\n\n\n<p>Dias 13 a 21 de julho \u2013 Festival de Musica de Londrina &nbsp;&nbsp;&nbsp;<\/p>\n\n\n\n<p>Dias 18 a 21 de julho \u2013 Comemora\u00e7\u00e3o de Emancipa\u00e7\u00e3o Pol\u00edtica de Iretama<\/p>\n\n\n\n<p>Dias 19 a 28 de julho \u2013 Cianorte Festival&nbsp;<\/p>\n\n\n\n<p>Dias 19 a 21 de julho \u2013 Muscle Contest International \u2013 Curitiba<\/p>\n\n\n\n<p>Dias 19 a 21 de julho \u2013 Expojur \u2013 Juranda<\/p>\n\n\n\n<p>Dias 26 a 28 de julho \u2013 Comemora\u00e7\u00e3o de Emancipa\u00e7\u00e3o Pol\u00edtica de Marumbi<\/p>\n\n\n\n<p>Dias 26 de julho a 04 de agosto \u2013 14\u00ba Festival de Inverno de Curitiba<\/p>\n\n\n\n<p>Dia 28 de julho \u2013 24\u00aa Festa da Vaca Atolada \u2013 Boa Esperan\u00e7a<\/p>\n\n\n\n<p><\/p>\n\n\n\n<p>AEN<\/p>\n","protected":false},"excerpt":{"rendered":"<p>O calend\u00e1rio tur\u00edstico do Paran\u00e1 est\u00e1 repleto de atra\u00e7\u00f5es em julho. S\u00e3o destaques os festivais de inverno e de dan\u00e7a, ambos em Curitiba, e o festival de m\u00fasica, em Londrina, al\u00e9m do Cianorte Festival, no Noroeste do Paran\u00e1, com shows e muitas atra\u00e7\u00f5es. O calend\u00e1rio tamb\u00e9m traz as tradicionais festas nos munic\u00edpios para comemorar datas [&hellip;]<\/p>\n","protected":false},"author":2,"featured_media":59494,"comment_status":"open","ping_status":"open","sticky":false,"template":"","format":"standard","meta":{"advanced_seo_description":"","jetpack_seo_html_title":"","jetpack_seo_noindex":false,"_jetpack_memberships_contains_paid_content":false,"footnotes":""},"categories":[40],"tags":[],"class_list":{"0":"post-59493","1":"post","2":"type-post","3":"status-publish","4":"format-standard","5":"has-post-thumbnail","7":"category-destaques"},"jetpack_featured_media_url":"https:\/\/www.paranapraia.com.br\/wp-content\/uploads\/2024\/07\/cianorte_festival_creditos_prefeitura_de_cianorte_3-scaled.jpg","jetpack_sharing_enabled":true,"_links":{"self":[{"href":"https:\/\/www.paranapraia.com.br\/index.php\/wp-json\/wp\/v2\/posts\/59493"}],"collection":[{"href":"https:\/\/www.paranapraia.com.br\/index.php\/wp-json\/wp\/v2\/posts"}],"about":[{"href":"https:\/\/www.paranapraia.com.br\/index.php\/wp-json\/wp\/v2\/types\/post"}],"author":[{"embeddable":true,"href":"https:\/\/www.paranapraia.com.br\/index.php\/wp-json\/wp\/v2\/users\/2"}],"replies":[{"embeddable":true,"href":"https:\/\/www.paranapraia.com.br\/index.php\/wp-json\/wp\/v2\/comments?post=59493"}],"version-history":[{"count":1,"href":"https:\/\/www.paranapraia.com.br\/index.php\/wp-json\/wp\/v2\/posts\/59493\/revisions"}],"predecessor-version":[{"id":59495,"href":"https:\/\/www.paranapraia.com.br\/index.php\/wp-json\/wp\/v2\/posts\/59493\/revisions\/59495"}],"wp:featuredmedia":[{"embeddable":true,"href":"https:\/\/www.paranapraia.com.br\/index.php\/wp-json\/wp\/v2\/media\/59494"}],"wp:attachment":[{"href":"https:\/\/www.paranapraia.com.br\/index.php\/wp-json\/wp\/v2\/media?parent=59493"}],"wp:term":[{"taxonomy":"category","embeddable":true,"href":"https:\/\/www.paranapraia.com.br\/index.php\/wp-json\/wp\/v2\/categories?post=59493"},{"taxonomy":"post_tag","embeddable":true,"href":"https:\/\/www.paranapraia.com.br\/index.php\/wp-json\/wp\/v2\/tags?post=59493"}],"curies":[{"name":"wp","href":"https:\/\/api.w.org\/{rel}","templated":true}]}}